{"headers": {"id": "ID", "periodo": "Per\u00edodo", "titulo": "Mat\u00e9ria", "autor": "Autor", "ementa": "Ementa", "situacao": "Situa\u00e7\u00e3o"}, "results": [{"id": 2360, "periodo": "ordem dia", "titulo": "Requerimento n\u00ba 87 de 2026", "autor": "Genival da Sa\u00fade", "ementa": "No sentido de que seja feita a pavimenta\u00e7\u00e3o em paralelep\u00edpedos na Rua Manoel Ger\u00f4nimo da Silva, por tr\u00e1s do a\u00e7ougue p\u00fablico da Vila de Trapi\u00e1. (C\u00f3digo de Logradouro: 142).", "situacao": "Mat\u00e9ria colocada em vota\u00e7\u00e3o"}, {"id": 2361, "periodo": "ordem dia", "titulo": "Requerimento n\u00ba 88 de 2026", "autor": "Genival da Sa\u00fade", "ementa": "No sentido de que seja feito o saneamento na Rua Manoel Ger\u00f4nimo da Silva, por tr\u00e1s do a\u00e7ougue p\u00fablico da Vila de Trapi\u00e1. (C\u00f3digo de Logradouro: 142).", "situacao": "Mat\u00e9ria colocada em vota\u00e7\u00e3o"}, {"id": 2362, "periodo": "ordem dia", "titulo": "Requerimento n\u00ba 89 de 2026", "autor": "Genival da Sa\u00fade", "ementa": "No sentido de que sejam constru\u00eddos dois banheiros p\u00fablicos com acessibilidade no Cemit\u00e9rio Frei Dami\u00e3o, na Vila Trapi\u00e1.", "situacao": "Mat\u00e9ria colocada em vota\u00e7\u00e3o"}, {"id": 2363, "periodo": "ordem dia", "titulo": "Requerimento n\u00ba 90 de 2026", "autor": "Genival da Sa\u00fade", "ementa": "No sentido de que seja feita a aquisi\u00e7\u00e3o de 8 macas de ambul\u00e2ncia para a Unidade Mista Jo\u00e3o Soares da Fonseca.", "situacao": "Mat\u00e9ria colocada em vota\u00e7\u00e3o"}, {"id": 2364, "periodo": "ordem dia", "titulo": "Requerimento n\u00ba 91 de 2026", "autor": "Genival da Sa\u00fade", "ementa": "No sentido de que seja feita a constru\u00e7\u00e3o de uma pra\u00e7a p\u00fablica, ou Academia da Sa\u00fade, na comunidade de Lagoa de Tr\u00eas Irm\u00e3os.", "situacao": "Mat\u00e9ria colocada em vota\u00e7\u00e3o"}, {"id": 2384, "periodo": "ordem dia", "titulo": "Requerimento n\u00ba 108 de 2026", "autor": "Abenildo da Ramada", "ementa": "No sentido de que seja feita a liga\u00e7\u00e3o de \u00e1gua no S\u00edtio Trapi\u00e1 inteiro.", "situacao": "Mat\u00e9ria colocada em vota\u00e7\u00e3o"}, {"id": 2385, "periodo": "ordem dia", "titulo": "Requerimento n\u00ba 109 de 2026", "autor": "Abenildo da Ramada", "ementa": "No sentido de que seja feita a pavimenta\u00e7\u00e3o em paralelep\u00edpedos na subida de Alzira at\u00e9 o Cruzeiro do Santo Ant\u00f4nio. (c\u00f3digo de logradouro: 190).", "situacao": "Mat\u00e9ria colocada em vota\u00e7\u00e3o"}, {"id": 2386, "periodo": "ordem dia", "titulo": "Requerimento n\u00ba 110 de 2026", "autor": "Abenildo da Ramada", "ementa": "No sentido de que seja feita a pavimenta\u00e7\u00e3o asf\u00e1ltica na Vila Palmat\u00f3ria.", "situacao": "Mat\u00e9ria colocada em vota\u00e7\u00e3o"}, {"id": 2387, "periodo": "ordem dia", "titulo": "Requerimento n\u00ba 111 de 2026", "autor": "Abenildo da Ramada", "ementa": "No sentido de que seja feita a pavimenta\u00e7\u00e3o em paralelep\u00edpedos no Cemit\u00e9rio Frei Dami\u00e3o na Vila Trapi\u00e1, tendo in\u00edcio no port\u00e3o de entrada e se estendendo at\u00e9 a frente da igrejinha.", "situacao": "Mat\u00e9ria colocada em vota\u00e7\u00e3o"}, {"id": 2389, "periodo": "ordem dia", "titulo": "Requerimento n\u00ba 113 de 2026", "autor": "Pastor Gustavo Lucena", "ementa": "No sentido de que seja feita a constru\u00e7\u00e3o de um vesti\u00e1rio no campo municipal, no S\u00edtio Pororoca, conhecido como \u201cCampo do Jatob\u00e1\u201d.", "situacao": "Mat\u00e9ria colocada em vota\u00e7\u00e3o"}, {"id": 2390, "periodo": "ordem dia", "titulo": "Requerimento n\u00ba 114 de 2026", "autor": "Pastor Gustavo Lucena", "ementa": "No sentido de que seja feita a pavimenta\u00e7\u00e3o em paralelep\u00edpedos na Vila Rangel, do ponto de \u00f4nibus at\u00e9 a entrada da Vila.", "situacao": "Mat\u00e9ria colocada em vota\u00e7\u00e3o"}, {"id": 2391, "periodo": "ordem dia", "titulo": "Requerimento n\u00ba 115 de 2026", "autor": "Pastor Gustavo Lucena", "ementa": "No sentido de que seja feita a pavimenta\u00e7\u00e3o em paralelep\u00edpedos na Rua Samuel Ferreira, com refer\u00eancia onde morava o Sr. Garfo de Ouro. (C\u00f3digo de logradouro: 050).", "situacao": "Mat\u00e9ria colocada em vota\u00e7\u00e3o"}, {"id": 2392, "periodo": "ordem dia", "titulo": "Requerimento n\u00ba 116 de 2026", "autor": "Pastor Gustavo Lucena", "ementa": "No sentido de que seja feita a limpeza do esgoto do bairro do Alto do Jiquiri, neste munic\u00edpio.", "situacao": "Mat\u00e9ria colocada em vota\u00e7\u00e3o"}, {"id": 2393, "periodo": "ordem dia", "titulo": "Requerimento n\u00ba 117 de 2026", "autor": "Pastor Gustavo Lucena", "ementa": "No sentido de que seja constru\u00eddo um ponto de \u00f4nibus na subida do Vitorino, pr\u00f3ximo \u00e0 casa de \u2018Nadja\u2019.", "situacao": "Mat\u00e9ria colocada em vota\u00e7\u00e3o"}, {"id": 2394, "periodo": "ordem dia", "titulo": "Requerimento n\u00ba 118 de 2026", "autor": "Dinho da Sa\u00fade", "ementa": "No sentido de que seja providenciada a constru\u00e7\u00e3o de um reservat\u00f3rio de \u00e1gua no Cemit\u00e9rio da Vila do Vitorino, neste munic\u00edpio.", "situacao": "Mat\u00e9ria colocada em vota\u00e7\u00e3o"}, {"id": 2395, "periodo": "ordem dia", "titulo": "Requerimento n\u00ba 119 de 2026", "autor": "Dinho da Sa\u00fade", "ementa": "No sentido de que seja feita a pavimenta\u00e7\u00e3o em paralelep\u00edpedos na Rua Padre Edson, localizada nesta cidade, ao lado da Compesa.", "situacao": "Mat\u00e9ria colocada em vota\u00e7\u00e3o"}, {"id": 2396, "periodo": "ordem dia", "titulo": "Requerimento n\u00ba 120 de 2026", "autor": "Dinho da Sa\u00fade", "ementa": "No sentido de que seja feito o saneamento e pavimenta\u00e7\u00e3o em paralelep\u00edpedos onde mora \u2018V\u00e2nia\u2019 (agente de sa\u00fade), at\u00e9 Sebasti\u00e3o de Arnaldo, na Vila Atalaia.", "situacao": "Mat\u00e9ria colocada em vota\u00e7\u00e3o"}, {"id": 2397, "periodo": "ordem dia", "titulo": "Requerimento n\u00ba 121 de 2026", "autor": "Tiago do Rangel", "ementa": "No sentindo de que seja feita a pavimenta\u00e7\u00e3o em paralelep\u00edpedos complementando a Av. Ant\u00f4nio Rosendo de Lima, na Vila Pinh\u00f5es, na lateral da igreja. \r\n(C\u00f3digo de Logradouro: 163).", "situacao": "Mat\u00e9ria colocada em vota\u00e7\u00e3o"}, {"id": 2398, "periodo": "ordem dia", "titulo": "Requerimento n\u00ba 122 de 2026", "autor": "Tiago do Rangel", "ementa": "No sentindo de que sejam feitas duas lombadas na Rua Sebasti\u00e3o Jos\u00e9 de Lima, Bairro Celestino Ferreira. (C\u00f3digo de Logradouro: 101).", "situacao": "Mat\u00e9ria colocada em vota\u00e7\u00e3o"}, {"id": 2399, "periodo": "ordem dia", "titulo": "Requerimento n\u00ba 123 de 2026", "autor": "Tiago do Rangel", "ementa": "No sentido de que seja instalado sistema de monitoramento de v\u00eddeo no Espa\u00e7o Cidadania.", "situacao": "Mat\u00e9ria colocada em vota\u00e7\u00e3o"}, {"id": 2400, "periodo": "ordem dia", "titulo": "Requerimento n\u00ba 124 de 2026", "autor": "Tiago do Rangel", "ementa": "No sentindo de que seja instalado ar-condicionado na escola Jos\u00e9 Ferreira da Silva, no S\u00edtio Bento.", "situacao": "Mat\u00e9ria colocada em vota\u00e7\u00e3o"}, {"id": 2401, "periodo": "ordem dia", "titulo": "Requerimento n\u00ba 125 de 2026", "autor": "Tiago do Rangel", "ementa": "No sentido de que seja feita a requalifica\u00e7\u00e3o e moderniza\u00e7\u00e3o do audit\u00f3rio M\u00e1rio da Mota Limeira e instala\u00e7\u00e3o de um sistema de sonoriza\u00e7\u00e3o moderno e um tel\u00e3o multim\u00eddia, visando melhorar as condi\u00e7\u00f5es para a realiza\u00e7\u00e3o de reuni\u00f5es, palestras e semin\u00e1rios no local.", "situacao": "Mat\u00e9ria colocada em vota\u00e7\u00e3o"}, {"id": 2402, "periodo": "ordem dia", "titulo": "Requerimento n\u00ba 126 de 2026", "autor": "Leandro da Sa\u00fade", "ementa": "No sentido de que seja feita a requalifica\u00e7\u00e3o da pavimenta\u00e7\u00e3o em paralelep\u00edpedos da PE-95 at\u00e9 a Vila do Vitorino.", "situacao": "Mat\u00e9ria colocada em vota\u00e7\u00e3o"}, {"id": 2403, "periodo": "ordem dia", "titulo": "Requerimento n\u00ba 127 de 2026", "autor": "Professor Z\u00e9 Carlos", "ementa": "No sentido de que seja concedido o reajuste do valor referente a ajuda de custo aos operadores dos dessalinizadores do munic\u00edpio.", "situacao": "Mat\u00e9ria colocada em vota\u00e7\u00e3o"}, {"id": 2404, "periodo": "ordem dia", "titulo": "Requerimento n\u00ba 128 de 2026", "autor": "Professor Z\u00e9 Carlos", "ementa": "No sentido de que seja feita a reforma na estrutura do a\u00e7ougue p\u00fablico da Vila Pinh\u00f5es.", "situacao": "Mat\u00e9ria colocada em vota\u00e7\u00e3o"}, {"id": 2405, "periodo": "ordem dia", "titulo": "Requerimento n\u00ba 129 de 2026", "autor": "Professor Z\u00e9 Carlos", "ementa": "No sentido de que seja feita a complementa\u00e7\u00e3o da pavimenta\u00e7\u00e3o em paralelep\u00edpedos da Rua Inoc\u00eancio Adelino Oliveira, com in\u00edcio da sa\u00edda de Pinh\u00f5es \r\n(sentido Couro D\u2019antas) at\u00e9 a casa do \u2018Sr. Manoel Quixaba\u2019, logo ap\u00f3s o cemit\u00e9rio municipal. (C\u00f3digo de logradouro: 170).", "situacao": "Mat\u00e9ria colocada em vota\u00e7\u00e3o"}, {"id": 2406, "periodo": "ordem dia", "titulo": "Requerimento n\u00ba 130 de 2026", "autor": "Professor Z\u00e9 Carlos", "ementa": "No sentindo de que seja feita a pavimenta\u00e7\u00e3o em paralelep\u00edpedos e o saneamento no trecho que inicia em frente \u00e0 casa de \u2018Rafael de Herme\u2019 at\u00e9 o trevo do Bar de \u2018Galego\u2019, na Vila Patos.", "situacao": "Mat\u00e9ria colocada em vota\u00e7\u00e3o"}, {"id": 2407, "periodo": "ordem dia", "titulo": "Requerimento n\u00ba 131 de 2026", "autor": "Professor Z\u00e9 Carlos", "ementa": "No sentido de que seja feita a reforma no matadouro Municipal da Vila Pinh\u00f5es.", "situacao": "Mat\u00e9ria colocada em vota\u00e7\u00e3o"}, {"id": 2413, "periodo": "expediente", "titulo": "Ata da Sess\u00e3o Ordin\u00e1ria n\u00ba 6 de 2026", "autor": "", "ementa": "Ata da 05\u00aa Sess\u00e3o Ordin\u00e1ria da 2\u00aa Sess\u00e3o Legislativa da 17\u00aa Legislatura.", "situacao": "Mat\u00e9ria colocada em vota\u00e7\u00e3o"}, {"id": 2408, "periodo": "expediente", "titulo": "Projeto de Lei do Executivo n\u00ba 3 de 2026", "autor": "Diocl\u00e9cio Rosendo de Lima Filho - Prefeito", "ementa": "Disp\u00f5e acerca do piso salarial dos Agentes Comunit\u00e1rios de Sa\u00fade - ACS e dos Agentes de Combate \u00e0s Endemias \u2013 ACE, e d\u00e1 outras provid\u00eancias.", "situacao": "Mat\u00e9ria para leitura no plen\u00e1rio"}, {"id": 2409, "periodo": "expediente", "titulo": "Requerimento n\u00ba 132 de 2026", "autor": "Professor Z\u00e9 Carlos", "ementa": "No sentido de que o Prefeito Municipal encaminhe pedido \u00e0 Companhia Pernambucana de Saneamento (COMPESA) para avaliar a viabilidade de extens\u00e3o da rede de \u00e1gua encanada at\u00e9 o S\u00edtio Ch\u00e3 Comprida. Al\u00e9m disso, solicito que sejam envidados esfor\u00e7os para celebrar uma parceria entre a Prefeitura Municipal e a COMPESA, visando garantir a implementa\u00e7\u00e3o do projeto e a efetiva entrega de \u00e1gua encanada aos moradores do referido s\u00edtio.", "situacao": "Mat\u00e9ria para leitura no plen\u00e1rio"}, {"id": 2410, "periodo": "expediente", "titulo": "Requerimento n\u00ba 133 de 2026", "autor": "Professor Z\u00e9 Carlos", "ementa": "No sentido de que o Prefeito Municipal encaminhe pedido \u00e0 Companhia Pernambucana de Saneamento (COMPESA) para avaliar a viabilidade de extens\u00e3o da rede de \u00e1gua encanada at\u00e9 o S\u00edtio Vila Nova. Al\u00e9m disso, solicito que sejam envidados esfor\u00e7os para celebrar uma parceria entre a Prefeitura Municipal e a COMPESA, visando garantir a implementa\u00e7\u00e3o do projeto e a efetiva entrega de \u00e1gua encanada aos moradores do referido s\u00edtio.", "situacao": "Mat\u00e9ria para leitura no plen\u00e1rio"}, {"id": 2411, "periodo": "expediente", "titulo": "Requerimento n\u00ba 134 de 2026", "autor": "Professor Z\u00e9 Carlos", "ementa": "No sentido de que o Prefeito Municipal encaminhe pedido \u00e0 Companhia Pernambucana de Saneamento (COMPESA) para avaliar a viabilidade de extens\u00e3o da rede de \u00e1gua encanada at\u00e9 o S\u00edtio Estaleiro. Al\u00e9m disso, solicito que sejam envidados esfor\u00e7os para celebrar uma parceria entre a Prefeitura Municipal e a COMPESA, visando garantir a implementa\u00e7\u00e3o do projeto e a efetiva entrega de \u00e1gua encanada aos moradores do referido s\u00edtio.", "situacao": "Mat\u00e9ria para leitura no plen\u00e1rio"}, {"id": 2412, "periodo": "expediente", "titulo": "Requerimento n\u00ba 135 de 2026", "autor": "Professor Z\u00e9 Carlos", "ementa": "No sentido de que o Prefeito Municipal encaminhe pedido \u00e0 Companhia Pernambucana de Saneamento (COMPESA) para avaliar a viabilidade de extens\u00e3o da rede de \u00e1gua encanada at\u00e9 a Vila Patos. Al\u00e9m disso, solicito que sejam envidados esfor\u00e7os para celebrar uma parceria entre a Prefeitura Municipal e a COMPESA, visando garantir a implementa\u00e7\u00e3o do projeto e a efetiva entrega de \u00e1gua encanada aos moradores da referida Vila.", "situacao": "Mat\u00e9ria para leitura no plen\u00e1rio"}, {"id": 2414, "periodo": "expediente", "titulo": "Requerimento n\u00ba 136 de 2026", "autor": "Professor Z\u00e9 Carlos", "ementa": "No sentido de que o Prefeito Municipal encaminhe pedido \u00e0 Companhia Pernambucana de Saneamento (COMPESA) para avaliar a viabilidade de extens\u00e3o da rede de \u00e1gua encanada at\u00e9 o S\u00edtio Logradouro. Al\u00e9m disso, solicito que sejam envidados esfor\u00e7os para celebrar uma parceria entre a Prefeitura Municipal e a COMPESA, visando garantir a implementa\u00e7\u00e3o do projeto e a efetiva entrega de \u00e1gua encanada aos moradores do referido S\u00edtio.", "situacao": "Mat\u00e9ria para leitura no plen\u00e1rio"}, {"id": 2415, "periodo": "expediente", "titulo": "Requerimento n\u00ba 137 de 2026", "autor": "Pastor Gustavo Lucena", "ementa": "No sentindo de que seja feito um quebra-molas na Rua Jo\u00e3o Ivanildo Hip\u00f3lito de Medeiros, Rua ao lado da casa de Dr. Diocl\u00e9cio. (C\u00f3digo de Logradouro: 09).", "situacao": "Mat\u00e9ria para leitura no plen\u00e1rio"}, {"id": 2416, "periodo": "expediente", "titulo": "Requerimento n\u00ba 138 de 2026", "autor": "Pastor Gustavo Lucena", "ementa": "No sentido de que o Poder Executivo encaminhe \u00e0 C\u00e2mara Municipal um Projeto de Lei instituindo um programa de incentivo financeiro no valor de R$ 100,00 mensais para os estudantes da Educa\u00e7\u00e3o de Jovens e Adultos (EJA).", "situacao": "Mat\u00e9ria para leitura no plen\u00e1rio"}, {"id": 2417, "periodo": "expediente", "titulo": "Requerimento n\u00ba 139 de 2026", "autor": "Pastor Gustavo Lucena", "ementa": "No sentido de que seja feita a pavimenta\u00e7\u00e3o em paralelep\u00edpedos da Rua do S\u00edtio Lagoa dos Coelhos.", "situacao": "Mat\u00e9ria para leitura no plen\u00e1rio"}, {"id": 2418, "periodo": "expediente", "titulo": "Requerimento n\u00ba 140 de 2026", "autor": "Pastor Gustavo Lucena", "ementa": "No sentido de que seja feita a constru\u00e7\u00e3o de um banheiro no CRAS, neste munic\u00edpio.", "situacao": "Mat\u00e9ria para leitura no plen\u00e1rio"}, {"id": 2419, "periodo": "expediente", "titulo": "Requerimento n\u00ba 141 de 2026", "autor": "Pastor Gustavo Lucena", "ementa": "No sentido de que sejam fortalecidos projetos e programas para o p\u00fablico jovem visando o protagonismo social e econ\u00f4mico.", "situacao": "Mat\u00e9ria para leitura no plen\u00e1rio"}, {"id": 2420, "periodo": "expediente", "titulo": "Requerimento n\u00ba 142 de 2026", "autor": "Tiago do Rangel", "ementa": "No sentido de que seja feita a coloca\u00e7\u00e3o de equipamentos para pr\u00e1ticas de exerc\u00edcio f\u00edsico na Vila Rangel.", "situacao": "Mat\u00e9ria para leitura no plen\u00e1rio"}, {"id": 2421, "periodo": "expediente", "titulo": "Requerimento n\u00ba 143 de 2026", "autor": "Tiago do Rangel", "ementa": "No sentido de que seja feito o cal\u00e7amento do complemento da Rua Manoel Ferreira de Lucena Neto, na Vila Rangel, at\u00e9 a frente da UBS. (C\u00f3digo de logradouro: 370).", "situacao": "Mat\u00e9ria para leitura no plen\u00e1rio"}, {"id": 2422, "periodo": "expediente", "titulo": "Requerimento n\u00ba 144 de 2026", "autor": "Tiago do Rangel", "ementa": "No sentido de que seja implantado o Projeto Movimento na zona rural do munic\u00edpio, iniciando pela Vila Rangel e seguindo cronograma para implanta\u00e7\u00e3o nas demais vilas.", "situacao": "Mat\u00e9ria para leitura no plen\u00e1rio"}, {"id": 2423, "periodo": "expediente", "titulo": "Requerimento n\u00ba 145 de 2026", "autor": "Tiago do Rangel", "ementa": "No sentido de que seja criado um N\u00facleo de Sa\u00fade Mental com local adequado para atendimento dos usu\u00e1rios de sa\u00fade mental no munic\u00edpio.", "situacao": "Mat\u00e9ria para leitura no plen\u00e1rio"}]}