{"headers": {"id": "ID", "ano": "Ano", "numero": "N\u00famero", "tipo__sigla": "Tipo de Mat\u00e9ria Legislativa/Sigla", "tipo__descricao": "Tipo de Mat\u00e9ria Legislativa/Descri\u00e7\u00e3o", "autoria": "Autorias", "texto_original": "Texto Original", "ementa": "Ementa"}, "results": [{"id": "1727", "ano": "2025", "numero": "1", "tipo__sigla": "ATA", "tipo__descricao": "Ata da Sess\u00e3o Ordin\u00e1ria", "autoria": "", "texto_original": "http://sapl.riachodasalmas.pe.leg.br/media/sapl/public/materialegislativa/2025/1727/1738881887_ata-1-sessao-ordinaria--04.02.2025-2.pdf", "ementa": "Ata da 1\u00aa Sess\u00e3o Ordin\u00e1ria da 1\u00aa Sess\u00e3o Legislativa da 17\u00aa Legislatura"}, {"id": "1772", "ano": "2025", "numero": "2", "tipo__sigla": "ATA", "tipo__descricao": "Ata da Sess\u00e3o Ordin\u00e1ria", "autoria": "", "texto_original": "http://sapl.riachodasalmas.pe.leg.br/media/sapl/public/materialegislativa/2025/1772/1739973213_ata-eletronica-da-2-sessao-ordinaria-11012025.pdf", "ementa": "Ata da 2\u00aa Sess\u00e3o Ordin\u00e1ria da 1\u00aa Sess\u00e3o Legislativa da 17\u00aa Legislatura"}, {"id": "1775", "ano": "2025", "numero": "3", "tipo__sigla": "ATA", "tipo__descricao": "Ata da Sess\u00e3o Ordin\u00e1ria", "autoria": "", "texto_original": "http://sapl.riachodasalmas.pe.leg.br/media/sapl/public/materialegislativa/2025/1775/1739973248_ata-eletronica-da-3-sessao-ordinaria-11022025.pdf", "ementa": "Ata da 3\u00aa Sess\u00e3o Ordin\u00e1ria da 1\u00aa Sess\u00e3o Legislativa da 17\u00aa Legislatura"}, {"id": "1808", "ano": "2025", "numero": "4", "tipo__sigla": "ATA", "tipo__descricao": "Ata da Sess\u00e3o Ordin\u00e1ria", "autoria": "", "texto_original": "http://sapl.riachodasalmas.pe.leg.br/media/sapl/public/materialegislativa/2025/1808/1741640473_ata-eletronica-da-4-sessao-ordinaria-18022025.pdf", "ementa": "Ata da 4\u00aa Sess\u00e3o Ordin\u00e1ria da 1\u00aa Sess\u00e3o Legislativa da 17\u00aa Legislatura."}, {"id": "1837", "ano": "2025", "numero": "5", "tipo__sigla": "ATA", "tipo__descricao": "Ata da Sess\u00e3o Ordin\u00e1ria", "autoria": "", "texto_original": "http://sapl.riachodasalmas.pe.leg.br/media/sapl/public/materialegislativa/2025/1837/1741640514_ata-eletronica-da-5-sessao-ordinaria-25022025.pdf", "ementa": "Ata da 5\u00aa Sess\u00e3o Ordin\u00e1ria da 1\u00aa Sess\u00e3o Legislativa da 17\u00aa Legislatura."}, {"id": "1861", "ano": "2025", "numero": "6", "tipo__sigla": "ATA", "tipo__descricao": "Ata da Sess\u00e3o Ordin\u00e1ria", "autoria": "", "texto_original": "http://sapl.riachodasalmas.pe.leg.br/media/sapl/public/materialegislativa/2025/1861/1742333604_ata-eletronica-da-6-sessao-ordinaria-11032025.pdf", "ementa": "Ata da 6\u00aa Sess\u00e3o Ordin\u00e1ria da 1\u00aa Sess\u00e3o Legislativa da 17\u00aa Legislatura."}, {"id": "1885", "ano": "2025", "numero": "7", "tipo__sigla": "ATA", "tipo__descricao": "Ata da Sess\u00e3o Ordin\u00e1ria", "autoria": "", "texto_original": "http://sapl.riachodasalmas.pe.leg.br/media/sapl/public/materialegislativa/2025/1885/1742995680_7-sessao-ordinaria-da-1-sessao-legislativa-18032025.pdf", "ementa": "Ata da 7\u00aa Sess\u00e3o Ordin\u00e1ria da 1\u00aa Sess\u00e3o Legislativa da 17\u00aa Legislatura."}, {"id": "1925", "ano": "2025", "numero": "8", "tipo__sigla": "ATA", "tipo__descricao": "Ata da Sess\u00e3o Ordin\u00e1ria", "autoria": "", "texto_original": "http://sapl.riachodasalmas.pe.leg.br/media/", "ementa": "Ata da 8\u00aa Sess\u00e3o Ordin\u00e1ria da 1\u00aa Sess\u00e3o Legislativa da 17\u00aa Legislatura."}, {"id": "1927", "ano": "2025", "numero": "9", "tipo__sigla": "ATA", "tipo__descricao": "Ata da Sess\u00e3o Ordin\u00e1ria", "autoria": "", "texto_original": "http://sapl.riachodasalmas.pe.leg.br/media/", "ementa": "Ata da 9\u00aa Sess\u00e3o Ordin\u00e1ria da 1\u00aa Sess\u00e3o Legislativa da 17\u00aa Legislatura."}, {"id": "1946", "ano": "2025", "numero": "10", "tipo__sigla": "ATA", "tipo__descricao": "Ata da Sess\u00e3o Ordin\u00e1ria", "autoria": "", "texto_original": "http://sapl.riachodasalmas.pe.leg.br/media/", "ementa": "Ata da 10\u00aa Sess\u00e3o Ordin\u00e1ria da 1\u00aa Sess\u00e3o Legislativa da 17\u00aa Legislatura."}, {"id": "1973", "ano": "2025", "numero": "11", "tipo__sigla": "ATA", "tipo__descricao": "Ata da Sess\u00e3o Ordin\u00e1ria", "autoria": "", "texto_original": "http://sapl.riachodasalmas.pe.leg.br/media/", "ementa": "Ata da 11\u00aa Sess\u00e3o Ordin\u00e1ria da 1\u00aa Sess\u00e3o Legislativa da 17\u00aa Legislatura."}, {"id": "1974", "ano": "2025", "numero": "12", "tipo__sigla": "ATA", "tipo__descricao": "Ata da Sess\u00e3o Ordin\u00e1ria", "autoria": "", "texto_original": "http://sapl.riachodasalmas.pe.leg.br/media/", "ementa": "Ata da 12\u00aa Sess\u00e3o Ordin\u00e1ria da 1\u00aa Sess\u00e3o Legislativa da 17\u00aa Legislatura."}, {"id": "1986", "ano": "2025", "numero": "13", "tipo__sigla": "ATA", "tipo__descricao": "Ata da Sess\u00e3o Ordin\u00e1ria", "autoria": "", "texto_original": "http://sapl.riachodasalmas.pe.leg.br/media/", "ementa": "Ata da 13\u00aa Sess\u00e3o Ordin\u00e1ria da 1\u00aa Sess\u00e3o Legislativa da 17\u00aa Legislatura."}, {"id": "1996", "ano": "2025", "numero": "14", "tipo__sigla": "ATA", "tipo__descricao": "Ata da Sess\u00e3o Ordin\u00e1ria", "autoria": "", "texto_original": "http://sapl.riachodasalmas.pe.leg.br/media/", "ementa": "Ata da 14\u00aa Sess\u00e3o Ordin\u00e1ria da 1\u00aa Sess\u00e3o Legislativa da 17\u00aa Legislatura."}, {"id": "2007", "ano": "2025", "numero": "15", "tipo__sigla": "ATA", "tipo__descricao": "Ata da Sess\u00e3o Ordin\u00e1ria", "autoria": "", "texto_original": "http://sapl.riachodasalmas.pe.leg.br/media/", "ementa": "Ata da 15\u00aa Sess\u00e3o Ordin\u00e1ria da 1\u00aa Sess\u00e3o Legislativa da 17\u00aa Legislatura."}, {"id": "2020", "ano": "2025", "numero": "16", "tipo__sigla": "ATA", "tipo__descricao": "Ata da Sess\u00e3o Ordin\u00e1ria", "autoria": "", "texto_original": "http://sapl.riachodasalmas.pe.leg.br/media/", "ementa": "Ata da 16\u00aa Sess\u00e3o Ordin\u00e1ria da 1\u00aa Sess\u00e3o Legislativa da 17\u00aa Legislatura."}, {"id": "2021", "ano": "2025", "numero": "17", "tipo__sigla": "ATA", "tipo__descricao": "Ata da Sess\u00e3o Ordin\u00e1ria", "autoria": "", "texto_original": "http://sapl.riachodasalmas.pe.leg.br/media/", "ementa": "Ata da 17\u00aa Sess\u00e3o Ordin\u00e1ria da 1\u00aa Sess\u00e3o Legislativa da 17\u00aa Legislatura."}, {"id": "2036", "ano": "2025", "numero": "18", "tipo__sigla": "ATA", "tipo__descricao": "Ata da Sess\u00e3o Ordin\u00e1ria", "autoria": "", "texto_original": "http://sapl.riachodasalmas.pe.leg.br/media/", "ementa": "Ata da 18\u00aa Sess\u00e3o Ordin\u00e1ria da 1\u00aa Sess\u00e3o Legislativa da 17\u00aa Legislatura."}, {"id": "2050", "ano": "2025", "numero": "19", "tipo__sigla": "ATA", "tipo__descricao": "Ata da Sess\u00e3o Ordin\u00e1ria", "autoria": "", "texto_original": "http://sapl.riachodasalmas.pe.leg.br/media/", "ementa": "Ata da 19\u00aa Sess\u00e3o Ordin\u00e1ria da 1\u00aa Sess\u00e3o Legislativa da 17\u00aa Legislatura."}, {"id": "2053", "ano": "2025", "numero": "20", "tipo__sigla": "ATA", "tipo__descricao": "Ata da Sess\u00e3o Ordin\u00e1ria", "autoria": "", "texto_original": "http://sapl.riachodasalmas.pe.leg.br/media/", "ementa": "Ata da 20\u00aa Sess\u00e3o Ordin\u00e1ria da 1\u00aa Sess\u00e3o Legislativa da 17\u00aa Legislatura."}, {"id": "2096", "ano": "2025", "numero": "21", "tipo__sigla": "ATA", "tipo__descricao": "Ata da Sess\u00e3o Ordin\u00e1ria", "autoria": "", "texto_original": "http://sapl.riachodasalmas.pe.leg.br/media/", "ementa": "Ata da 21\u00aa Sess\u00e3o Ordin\u00e1ria da 1\u00aa Sess\u00e3o Legislativa da 17\u00aa Legislatura."}, {"id": "2103", "ano": "2025", "numero": "22", "tipo__sigla": "ATA", "tipo__descricao": "Ata da Sess\u00e3o Ordin\u00e1ria", "autoria": "", "texto_original": "http://sapl.riachodasalmas.pe.leg.br/media/", "ementa": "Ata da 22\u00aa Sess\u00e3o Ordin\u00e1ria da 1\u00aa Sess\u00e3o Legislativa da 17\u00aa Legislatura."}, {"id": "2105", "ano": "2025", "numero": "23", "tipo__sigla": "ATA", "tipo__descricao": "Ata da Sess\u00e3o Ordin\u00e1ria", "autoria": "", "texto_original": "http://sapl.riachodasalmas.pe.leg.br/media/", "ementa": "Ata da 23\u00aa Sess\u00e3o Ordin\u00e1ria da 1\u00aa Sess\u00e3o Legislativa da 17\u00aa Legislatura."}, {"id": "2127", "ano": "2025", "numero": "24", "tipo__sigla": "ATA", "tipo__descricao": "Ata da Sess\u00e3o Ordin\u00e1ria", "autoria": "", "texto_original": "http://sapl.riachodasalmas.pe.leg.br/media/", "ementa": "Ata da 24\u00aa Sess\u00e3o Ordin\u00e1ria da 1\u00aa Sess\u00e3o Legislativa da 17\u00aa Legislatura."}, {"id": "2133", "ano": "2025", "numero": "25", "tipo__sigla": "ATA", "tipo__descricao": "Ata da Sess\u00e3o Ordin\u00e1ria", "autoria": "", "texto_original": "http://sapl.riachodasalmas.pe.leg.br/media/", "ementa": "Ata da 25\u00aa Sess\u00e3o Ordin\u00e1ria da 1\u00aa Sess\u00e3o Legislativa da 17\u00aa Legislatura."}, {"id": "2141", "ano": "2025", "numero": "26", "tipo__sigla": "ATA", "tipo__descricao": "Ata da Sess\u00e3o Ordin\u00e1ria", "autoria": "", "texto_original": "http://sapl.riachodasalmas.pe.leg.br/media/", "ementa": "Ata da 26\u00aa Sess\u00e3o Ordin\u00e1ria da 1\u00aa Sess\u00e3o Legislativa da 17\u00aa Legislatura."}, {"id": "2142", "ano": "2025", "numero": "27", "tipo__sigla": "ATA", "tipo__descricao": "Ata da Sess\u00e3o Ordin\u00e1ria", "autoria": "", "texto_original": "http://sapl.riachodasalmas.pe.leg.br/media/", "ementa": "Ata da 27\u00aa Sess\u00e3o Ordin\u00e1ria da 1\u00aa Sess\u00e3o Legislativa da 17\u00aa Legislatura."}, {"id": "2157", "ano": "2025", "numero": "28", "tipo__sigla": "ATA", "tipo__descricao": "Ata da Sess\u00e3o Ordin\u00e1ria", "autoria": "", "texto_original": "http://sapl.riachodasalmas.pe.leg.br/media/", "ementa": "Ata da 28\u00aa Sess\u00e3o Ordin\u00e1ria da 1\u00aa Sess\u00e3o Legislativa da 17\u00aa Legislatura."}, {"id": "2166", "ano": "2025", "numero": "29", "tipo__sigla": "ATA", "tipo__descricao": "Ata da Sess\u00e3o Ordin\u00e1ria", "autoria": "", "texto_original": "http://sapl.riachodasalmas.pe.leg.br/media/", "ementa": "Ata da 29\u00aa Sess\u00e3o Ordin\u00e1ria da 1\u00aa Sess\u00e3o Legislativa da 17\u00aa Legislatura."}, {"id": "2171", "ano": "2025", "numero": "30", "tipo__sigla": "ATA", "tipo__descricao": "Ata da Sess\u00e3o Ordin\u00e1ria", "autoria": "", "texto_original": "http://sapl.riachodasalmas.pe.leg.br/media/", "ementa": "Ata da 30\u00aa Sess\u00e3o Ordin\u00e1ria da 1\u00aa Sess\u00e3o Legislativa da 17\u00aa Legislatura."}, {"id": "2192", "ano": "2025", "numero": "31", "tipo__sigla": "ATA", "tipo__descricao": "Ata da Sess\u00e3o Ordin\u00e1ria", "autoria": "", "texto_original": "http://sapl.riachodasalmas.pe.leg.br/media/", "ementa": "Ata da 31\u00aa Sess\u00e3o Ordin\u00e1ria da 1\u00aa Sess\u00e3o Legislativa da 17\u00aa Legislatura."}, {"id": "2205", "ano": "2025", "numero": "32", "tipo__sigla": "ATA", "tipo__descricao": "Ata da Sess\u00e3o Ordin\u00e1ria", "autoria": "", "texto_original": "http://sapl.riachodasalmas.pe.leg.br/media/", "ementa": "Ata da 32\u00aa Sess\u00e3o Ordin\u00e1ria da 1\u00aa Sess\u00e3o Legislativa da 17\u00aa Legislatura."}, {"id": "2212", "ano": "2025", "numero": "33", "tipo__sigla": "ATA", "tipo__descricao": "Ata da Sess\u00e3o Ordin\u00e1ria", "autoria": "", "texto_original": "http://sapl.riachodasalmas.pe.leg.br/media/", "ementa": "Ata da 33\u00aa Sess\u00e3o Ordin\u00e1ria da 1\u00aa Sess\u00e3o Legislativa da 17\u00aa Legislatura."}, {"id": "2217", "ano": "2025", "numero": "34", "tipo__sigla": "ATA", "tipo__descricao": "Ata da Sess\u00e3o Ordin\u00e1ria", "autoria": "", "texto_original": "http://sapl.riachodasalmas.pe.leg.br/media/", "ementa": "Ata da 34\u00aa Sess\u00e3o Ordin\u00e1ria da 1\u00aa Sess\u00e3o Legislativa da 17\u00aa Legislatura."}, {"id": "2224", "ano": "2025", "numero": "35", "tipo__sigla": "ATA", "tipo__descricao": "Ata da Sess\u00e3o Ordin\u00e1ria", "autoria": "", "texto_original": "http://sapl.riachodasalmas.pe.leg.br/media/", "ementa": "Ata da 35\u00aa Sess\u00e3o Ordin\u00e1ria da 1\u00aa Sess\u00e3o Legislativa da 17\u00aa Legislatura."}, {"id": "2230", "ano": "2025", "numero": "36", "tipo__sigla": "ATA", "tipo__descricao": "Ata da Sess\u00e3o Ordin\u00e1ria", "autoria": "", "texto_original": "http://sapl.riachodasalmas.pe.leg.br/media/", "ementa": "Ata da 36\u00aa Sess\u00e3o Ordin\u00e1ria da 1\u00aa Sess\u00e3o Legislativa da 17\u00aa Legislatura."}, {"id": "2242", "ano": "2025", "numero": "37", "tipo__sigla": "ATA", "tipo__descricao": "Ata da Sess\u00e3o Ordin\u00e1ria", "autoria": "", "texto_original": "http://sapl.riachodasalmas.pe.leg.br/media/", "ementa": "Ata da 37\u00aa Sess\u00e3o Ordin\u00e1ria da 1\u00aa Sess\u00e3o Legislativa da 17\u00aa Legislatura."}, {"id": "2246", "ano": "2025", "numero": "38", "tipo__sigla": "ATA", "tipo__descricao": "Ata da Sess\u00e3o Ordin\u00e1ria", "autoria": "", "texto_original": "http://sapl.riachodasalmas.pe.leg.br/media/", "ementa": "Ata da 38\u00aa Sess\u00e3o Ordin\u00e1ria da 1\u00aa Sess\u00e3o Legislativa da 17\u00aa Legislatura."}, {"id": "2251", "ano": "2025", "numero": "39", "tipo__sigla": "ATA", "tipo__descricao": "Ata da Sess\u00e3o Ordin\u00e1ria", "autoria": "", "texto_original": "http://sapl.riachodasalmas.pe.leg.br/media/", "ementa": "Ata da 39\u00aa Sess\u00e3o Ordin\u00e1ria da 1\u00aa Sess\u00e3o Legislativa da 17\u00aa Legislatura."}, {"id": "2303", "ano": "2025", "numero": "40", "tipo__sigla": "ATA", "tipo__descricao": "Ata da Sess\u00e3o Ordin\u00e1ria", "autoria": "", "texto_original": "http://sapl.riachodasalmas.pe.leg.br/media/", "ementa": "Ata da 40\u00aa Sess\u00e3o Ordin\u00e1ria da 1\u00aa Sess\u00e3o Legislativa da 17\u00aa Legislatura."}, {"id": "1677", "ano": "2025", "numero": "1", "tipo__sigla": "PLE", "tipo__descricao": "Projeto de Lei do Executivo", "autoria": "Diocl\u00e9cio Rosendo de Lima Filho", "texto_original": "http://sapl.riachodasalmas.pe.leg.br/media/sapl/public/materialegislativa/2025/1677/ple_2025_001.pdf", "ementa": "Fixa o valor do sal\u00e1rio m\u00ednimo dos Servidores Municipais e d\u00e1 outras provid\u00eancias."}, {"id": "1678", "ano": "2025", "numero": "2", "tipo__sigla": "PLE", "tipo__descricao": "Projeto de Lei do Executivo", "autoria": "Diocl\u00e9cio Rosendo de Lima Filho", "texto_original": "http://sapl.riachodasalmas.pe.leg.br/media/sapl/public/materialegislativa/2025/1678/ple_2025_002.pdf", "ementa": "Disp\u00f5e acerca do piso salarial dos Agentes Comunit\u00e1rios de Sa\u00fade \u2013 ACS e dos Agentes de Combate \u00e0s Endemias \u2013 ACE e d\u00e1 outras provid\u00eancias."}, {"id": "1679", "ano": "2025", "numero": "3", "tipo__sigla": "PLE", "tipo__descricao": "Projeto de Lei do Executivo", "autoria": "Diocl\u00e9cio Rosendo de Lima Filho", "texto_original": "http://sapl.riachodasalmas.pe.leg.br/media/sapl/public/materialegislativa/2025/1679/ple_2025_003.pdf", "ementa": "Institui o Programa de Recupera\u00e7\u00e3o de Cr\u00e9dito Fiscal do Munic\u00edpio de Riacho das Almas/PE - REFIS MUNICIPAL 2025."}, {"id": "1680", "ano": "2025", "numero": "4", "tipo__sigla": "PLE", "tipo__descricao": "Projeto de Lei do Executivo", "autoria": "Diocl\u00e9cio Rosendo de Lima Filho", "texto_original": "http://sapl.riachodasalmas.pe.leg.br/media/sapl/public/materialegislativa/2025/1680/ple_2025_004.pdf", "ementa": "Concede reajuste nos vencimentos dos professores da Rede Municipal de Ensino de Riacho das Almas/PE e d\u00e1 outras provid\u00eancias."}, {"id": "1681", "ano": "2025", "numero": "5", "tipo__sigla": "PLE", "tipo__descricao": "Projeto de Lei do Executivo", "autoria": "Diocl\u00e9cio Rosendo de Lima Filho", "texto_original": "http://sapl.riachodasalmas.pe.leg.br/media/sapl/public/materialegislativa/2025/1681/ple_2025_005.pdf", "ementa": "Disp\u00f5e sobre a Nova Organiza\u00e7\u00e3o Administrativa do Munic\u00edpio de Riacho das Almas, a reorganiza\u00e7\u00e3o do quadro de cargos de Dire\u00e7\u00e3o, Chefia e Assessoramento, e d\u00e1 outras provid\u00eancias."}, {"id": "1682", "ano": "2025", "numero": "6", "tipo__sigla": "PLE", "tipo__descricao": "Projeto de Lei do Executivo", "autoria": "Diocl\u00e9cio Rosendo de Lima Filho", "texto_original": "http://sapl.riachodasalmas.pe.leg.br/media/sapl/public/materialegislativa/2025/1682/ple_2025_006.pdf", "ementa": "Disp\u00f5e sobre a cria\u00e7\u00e3o da Guarda Civil Municipal do Munic\u00edpio de Riacho das Almas/PE e d\u00e1 outras provid\u00eancias."}, {"id": "1728", "ano": "2025", "numero": "7", "tipo__sigla": "PLE", "tipo__descricao": "Projeto de Lei do Executivo", "autoria": "Diocl\u00e9cio Rosendo de Lima Filho", "texto_original": "http://sapl.riachodasalmas.pe.leg.br/media/", "ementa": "Disp\u00f5e sobre a cria\u00e7\u00e3o do mecanismo complementar, estudo de caso, tendo como finalidade a cria\u00e7\u00e3o de um espa\u00e7o Inter setorial para discuss\u00e3o dos casos de usu\u00e1rios de servi\u00e7os municipais dos diversos setores e \u00f3rg\u00e3os do Munic\u00edpio de Riacho das Almas/PE."}, {"id": "1729", "ano": "2025", "numero": "8", "tipo__sigla": "PLE", "tipo__descricao": "Projeto de Lei do Executivo", "autoria": "Diocl\u00e9cio Rosendo de Lima Filho", "texto_original": "http://sapl.riachodasalmas.pe.leg.br/media/sapl/public/materialegislativa/2025/1729/1743438868_projeto-lei-executivo-2025008.pdf", "ementa": "Autoriza o Munic\u00edpio de Riacho das Almas/PE a realizar permuta de im\u00f3veis, e d\u00e1 outras provid\u00eancias."}, {"id": "1773", "ano": "2025", "numero": "9", "tipo__sigla": "PLE", "tipo__descricao": "Projeto de Lei do Executivo", "autoria": "Diocl\u00e9cio Rosendo de Lima Filho", "texto_original": "http://sapl.riachodasalmas.pe.leg.br/media/sapl/public/materialegislativa/2025/1773/1743438863_projeto-lei-executivo-2025009.pdf", "ementa": "Disp\u00f5e sobre a convers\u00e3o do Decreto n\u00ba 15, que disp\u00f5e sobre a cria\u00e7\u00e3o do Comit\u00ea Inter setorial de Enfrentamento \u00e0 Viol\u00eancia contra a Mulher, em Lei Municipal."}, {"id": "1774", "ano": "2025", "numero": "10", "tipo__sigla": "PLE", "tipo__descricao": "Projeto de Lei do Executivo", "autoria": "Diocl\u00e9cio Rosendo de Lima Filho", "texto_original": "http://sapl.riachodasalmas.pe.leg.br/media/sapl/public/materialegislativa/2025/1774/1743438880_projeto-lei-executivo-2025010.pdf", "ementa": "Autoriza o Munic\u00edpio a ampliar o per\u00edodo de licen\u00e7a maternidade \u00e0s servidoras p\u00fablicas municipais para 180 (cento e oitenta) dias na forma que especifica, e d\u00e1 outras provid\u00eancias."}, {"id": "1776", "ano": "2025", "numero": "11", "tipo__sigla": "PLE", "tipo__descricao": "Projeto de Lei do Executivo", "autoria": "Diocl\u00e9cio Rosendo de Lima Filho", "texto_original": "http://sapl.riachodasalmas.pe.leg.br/media/sapl/public/materialegislativa/2025/1776/1743438898_projeto-lei-executivo-2025011.pdf", "ementa": "Disp\u00f5e sobre a institucionaliza\u00e7\u00e3o do Projeto Novembro Azul: Homens pelo fim da Viol\u00eancia contra as Mulheres."}, {"id": "1957", "ano": "2025", "numero": "12", "tipo__sigla": "PLE", "tipo__descricao": "Projeto de Lei do Executivo", "autoria": "Diocl\u00e9cio Rosendo de Lima Filho", "texto_original": "http://sapl.riachodasalmas.pe.leg.br/media/", "ementa": "Disp\u00f5e sobre a cria\u00e7\u00e3o do cargo de Profissional de Apoio Escolar da Rede P\u00fablica  Municipal do Munic\u00edpio de Riacho das Almas e d\u00e1 outras provid\u00eancias."}, {"id": "1886", "ano": "2025", "numero": "13", "tipo__sigla": "PLE", "tipo__descricao": "Projeto de Lei do Executivo", "autoria": "Diocl\u00e9cio Rosendo de Lima Filho", "texto_original": "http://sapl.riachodasalmas.pe.leg.br/media/sapl/public/materialegislativa/2025/1886/projeto_lei_executivo_2025_013.pdf", "ementa": "Disp\u00f5e sobre a cria\u00e7\u00e3o do Conselho Municipal de Cultura \u2013 Com cultura, e d\u00e1 outras provid\u00eancias."}, {"id": "1887", "ano": "2025", "numero": "14", "tipo__sigla": "PLE", "tipo__descricao": "Projeto de Lei do Executivo", "autoria": "Diocl\u00e9cio Rosendo de Lima Filho", "texto_original": "http://sapl.riachodasalmas.pe.leg.br/media/sapl/public/materialegislativa/2025/1887/projeto_lei_executivo_2025_014.pdf", "ementa": "Disp\u00f5e sobre a cria\u00e7\u00e3o do Conselho Municipal da Juventude -CMJ e institui o Fundo Municipal da Juventude \u2013 FMJ do Munic\u00edpio de Riacho das Almas/PE, e d\u00e1 outras provid\u00eancias."}, {"id": "1958", "ano": "2025", "numero": "15", "tipo__sigla": "PLE", "tipo__descricao": "Projeto de Lei do Executivo", "autoria": "Diocl\u00e9cio Rosendo de Lima Filho", "texto_original": "http://sapl.riachodasalmas.pe.leg.br/media/", "ementa": "Autoriza o Munic\u00edpio de Riacho das Almas a firmar contrato de cess\u00e3o de uso de  bem im\u00f3vel com a Associa\u00e7\u00e3o dos Pequenos Agricultores e Produtores do S\u00edtio Bento, e  d\u00e1 outras provid\u00eancias."}, {"id": "1959", "ano": "2025", "numero": "16", "tipo__sigla": "PLE", "tipo__descricao": "Projeto de Lei do Executivo", "autoria": "Diocl\u00e9cio Rosendo de Lima Filho", "texto_original": "http://sapl.riachodasalmas.pe.leg.br/media/", "ementa": "Autoriza o Munic\u00edpio de Riacho das Almas a firmar contrato de cess\u00e3o de uso de  bem im\u00f3vel com a Associa\u00e7\u00e3o dos Criadores de Caprinos e Ovinos de Riacho das Almas-  ACCORA, e d\u00e1 outras provid\u00eancias."}, {"id": "1987", "ano": "2025", "numero": "17", "tipo__sigla": "PLE", "tipo__descricao": "Projeto de Lei do Executivo", "autoria": "Diocl\u00e9cio Rosendo de Lima Filho", "texto_original": "http://sapl.riachodasalmas.pe.leg.br/media/sapl/public/materialegislativa/2025/1987/projeto_lei_executivo_2025_017.pdf", "ementa": "Institui, no \u00e2mbito da Administra\u00e7\u00e3o P\u00fablica Direta, Aut\u00e1rquica e Fundacional do Poder Executivo do Munic\u00edpio de Riacho das Almas/PE, o \u2018Programa Jovem Aprendiz.\u2019\u2019"}, {"id": "2008", "ano": "2025", "numero": "18", "tipo__sigla": "PLE", "tipo__descricao": "Projeto de Lei do Executivo", "autoria": "Diocl\u00e9cio Rosendo de Lima Filho", "texto_original": "http://sapl.riachodasalmas.pe.leg.br/media/", "ementa": "Autoriza o Munic\u00edpio de Riacho das Almas a firmar contrato de cess\u00e3o de uso de bem im\u00f3vel com Conselho Municipal de Desenvolvimento Rural Sustent\u00e1vel \u2013 CMDRS, e d\u00e1 outras provid\u00eancias."}, {"id": "1988", "ano": "2025", "numero": "19", "tipo__sigla": "PLE", "tipo__descricao": "Projeto de Lei do Executivo", "autoria": "Diocl\u00e9cio Rosendo de Lima Filho", "texto_original": "http://sapl.riachodasalmas.pe.leg.br/media/sapl/public/materialegislativa/2025/1988/projeto_lei_executivo_2025_019.pdf", "ementa": "Autoriza a abertura de cr\u00e9dito Especial, e d\u00e1 outras provid\u00eancias."}, {"id": "2009", "ano": "2025", "numero": "20", "tipo__sigla": "PLE", "tipo__descricao": "Projeto de Lei do Executivo", "autoria": "Diocl\u00e9cio Rosendo de Lima Filho", "texto_original": "http://sapl.riachodasalmas.pe.leg.br/media/", "ementa": "Implementa as Leis Federais de n\u00ba10.639/2003 e 11.645/2008 no munic\u00edpio de Riacho das Almas/PE, estabelecendo normas para a inclus\u00e3o da hist\u00f3ria e cultura Afro Brasileira e Ind\u00edgena nos curr\u00edculos escolares, a forma\u00e7\u00e3o de professores e a promo\u00e7\u00e3o de a\u00e7\u00f5es afirmativas para a popula\u00e7\u00e3o Quilombola e Ind\u00edgena, e d\u00e1 outras provid\u00eancias."}, {"id": "2051", "ano": "2025", "numero": "21", "tipo__sigla": "PLE", "tipo__descricao": "Projeto de Lei do Executivo", "autoria": "Diocl\u00e9cio Rosendo de Lima Filho", "texto_original": "http://sapl.riachodasalmas.pe.leg.br/media/sapl/public/materialegislativa/2025/2051/projeto_lei_executivo_2025_021.pdf", "ementa": "Disp\u00f5e sobre a institui\u00e7\u00e3o do Programa Municipal de Distribui\u00e7\u00e3o Gratuita de Suplementos Alimentares e Materiais Correlatos \u00e0 Popula\u00e7\u00e3o Riachense, e d\u00e1 outras provid\u00eancias."}, {"id": "2052", "ano": "2025", "numero": "22", "tipo__sigla": "PLE", "tipo__descricao": "Projeto de Lei do Executivo", "autoria": "Diocl\u00e9cio Rosendo de Lima Filho", "texto_original": "http://sapl.riachodasalmas.pe.leg.br/media/sapl/public/materialegislativa/2025/2052/projeto_lei_executivo_2025_022.pdf", "ementa": "Regulamenta a concess\u00e3o do adicional de insalubridade ou periculosidade aos servidores p\u00fablicos do Munic\u00edpio de Riacho das Almas/PE, \u00e9 d\u00e1 outras provid\u00eancias."}, {"id": "2054", "ano": "2025", "numero": "23", "tipo__sigla": "PLE", "tipo__descricao": "Projeto de Lei do Executivo", "autoria": "Diocl\u00e9cio Rosendo de Lima Filho", "texto_original": "http://sapl.riachodasalmas.pe.leg.br/media/sapl/public/materialegislativa/2025/2054/projeto_de_lei_-_executivo_no_23.pdf", "ementa": "Disp\u00f5e sobre a cria\u00e7\u00e3o de novas vagas e de dois novos cargos, de Professor - Educa\u00e7\u00e3o Infantil e de Auxiliar de Educa\u00e7\u00e3o Infantil, no Quadro Permanente de Pessoal da Prefeitura Municipal de Riacho das Almas/PE, e d\u00e1 outras provid\u00eancias."}, {"id": "2055", "ano": "2025", "numero": "24", "tipo__sigla": "PLE", "tipo__descricao": "Projeto de Lei do Executivo", "autoria": "Diocl\u00e9cio Rosendo de Lima Filho", "texto_original": "http://sapl.riachodasalmas.pe.leg.br/media/", "ementa": "Modifica o Regime Pr\u00f3prio de Previd\u00eancia Social do Munic\u00edpio de Riacho das Almas \u2013 RiachoPrev, altera o plano de custeio e de benef\u00edcios de aposentadorias e pens\u00f5es do instituto Previdenci\u00e1rio do Munic\u00edpio de Riacho das Almas/PE, dos servidores p\u00fablicos, ocupantes de cargo de provimento efetivo e os est\u00e1veis, de acordo com a Constitui\u00e7\u00e3o Federal, nos termos da Emenda Constitucional n\u00ba 103/2019, e d\u00e1 outras provid\u00eancias."}, {"id": "2056", "ano": "2025", "numero": "25", "tipo__sigla": "PLE", "tipo__descricao": "Projeto de Lei do Executivo", "autoria": "Diocl\u00e9cio Rosendo de Lima Filho", "texto_original": "http://sapl.riachodasalmas.pe.leg.br/media/", "ementa": "Disp\u00f5e sobre as diretrizes para a elabora\u00e7\u00e3o e a execu\u00e7\u00e3o da Lei Or\u00e7ament\u00e1ria de 2026 e d\u00e1 outras provid\u00eancias."}, {"id": "2079", "ano": "2025", "numero": "26", "tipo__sigla": "PLE", "tipo__descricao": "Projeto de Lei do Executivo", "autoria": "Diocl\u00e9cio Rosendo de Lima Filho", "texto_original": "http://sapl.riachodasalmas.pe.leg.br/media/sapl/public/materialegislativa/2025/2079/projeto_de_lei_-_executivo_no_26.pdf", "ementa": "Disp\u00f5e sobre a cria\u00e7\u00e3o do Conselho Municipal dos Direitos da Pessoa com Defici\u00eancia e estabelece a Pol\u00edtica Municipal para a pessoa com defici\u00eancia."}, {"id": "2106", "ano": "2025", "numero": "27", "tipo__sigla": "PLE", "tipo__descricao": "Projeto de Lei do Executivo", "autoria": "Diocl\u00e9cio Rosendo de Lima Filho", "texto_original": "http://sapl.riachodasalmas.pe.leg.br/media/sapl/public/materialegislativa/2025/2106/projeto_lei_executivo_2025_027.pdf", "ementa": "Institui no \u00e2mbito da Aten\u00e7\u00e3o Prim\u00e1ria \u00e0 Sa\u00fade no Munic\u00edpio de Riacho das Almas, baseado nos termos da Pol\u00edtica Nacional da Aten\u00e7\u00e3o B\u00e1sica, Incentivo Financeiro Vari\u00e1vel por Desempenho em conformidade com a Portaria GM/MS n\u00ba 3.493, de 10 de abril de 2024, denominado Componente de V\u00ednculo e Qualidade na Aten\u00e7\u00e3o Prim\u00e1ria \u00e0 Sa\u00fade \u2013 APS, para Equipes de Sa\u00fade Bucal (eSB), Equipe de Sa\u00fade da Fam\u00edlia (eSF) e Equipe Multiprofissional (eMulti), e d\u00e1 outras provid\u00eancias."}, {"id": "2107", "ano": "2025", "numero": "28", "tipo__sigla": "PLE", "tipo__descricao": "Projeto de Lei do Executivo", "autoria": "Diocl\u00e9cio Rosendo de Lima Filho", "texto_original": "http://sapl.riachodasalmas.pe.leg.br/media/sapl/public/materialegislativa/2025/2107/projeto_lei_executivo_2025_028.pdf", "ementa": "Disp\u00f5e sobre a altera\u00e7\u00e3o do n\u00famero de Conselheiros que comp\u00f5e o Conselho Administrativo do RIACHOPREV e o Conselho Fiscal do RIACHOPREV, e d\u00e1 outras provid\u00eancias."}, {"id": "2143", "ano": "2025", "numero": "29", "tipo__sigla": "PLE", "tipo__descricao": "Projeto de Lei do Executivo", "autoria": "Diocl\u00e9cio Rosendo de Lima Filho", "texto_original": "http://sapl.riachodasalmas.pe.leg.br/media/sapl/public/materialegislativa/2025/2143/projeto_de_lei_do_executivo_no_029-2025_1.pdf", "ementa": "Altera dispositivos da Lei n\u00ba 948/2002, de 30 de dezembro de 2002, e d\u00e1 outras provid\u00eancias."}, {"id": "2144", "ano": "2025", "numero": "30", "tipo__sigla": "PLE", "tipo__descricao": "Projeto de Lei do Executivo", "autoria": "Diocl\u00e9cio Rosendo de Lima Filho", "texto_original": "http://sapl.riachodasalmas.pe.leg.br/media/sapl/public/materialegislativa/2025/2144/projeto_de_lei_do_executivo_no_030-2025_1.pdf", "ementa": "Cria\u00e7\u00e3o do Servi\u00e7o de Inspe\u00e7\u00e3o Municipal \u2013 SIM, e d\u00e1 outras provid\u00eancias."}, {"id": "2145", "ano": "2025", "numero": "31", "tipo__sigla": "PLE", "tipo__descricao": "Projeto de Lei do Executivo", "autoria": "Diocl\u00e9cio Rosendo de Lima Filho", "texto_original": "http://sapl.riachodasalmas.pe.leg.br/media/sapl/public/materialegislativa/2025/2145/projeto_de_lei_do_executivo_no_031-2025_1.pdf", "ementa": "Disp\u00f5e sobre a cria\u00e7\u00e3o de dois cargos efetivos de Agente Comunit\u00e1rio de Sa\u00fade no Quadro Permanente de Pessoal da Prefeitura Municipal de Riacho das Almas/PE, e d\u00e1 outras provid\u00eancias."}, {"id": "2193", "ano": "2025", "numero": "32", "tipo__sigla": "PLE", "tipo__descricao": "Projeto de Lei do Executivo", "autoria": "Diocl\u00e9cio Rosendo de Lima Filho", "texto_original": "http://sapl.riachodasalmas.pe.leg.br/media/", "ementa": "Estima a receita e fixa a despesa do Munic\u00edpio para o exerc\u00edcio financeiro de 2026."}, {"id": "2194", "ano": "2025", "numero": "33", "tipo__sigla": "PLE", "tipo__descricao": "Projeto de Lei do Executivo", "autoria": "Diocl\u00e9cio Rosendo de Lima Filho", "texto_original": "http://sapl.riachodasalmas.pe.leg.br/media/", "ementa": "Disp\u00f5e sobre o Plano Plurianual (PPA) do Munic\u00edpio de Riacho das Almas para o per\u00edodo de 2026 a 2029, em conformidade com o art. 165, inciso I, da Constitui\u00e7\u00e3o Federal, e o art. 124, \u00a71\u00ba, inciso II, da Constitui\u00e7\u00e3o do Estado de Pernambuco, com reda\u00e7\u00e3o dada pela Emenda Constitucional n\u00ba 31/2008, e d\u00e1 outras provid\u00eancias."}, {"id": "2172", "ano": "2025", "numero": "34", "tipo__sigla": "PLE", "tipo__descricao": "Projeto de Lei do Executivo", "autoria": "Diocl\u00e9cio Rosendo de Lima Filho", "texto_original": "http://sapl.riachodasalmas.pe.leg.br/media/sapl/public/materialegislativa/2025/2172/projeto_de_lei_no_034-2025_-_executivo.pdf", "ementa": "Autoriza abertura de cr\u00e9dito especial, e d\u00e1 outras provid\u00eancias."}, {"id": "2173", "ano": "2025", "numero": "35", "tipo__sigla": "PLE", "tipo__descricao": "Projeto de Lei do Executivo", "autoria": "Diocl\u00e9cio Rosendo de Lima Filho", "texto_original": "http://sapl.riachodasalmas.pe.leg.br/media/sapl/public/materialegislativa/2025/2173/projeto_de_lei_no_35-2025_-_executivo.pdf", "ementa": "Autoriza a abertura de Cr\u00e9dito Suplementar, e d\u00e1 outras provid\u00eancias."}, {"id": "2195", "ano": "2025", "numero": "36", "tipo__sigla": "PLE", "tipo__descricao": "Projeto de Lei do Executivo", "autoria": "Diocl\u00e9cio Rosendo de Lima Filho", "texto_original": "http://sapl.riachodasalmas.pe.leg.br/media/sapl/public/materialegislativa/2025/2195/projeto_de_lei_no_36-2025_-_executivo.pdf", "ementa": "Autoriza o pagamento extraordin\u00e1rio do passivo do FUNDEF de recursos recebidos pelo Munic\u00edpio de Riacho das Almas em decorr\u00eancia de decis\u00f5es judiciais, e d\u00e1 outras provid\u00eancias."}, {"id": "2218", "ano": "2025", "numero": "38", "tipo__sigla": "PLE", "tipo__descricao": "Projeto de Lei do Executivo", "autoria": "Diocl\u00e9cio Rosendo de Lima Filho", "texto_original": "http://sapl.riachodasalmas.pe.leg.br/media/sapl/public/materialegislativa/2025/2218/projeto_de_lei_no_038-2025_-_executivo.pdf", "ementa": "Institui a Avalia\u00e7\u00e3o Especial de Desempenho em Est\u00e1gio Probat\u00f3rio dos servidores p\u00fablicos municipais de Riacho das Almas e d\u00e1 outras provid\u00eancias."}, {"id": "2219", "ano": "2025", "numero": "39", "tipo__sigla": "PLE", "tipo__descricao": "Projeto de Lei do Executivo", "autoria": "Diocl\u00e9cio Rosendo de Lima Filho", "texto_original": "http://sapl.riachodasalmas.pe.leg.br/media/sapl/public/materialegislativa/2025/2219/projeto_de_lei_no_039-2025_-_executivo.pdf", "ementa": "Regulamenta a licen\u00e7a-paternidade para os servidores p\u00fablicos do Munic\u00edpio de Riacho das Almas e d\u00e1 outras provid\u00eancias."}, {"id": "2220", "ano": "2025", "numero": "40", "tipo__sigla": "PLE", "tipo__descricao": "Projeto de Lei do Executivo", "autoria": "Diocl\u00e9cio Rosendo de Lima Filho", "texto_original": "http://sapl.riachodasalmas.pe.leg.br/media/sapl/public/materialegislativa/2025/2220/projeto_de_lei_no_040-2025_-_executivo.pdf", "ementa": "Estabelece a institui\u00e7\u00e3o, delimita\u00e7\u00e3o, organiza\u00e7\u00e3o e denomina\u00e7\u00e3o oficial dos bairros e logradouros do Munic\u00edpio de Riacho das Almas, reunindo todos os bairros integrantes do territ\u00f3rio municipal, e d\u00e1 outras provid\u00eancias."}, {"id": "2225", "ano": "2025", "numero": "41", "tipo__sigla": "PLE", "tipo__descricao": "Projeto de Lei do Executivo", "autoria": "Diocl\u00e9cio Rosendo de Lima Filho", "texto_original": "http://sapl.riachodasalmas.pe.leg.br/media/sapl/public/materialegislativa/2025/2225/projeto_de_lei_no_041-2025_-_executivo.pdf", "ementa": "Denomina oficialmente logradouros p\u00fablicos localizados no Loteamento Vista da Serra, no Munic\u00edpio de Riacho das Almas \u2013 PE, e d\u00e1 outras provid\u00eancias."}, {"id": "2231", "ano": "2025", "numero": "42", "tipo__sigla": "PLE", "tipo__descricao": "Projeto de Lei do Executivo", "autoria": "Diocl\u00e9cio Rosendo de Lima Filho", "texto_original": "http://sapl.riachodasalmas.pe.leg.br/media/sapl/public/materialegislativa/2025/2231/projeto_lei_executivo_2025_042.pdf", "ementa": "Disp\u00f5e sobre as consigna\u00e7\u00f5es facultativas em folha de pagamento dos servidores ativos e inativos da administra\u00e7\u00e3o p\u00fablica direta e indireta do Poder Executivo do Munic\u00edpio de Riacho das Almas e d\u00e1 outras provid\u00eancias."}, {"id": "2232", "ano": "2025", "numero": "43", "tipo__sigla": "PLE", "tipo__descricao": "Projeto de Lei do Executivo", "autoria": "Diocl\u00e9cio Rosendo de Lima Filho", "texto_original": "http://sapl.riachodasalmas.pe.leg.br/media/sapl/public/materialegislativa/2025/2232/projeto_de_lei_no_043-2025_-_executivo.pdf", "ementa": "Modifica o Regime Pr\u00f3prio de Previd\u00eancia Social do Munic\u00edpio de Riacho das Almas \u2013 RiachoPrev, e altera o plano de custeio e de benef\u00edcios de aposentadorias e pens\u00f5es do Instituto Previdenci\u00e1rio do Munic\u00edpio de Riacho das Almas/PE, aplic\u00e1vel aos servidores p\u00fablicos ocupantes de cargo de provimento efetivo e aos est\u00e1veis, em conformidade com a Constitui\u00e7\u00e3o Federal, nos termos da Emenda Constitucional n\u00ba 103/2019, da Lei Org\u00e2nica Municipal, e d\u00e1 outras provid\u00eancias."}, {"id": "2233", "ano": "2025", "numero": "44", "tipo__sigla": "PLE", "tipo__descricao": "Projeto de Lei do Executivo", "autoria": "Diocl\u00e9cio Rosendo de Lima Filho", "texto_original": "http://sapl.riachodasalmas.pe.leg.br/media/sapl/public/materialegislativa/2025/2233/projeto_lei_executivo_2025_044.pdf", "ementa": "Autoriza o Poder Executivo Municipal a conceder notebooks aos professores da rede municipal de ensino do Munic\u00edpio de Riacho das Almas, Estado de Pernambuco, e d\u00e1 outras provid\u00eancias."}, {"id": "2245", "ano": "2025", "numero": "45", "tipo__sigla": "PLE", "tipo__descricao": "Projeto de Lei do Executivo", "autoria": "Diocl\u00e9cio Rosendo de Lima Filho", "texto_original": "http://sapl.riachodasalmas.pe.leg.br/media/sapl/public/materialegislativa/2025/2245/projeto_lei_executivo_2025_045.pdf", "ementa": "Autoriza a Abertura de Cr\u00e9dito Especial, e d\u00e1 outras provid\u00eancias."}, {"id": "1683", "ano": "2025", "numero": "1", "tipo__sigla": "PLL", "tipo__descricao": "Projeto de Lei do Legislativo", "autoria": "Professor Z\u00e9 Carlos, Nestor do Bordado, Pipi Marchante", "texto_original": "http://sapl.riachodasalmas.pe.leg.br/media/sapl/public/materialegislativa/2025/1683/1742988030_pll001.pdf", "ementa": "Fixa o reajuste do valor do sal\u00e1rio m\u00ednimo para o ano de 2025 dos servidores da C\u00e2mara Municipal de Riacho das Almas, Estado de Pernambuco, e d\u00e1 outras provid\u00eancias correlatas."}, {"id": "1725", "ano": "2025", "numero": "2", "tipo__sigla": "PLL", "tipo__descricao": "Projeto de Lei do Legislativo", "autoria": "Professor Z\u00e9 Carlos, Nestor do Bordado, Pipi Marchante", "texto_original": "http://sapl.riachodasalmas.pe.leg.br/media/sapl/public/materialegislativa/2025/1725/1742988045_pll002.pdf", "ementa": "Estabelece a estrutura administrativa e organizacional do poder legislativo municipal de Riacho das almas, e d\u00e1 outras providencias."}, {"id": "1777", "ano": "2025", "numero": "3", "tipo__sigla": "PLL", "tipo__descricao": "Projeto de Lei do Legislativo", "autoria": "Pastor Gustavo Lucena", "texto_original": "http://sapl.riachodasalmas.pe.leg.br/media/sapl/public/materialegislativa/2025/1777/projeto_lei_legislativo_003.pdf", "ementa": "Denomina de Rua Gercino Morais de Moura, a Rua onde mora o popular \u201cMarcone, cunhado de Lulinha\u201d, localizada na Vila do Vitorino, neste munic\u00edpio de Riacho das Almas/PE, e d\u00e1 outras provid\u00eancias."}, {"id": "1778", "ano": "2025", "numero": "4", "tipo__sigla": "PLL", "tipo__descricao": "Projeto de Lei do Legislativo", "autoria": "Pastor Gustavo Lucena", "texto_original": "http://sapl.riachodasalmas.pe.leg.br/media/sapl/public/materialegislativa/2025/1778/projeto_lei_legislativo_004.pdf", "ementa": "Denomina de Rua Ant\u00f4nio Simpl\u00edcio de Lima, a Rua onde mora o popular Natanael do Vitorino, localizada na Vila do Vitorino, neste munic\u00edpio de Riacho das Almas/PE, e d\u00e1 outras provid\u00eancias."}, {"id": "1779", "ano": "2025", "numero": "5", "tipo__sigla": "PLL", "tipo__descricao": "Projeto de Lei do Legislativo", "autoria": "Professor Z\u00e9 Carlos", "texto_original": "http://sapl.riachodasalmas.pe.leg.br/media/sapl/public/materialegislativa/2025/1779/projeto_lei_legislativo_005.pdf", "ementa": "Autoriza o Poder Legislativo do Munic\u00edpio de Riacho das Almas/PE a ampliar o per\u00edodo de licen\u00e7a maternidade \u00e0s servidoras p\u00fablicas municipais efetivas desta C\u00e2mara de Vereadores para 180 (cento e oitenta) dias na forma que especifica, e d\u00e1 outras provid\u00eancias."}, {"id": "1838", "ano": "2025", "numero": "6", "tipo__sigla": "PLL", "tipo__descricao": "Projeto de Lei do Legislativo", "autoria": "Tiago do Rangel", "texto_original": "http://sapl.riachodasalmas.pe.leg.br/media/sapl/public/materialegislativa/2025/1838/projeto_lei_legislativo_006.pdf", "ementa": "Denomina de Pra\u00e7a Manoel Luiz da Silva, a pra\u00e7a central localizada na Vila Couro D\u2019Antas, neste Munic\u00edpio de Riacho das Almas/PE, e d\u00e1 outras provid\u00eancias."}, {"id": "1839", "ano": "2025", "numero": "7", "tipo__sigla": "PLL", "tipo__descricao": "Projeto de Lei do Legislativo", "autoria": "Tiago do Rangel", "texto_original": "http://sapl.riachodasalmas.pe.leg.br/media/sapl/public/materialegislativa/2025/1839/projeto_lei_legislativo_007.pdf", "ementa": "Denomina como Maria Cursino da Silva, conhecida por \u201cDona Minininha\u201d, a Cozinha Comunit\u00e1ria 2, do \u2018Programa T\u00e1 na Mesa Pernambuco\u2019, que ir\u00e1 funcionar no Bairro COHAB, pr\u00f3ximo ao Gold Park 2 e \u00e0 Vila de Z\u00e9 de C\u00edcero, no Munic\u00edpio de Riacho das Almas/PE, e d\u00e1 outras provid\u00eancias."}, {"id": "1888", "ano": "2025", "numero": "8", "tipo__sigla": "PLL", "tipo__descricao": "Projeto de Lei do Legislativo", "autoria": "Professor Z\u00e9 Carlos, Nestor do Bordado, Pipi Marchante", "texto_original": "http://sapl.riachodasalmas.pe.leg.br/media/sapl/public/materialegislativa/2025/1888/projeto_lei_legislativo_008.pdf", "ementa": "Disp\u00f5e sobre a institui\u00e7\u00e3o do \u2018Dia Municipal da Paz\u2019 no munic\u00edpio de Riacho das Almas/PE, e d\u00e1 outras provid\u00eancias."}, {"id": "1889", "ano": "2025", "numero": "9", "tipo__sigla": "PLL", "tipo__descricao": "Projeto de Lei do Legislativo", "autoria": "Abenildo da Ramada", "texto_original": "http://sapl.riachodasalmas.pe.leg.br/media/sapl/public/materialegislativa/2025/1889/projeto_lei_legislativo_009.pdf", "ementa": "Denomina de Rua Ant\u00f4nio Soares da Silva, a Rua Projetada com C\u00f3digo de Logradouro n\u00ba 487, localizada na Vila Patos, neste munic\u00edpio de Riacho das Almas/PE, e d\u00e1 outras provid\u00eancias."}, {"id": "1890", "ano": "2025", "numero": "10", "tipo__sigla": "PLL", "tipo__descricao": "Projeto de Lei do Legislativo", "autoria": "Abenildo da Ramada", "texto_original": "http://sapl.riachodasalmas.pe.leg.br/media/sapl/public/materialegislativa/2025/1890/projeto_lei_legislativo_010.pdf", "ementa": "Denomina de Avenida Manoel Vicente da Fonseca Sobrinho (Vereador Nezinho), a Rua principal de Barra de Carapot\u00f3s, com C\u00f3digo de Logradouro n\u00ba 526, localizada no S\u00edtio Barra de Carapot\u00f3s, com in\u00edcio em frente \u00e0 resid\u00eancia de Neguinho de L\u00f4l\u00f4 at\u00e9 a entrada da Vila Patos, neste munic\u00edpio de Riacho das Almas/PE, e d\u00e1 outras provid\u00eancias."}, {"id": "1911", "ano": "2025", "numero": "11", "tipo__sigla": "PLL", "tipo__descricao": "Projeto de Lei do Legislativo", "autoria": "Tiago do Rangel", "texto_original": "http://sapl.riachodasalmas.pe.leg.br/media/sapl/public/materialegislativa/2025/1911/projeto_lei_legislativo_011.pdf", "ementa": "Reconhece a Caminhada do Forr\u00f3 como Patrim\u00f4nio Cultural e Imaterial do Munic\u00edpio de Riacho das Almas/PE e a integra ao calend\u00e1rio oficial de festividades juninas do Munic\u00edpio."}, {"id": "1928", "ano": "2025", "numero": "12", "tipo__sigla": "PLL", "tipo__descricao": "Projeto de Lei do Legislativo", "autoria": "Pastor Gustavo Lucena", "texto_original": "http://sapl.riachodasalmas.pe.leg.br/media/sapl/public/materialegislativa/2025/1928/projeto_lei_legislativo_012.pdf", "ementa": "Torna a \u2018Festa da Fogueira Gigante do Jiquir\u00ed\u2019 parte do Calend\u00e1rio Cultural de Eventos do munic\u00edpio de Riacho das Almas/PE, a ser realizada tradicionalmente no m\u00eas de Julho, passando a ser Patrim\u00f4nio Cultural do Munic\u00edpio, realizada pela Prefeitura Municipal."}, {"id": "1960", "ano": "2025", "numero": "13", "tipo__sigla": "PLL", "tipo__descricao": "Projeto de Lei do Legislativo", "autoria": "Tiago do Rangel", "texto_original": "http://sapl.riachodasalmas.pe.leg.br/media/sapl/public/materialegislativa/2025/1960/projeto_lei_legislativo_013.pdf", "ementa": "Retifica para Rua Manoel Ferreira de Lucena (C\u00f3digo de Logradouro n\u00ba 157), a  Rua at\u00e9 ent\u00e3o denominada de Manoel Ferreira de Lucena Neto, localizada na Vila Rangel,  neste munic\u00edpio de Riacho das Almas/PE, revogando a Lei Municipal n\u00ba 915/2001, e d\u00e1  outras provid\u00eancias."}, {"id": "1989", "ano": "2025", "numero": "14", "tipo__sigla": "PLL", "tipo__descricao": "Projeto de Lei do Legislativo", "autoria": "Genival da Sa\u00fade", "texto_original": "http://sapl.riachodasalmas.pe.leg.br/media/sapl/public/materialegislativa/2025/1989/projeto_lei_legislativo_014.pdf", "ementa": "Autoriza o Poder Executivo Municipal a promover uma \u2018Noite Cultural\u2019 na Festa de Nossa Senhora do Livramento, na Vila Trapi\u00e1, neste Munic\u00edpio, e d\u00e1 outras provid\u00eancias."}, {"id": "1997", "ano": "2025", "numero": "15", "tipo__sigla": "PLL", "tipo__descricao": "Projeto de Lei do Legislativo", "autoria": "Pastor Gustavo Lucena", "texto_original": "http://sapl.riachodasalmas.pe.leg.br/media/sapl/public/materialegislativa/2025/1997/projeto_lei_legislativo_015.pdf", "ementa": "Disp\u00f5e sobre a realiza\u00e7\u00e3o de \u2018Intervalo B\u00edblico\u2019 nas institui\u00e7\u00f5es de ensino do munic\u00edpio de Riacho das Almas/PE, e d\u00e1 outras provid\u00eancias."}, {"id": "2057", "ano": "2025", "numero": "16", "tipo__sigla": "PLL", "tipo__descricao": "Projeto de Lei do Legislativo", "autoria": "Professor Z\u00e9 Carlos", "texto_original": "http://sapl.riachodasalmas.pe.leg.br/media/sapl/public/materialegislativa/2025/2057/1756765526_projeto-de-lei--legislativo-n-16.pdf", "ementa": "Disp\u00f5e sobre a regulamenta\u00e7\u00e3o da Lei Federal n\u00ba 12.845, de 1\u00ba de Agosto de 2013, conhecida como \u201cLei do Minuto Seguinte\u201d, que trata do atendimento obrigat\u00f3rio e imediato \u00e0s v\u00edtimas de viol\u00eancia sexual, estabelecendo diretrizes e provid\u00eancias correlatas para sua efetiva aplica\u00e7\u00e3o no \u00e2mbito do Munic\u00edpio de Riacho das Almas/PE, e d\u00e1 outras provid\u00eancias."}, {"id": "2058", "ano": "2025", "numero": "17", "tipo__sigla": "PLL", "tipo__descricao": "Projeto de Lei do Legislativo", "autoria": "Professor Z\u00e9 Carlos", "texto_original": "http://sapl.riachodasalmas.pe.leg.br/media/sapl/public/materialegislativa/2025/2058/1756765541_projeto-de-lei--legislativo-n-17.pdf", "ementa": "Disp\u00f5e sobre a distribui\u00e7\u00e3o gratuita de absorventes higi\u00eanicos para mulheres em situa\u00e7\u00e3o de vulnerabilidade social no \u00e2mbito do Munic\u00edpio de Riacho\r\ndas Almas/PE, e d\u00e1 outras provid\u00eancias."}, {"id": "2059", "ano": "2025", "numero": "18", "tipo__sigla": "PLL", "tipo__descricao": "Projeto de Lei do Legislativo", "autoria": "Professor Z\u00e9 Carlos", "texto_original": "http://sapl.riachodasalmas.pe.leg.br/media/sapl/public/materialegislativa/2025/2059/1756765560_projeto-de-lei--legislativo-n-18.pdf", "ementa": "Autoriza o Poder Executivo Municipal a instituir o programa \u201cCasa Azul\u201d, uma pol\u00edtica p\u00fablica municipal de atendimento especializado e multidisciplinar \u00e0 pessoa com Transtorno do Espectro Autista (TEA), no \u00e2mbito do Munic\u00edpio de Riacho das Almas/PE, e d\u00e1 outras provid\u00eancias."}, {"id": "2081", "ano": "2025", "numero": "19", "tipo__sigla": "PLL", "tipo__descricao": "Projeto de Lei do Legislativo", "autoria": "Pastor Gustavo Lucena", "texto_original": "http://sapl.riachodasalmas.pe.leg.br/media/sapl/public/materialegislativa/2025/2081/1756765578_projeto-de-lei--legislativo-n-19.pdf", "ementa": "Autoriza o Poder Executivo a instituir no calend\u00e1rio oficial do Munic\u00edpio de Riacho das Almas/PE o \u2018Dia da Marcha para Jesus\u2019 e d\u00e1 outras provid\u00eancias.\""}, {"id": "2082", "ano": "2025", "numero": "20", "tipo__sigla": "PLL", "tipo__descricao": "Projeto de Lei do Legislativo", "autoria": "Tiago do Rangel", "texto_original": "http://sapl.riachodasalmas.pe.leg.br/media/sapl/public/materialegislativa/2025/2082/1756765595_projeto-de-lei--legislativo-n-20.pdf", "ementa": "Denomina de Rua Maria Batista da Silva (Mere), a Rua Projetada 02, (C\u00f3digo de Logradouro n\u00ba 307), localizada no Bairro Novo Horizonte, nesta cidade de Riacho das Almas/PE, e d\u00e1 outras provid\u00eancias."}, {"id": "2137", "ano": "2025", "numero": "21", "tipo__sigla": "PLL", "tipo__descricao": "Projeto de Lei do Legislativo", "autoria": "Genival da Sa\u00fade", "texto_original": "http://sapl.riachodasalmas.pe.leg.br/media/sapl/public/materialegislativa/2025/2137/projeto_de_lei_no_021-2025_-_legislativo.pdf", "ementa": "Autoriza o Poder Executivo Municipal a instituir o Programa Municipal de Prote\u00e7\u00e3o e Bem-Estar Animal no \u00e2mbito do munic\u00edpio de Riacho das Almas/PE e d\u00e1 outras provid\u00eancias."}, {"id": "2138", "ano": "2025", "numero": "22", "tipo__sigla": "PLL", "tipo__descricao": "Projeto de Lei do Legislativo", "autoria": "Genival da Sa\u00fade", "texto_original": "http://sapl.riachodasalmas.pe.leg.br/media/sapl/public/materialegislativa/2025/2138/projeto_de_lei_no_022-2025_-_legislativo.pdf", "ementa": "Autoriza a cria\u00e7\u00e3o da central virtual para a ado\u00e7\u00e3o de c\u00e3es e gatos junto ao site oficial e redes sociais no \u00e2mbito do munic\u00edpio de Riacho das Almas/PE, e da outras provid\u00eancias correlatas."}, {"id": "2148", "ano": "2025", "numero": "23", "tipo__sigla": "PLL", "tipo__descricao": "Projeto de Lei do Legislativo", "autoria": "Tiago do Rangel", "texto_original": "http://sapl.riachodasalmas.pe.leg.br/media/sapl/public/materialegislativa/2025/2148/projeto_de_lei_do_legislativo_no_23-2025.pdf", "ementa": "Denomina Creche do Bairro do Jiquir\u00ed como Gaud\u00eancia Helena Cardoso Soares."}, {"id": "2149", "ano": "2025", "numero": "24", "tipo__sigla": "PLL", "tipo__descricao": "Projeto de Lei do Legislativo", "autoria": "Tiago do Rangel", "texto_original": "http://sapl.riachodasalmas.pe.leg.br/media/", "ementa": "Denomina Creche ao lado do Campo Municipal, S\u00edtio Lagoa Nova como Maria Adelino de Lucena Rosendo."}, {"id": "2150", "ano": "2025", "numero": "25", "tipo__sigla": "PLL", "tipo__descricao": "Projeto de Lei do Legislativo", "autoria": "Tiago do Rangel", "texto_original": "http://sapl.riachodasalmas.pe.leg.br/media/sapl/public/materialegislativa/2025/2150/projeto_de_lei_do_legislativo_no_25-2025.pdf", "ementa": "Denomina Rua Projetada do canal, Bairro Jo\u00e3o Chico (c\u00f3d. 182) como Rua Jo\u00e3o da Cruz Cavalcanti."}, {"id": "2151", "ano": "2025", "numero": "26", "tipo__sigla": "PLL", "tipo__descricao": "Projeto de Lei do Legislativo", "autoria": "Tiago do Rangel", "texto_original": "http://sapl.riachodasalmas.pe.leg.br/media/sapl/public/materialegislativa/2025/2151/projeto_de_lei_do_legislativo_no_26-2025.pdf", "ementa": "Denomina UBS da Vila Palmat\u00f3ria como UBS Jos\u00e9 Brasiliano da Silva Filho."}, {"id": "2158", "ano": "2025", "numero": "27", "tipo__sigla": "PLL", "tipo__descricao": "Projeto de Lei do Legislativo", "autoria": "Genival da Sa\u00fade", "texto_original": "http://sapl.riachodasalmas.pe.leg.br/media/sapl/public/materialegislativa/2025/2158/projeto_de_lei_do_legislativo_no_27-2025.pdf", "ementa": "Visa dispor sobre a autoriza\u00e7\u00e3o para cria\u00e7\u00e3o da \u2018Patrulha Maria da Penha\u2019 no \u00e2mbito do Munic\u00edpio de Riacho das Almas/PE, a qual ficar\u00e1 vinculada \u00e0 Guarda Municipal."}, {"id": "2175", "ano": "2025", "numero": "28", "tipo__sigla": "PLL", "tipo__descricao": "Projeto de Lei do Legislativo", "autoria": "Pastor Gustavo Lucena", "texto_original": "http://sapl.riachodasalmas.pe.leg.br/media/sapl/public/materialegislativa/2025/2175/projeto_lei_legislativo_028.pdf", "ementa": "Torna oficial o calend\u00e1rio do Circuito de Corridas do Munic\u00edpio de Riacho das Almas e d\u00e1 outras provid\u00eancias."}, {"id": "2196", "ano": "2025", "numero": "29", "tipo__sigla": "PLL", "tipo__descricao": "Projeto de Lei do Legislativo", "autoria": "Pastor Gustavo Lucena, Tiago do Rangel", "texto_original": "http://sapl.riachodasalmas.pe.leg.br/media/sapl/public/materialegislativa/2025/2196/projeto_de_lei_no_29-2025_-_legislativo.pdf", "ementa": "Disp\u00f5e sobre a cria\u00e7\u00e3o e inclus\u00e3o da Corrida R\u00fastica da Vila do Rangel no calend\u00e1rio esportivo oficial no munic\u00edpio de Riacho das Almas/PE, e d\u00e1 outras provid\u00eancias."}, {"id": "2176", "ano": "2025", "numero": "30", "tipo__sigla": "PLL", "tipo__descricao": "Projeto de Lei do Legislativo", "autoria": "Pastor Gustavo Lucena", "texto_original": "http://sapl.riachodasalmas.pe.leg.br/media/sapl/public/materialegislativa/2025/2176/projeto_lei_legislativo_030.pdf", "ementa": "Disp\u00f5e sobre as regras para inscri\u00e7\u00e3o e participa\u00e7\u00e3o de atletas na categoria \u201catleta local\u201d em eventos esportivos organizados e/ou patrocinados pelo Poder P\u00fablico Municipal, e d\u00e1 outras provid\u00eancias."}, {"id": "2197", "ano": "2025", "numero": "31", "tipo__sigla": "PLL", "tipo__descricao": "Projeto de Lei do Legislativo", "autoria": "Dinho da Sa\u00fade", "texto_original": "http://sapl.riachodasalmas.pe.leg.br/media/sapl/public/materialegislativa/2025/2197/projeto_de_lei_no_31-2025_-_legislativo.pdf", "ementa": "Denomina de Rua Jos\u00e9 Nilton Bezerra Lira a Rua Projetada localizada na Vila Patos, (C\u00f3digo de Logradouro: 538), no Munic\u00edpio de Riacho das Almas/PE, e d\u00e1 outras provid\u00eancias."}, {"id": "2206", "ano": "2025", "numero": "32", "tipo__sigla": "PLL", "tipo__descricao": "Projeto de Lei do Legislativo", "autoria": "Tiago do Rangel", "texto_original": "http://sapl.riachodasalmas.pe.leg.br/media/sapl/public/materialegislativa/2025/2206/1763054107_projeto-lei-legislativo032.pdf", "ementa": "Denomina de Rua Jos\u00e9 Serafim da Silva (Z\u00e9 Lic\u00e9rio), a Rua Projetada 01, localizada no Bairro Celestino Ferreira, (C\u00f3digo de Logradouro n\u00ba 306), na cidade de Riacho das Almas/PE, e d\u00e1 outras provid\u00eancias."}, {"id": "2207", "ano": "2025", "numero": "33", "tipo__sigla": "PLL", "tipo__descricao": "Projeto de Lei do Legislativo", "autoria": "Genival da Sa\u00fade", "texto_original": "http://sapl.riachodasalmas.pe.leg.br/media/sapl/public/materialegislativa/2025/2207/1763054088_projeto-lei-legislativo033.pdf", "ementa": "Institui, no \u00e2mbito do Munic\u00edpio de Riacho das Almas, a Campanha \u201cOutubro Rosa\u201d, a ser realizada anualmente durante o m\u00eas de outubro, e d\u00e1 outras provid\u00eancias."}, {"id": "2235", "ano": "2025", "numero": "34", "tipo__sigla": "PLL", "tipo__descricao": "Projeto de Lei do Legislativo", "autoria": "Professor Z\u00e9 Carlos, Nestor do Bordado, Pipi Marchante", "texto_original": "http://sapl.riachodasalmas.pe.leg.br/media/sapl/public/materialegislativa/2025/2235/projeto_lei_legislativo_034.pdf", "ementa": "Disp\u00f5e sobre as consigna\u00e7\u00f5es facultativas em folha de pagamento dos servidores da C\u00e2mara Municipal de Riacho das Almas e d\u00e1 outras provid\u00eancias."}, {"id": "2250", "ano": "2025", "numero": "35", "tipo__sigla": "PLL", "tipo__descricao": "Projeto de Lei do Legislativo", "autoria": "Professor Z\u00e9 Carlos, Nestor do Bordado, Pipi Marchante", "texto_original": "http://sapl.riachodasalmas.pe.leg.br/media/sapl/public/materialegislativa/2025/2250/projeto_lei_legislativo_035.pdf", "ementa": "Altera a Lei Municipal n\u00ba 1.485/2025, a qual estabelece a estrutura  administrativa e organizacional do Poder Legislativo Municipal de Riacho das Almas/PE, e  d\u00e1 outras provid\u00eancias correlatas."}, {"id": "1945", "ano": "2025", "numero": "1", "tipo__sigla": "PRE", "tipo__descricao": "Projeto de Resolu\u00e7\u00e3o", "autoria": "Professor Z\u00e9 Carlos", "texto_original": "http://sapl.riachodasalmas.pe.leg.br/media/sapl/public/materialegislativa/2025/1945/projeto_resolucao_001_2025.pdf", "ementa": "Disp\u00f5e sobre a realiza\u00e7\u00e3o e organiza\u00e7\u00e3o das reuni\u00f5es ordin\u00e1rias das comiss\u00f5es permanentes da C\u00e2mara de Riacho das Almas/PE, bem como autoriza a realiza\u00e7\u00e3o de reuni\u00f5es no formato virtual e d\u00e1 outras provid\u00eancias."}, {"id": "1961", "ano": "2025", "numero": "2", "tipo__sigla": "PRE", "tipo__descricao": "Projeto de Resolu\u00e7\u00e3o", "autoria": "Professor Z\u00e9 Carlos, Nestor do Bordado, Pipi Marchante", "texto_original": "http://sapl.riachodasalmas.pe.leg.br/media/sapl/public/materialegislativa/2025/1961/projeto_resolucao_002_2025.pdf", "ementa": "Disp\u00f5e sobre a observ\u00e2ncia da ordem cronol\u00f3gica de pagamento das obriga\u00e7\u00f5es  relativas ao fornecimento de bens, loca\u00e7\u00f5es, presta\u00e7\u00e3o de servi\u00e7os e realiza\u00e7\u00e3o de obras,  no \u00e2mbito da C\u00e2mara Municipal de Riacho das Almas/PE."}, {"id": "1995", "ano": "2025", "numero": "3", "tipo__sigla": "PRE", "tipo__descricao": "Projeto de Resolu\u00e7\u00e3o", "autoria": "Professor Z\u00e9 Carlos, Pipi Marchante", "texto_original": "http://sapl.riachodasalmas.pe.leg.br/media/sapl/public/materialegislativa/2025/1995/projeto_resolucao_003_2025.pdf", "ementa": "Disp\u00f5e sobre a autoriza\u00e7\u00e3o e regulamenta\u00e7\u00e3o para realiza\u00e7\u00e3o de vel\u00f3rios nas depend\u00eancias da c\u00e2mara municipal de Riacho das Almas /PE, e d\u00e1 outras provid\u00eancias."}, {"id": "2010", "ano": "2025", "numero": "4", "tipo__sigla": "PRE", "tipo__descricao": "Projeto de Resolu\u00e7\u00e3o", "autoria": "Mesa Diretora (Bi\u00eanio 2025/2026) - MD", "texto_original": "http://sapl.riachodasalmas.pe.leg.br/media/sapl/public/materialegislativa/2025/2010/projeto_resolucao_004_2025.pdf", "ementa": "Modifica os artigos 50,55,57,60,64,128 \u00a7 3\u00b0, 188 e 221 do Regimento Interno e d\u00e1 outras provid\u00eancias."}, {"id": "2126", "ano": "2025", "numero": "5", "tipo__sigla": "PRE", "tipo__descricao": "Projeto de Resolu\u00e7\u00e3o", "autoria": "Mesa Diretora (Bi\u00eanio 2025/2026) - MD", "texto_original": "http://sapl.riachodasalmas.pe.leg.br/media/sapl/public/materialegislativa/2025/2126/projeto_resolucao_005_2025.pdf", "ementa": "Disp\u00f5e sobre a proposta parcial do or\u00e7amento para o exerc\u00edcio financeiro de 2026 e estabelece o Plano Plurianual de A\u00e7\u00f5es para o quadri\u00eanio 2026/2029, do Poder Legislativo e d\u00e1 outras provid\u00eancias."}, {"id": "2152", "ano": "2025", "numero": "6", "tipo__sigla": "PRE", "tipo__descricao": "Projeto de Resolu\u00e7\u00e3o", "autoria": "Mesa Diretora (Bi\u00eanio 2025/2026) - MD", "texto_original": "http://sapl.riachodasalmas.pe.leg.br/media/", "ementa": "Disp\u00f5e sobre a aprova\u00e7\u00e3o do Organograma Administrativo da C\u00e2mara Municipal de Riacho das Almas e d\u00e1 outras provid\u00eancias."}, {"id": "2228", "ano": "2025", "numero": "7", "tipo__sigla": "PRE", "tipo__descricao": "Projeto de Resolu\u00e7\u00e3o", "autoria": "Professor Z\u00e9 Carlos", "texto_original": "http://sapl.riachodasalmas.pe.leg.br/media/", "ementa": "Concede licen\u00e7a ao vereador Jair Nem\u00e9sio Ferreira para afastar-se do exerc\u00edcio do mandato, por motivo de sa\u00fade, pelo per\u00edodo de 30 (trinta) dias, e d\u00e1 outras provid\u00eancias."}, {"id": "2146", "ano": "2025", "numero": "1", "tipo__sigla": "EMP", "tipo__descricao": "Emenda ao Projeto de Lei", "autoria": "Dinho da Sa\u00fade", "texto_original": "http://sapl.riachodasalmas.pe.leg.br/media/", "ementa": "EMENDA N\u00ba 01 AO PROJETO DE LEI N\u00ba 015/2025. Altera e adiciona artigos do Projeto de Lei n\u00ba 015/2025, que autoriza o Munic\u00edpio de Riacho das Almas a firmar contrato de cess\u00e3o de uso de bens im\u00f3veis com a Associa\u00e7\u00e3o dos Pequenos Agricultores e Produtores do S\u00edtio Bento."}, {"id": "2147", "ano": "2025", "numero": "2", "tipo__sigla": "EMP", "tipo__descricao": "Emenda ao Projeto de Lei", "autoria": "Dinho da Sa\u00fade", "texto_original": "http://sapl.riachodasalmas.pe.leg.br/media/", "ementa": "EMENDA N\u00ba 01 AO PROJETO DE LEI N\u00ba 016/2025. Altera e adiciona artigos do Projeto de Lei n\u00ba 016/2025, que autoriza o Munic\u00edpio de Riacho das Almas a firmar contrato de cess\u00e3o de uso de bem im\u00f3vel com a Associa\u00e7\u00e3o dos Criadores de Caprinos e Ovinos de Riacho das Almas."}, {"id": "2108", "ano": "2025", "numero": "1", "tipo__sigla": "EMM", "tipo__descricao": "Emenda Modificativa", "autoria": "Professor Z\u00e9 Carlos, Nestor do Bordado, Pipi Marchante", "texto_original": "http://sapl.riachodasalmas.pe.leg.br/media/", "ementa": "Incluem-se e modificam-se artigos do Projeto de Lei do Poder Executivo n\u00ba 25/2025, que estabelece as diretrizes or\u00e7ament\u00e1rias para o exerc\u00edcio de 2026, e d\u00e1 outras provid\u00eancias."}, {"id": "2236", "ano": "2025", "numero": "2", "tipo__sigla": "EMM", "tipo__descricao": "Emenda Modificativa", "autoria": "Dinho da Sa\u00fade", "texto_original": "http://sapl.riachodasalmas.pe.leg.br/media/", "ementa": "Proposi\u00e7\u00e3o de Emenda Modificativa \u00e0 Lei Or\u00e7ament\u00e1ria Anual de 2026."}, {"id": "1863", "ano": "2025", "numero": "1", "tipo__sigla": "PDL", "tipo__descricao": "Projeto de Decreto Legislativo", "autoria": "Professor Z\u00e9 Carlos", "texto_original": "http://sapl.riachodasalmas.pe.leg.br/media/", "ementa": "Concede T\u00edtulo de \u00b4Honra ao M\u00e9rito` aos artes\u00e3os da Vila do Vitorino e Men\u00e7\u00e3o Honrosa aos artes\u00e3os j\u00e1 falecidos, em reconhecimento ao inestim\u00e1vel trabalho destes na busca pela valoriza\u00e7\u00e3o e preserva\u00e7\u00e3o da cultura local."}, {"id": "1998", "ano": "2025", "numero": "2", "tipo__sigla": "PDL", "tipo__descricao": "Projeto de Decreto Legislativo", "autoria": "Professor Z\u00e9 Carlos, Nestor do Bordado, Pipi Marchante", "texto_original": "http://sapl.riachodasalmas.pe.leg.br/media/", "ementa": "Concede T\u00edtulo de \u2018Honra ao M\u00e9rito\u2019 a artes\u00e3os da Vila do Vitorino, em reconhecimento ao inestim\u00e1vel trabalho destes na busca pela valoriza\u00e7\u00e3o e preserva\u00e7\u00e3o da cultura local."}, {"id": "2111", "ano": "2025", "numero": "3", "tipo__sigla": "PDL", "tipo__descricao": "Projeto de Decreto Legislativo", "autoria": "Professor Z\u00e9 Carlos", "texto_original": "http://sapl.riachodasalmas.pe.leg.br/media/", "ementa": "Concede T\u00edtulo de Cidad\u00e3o Honor\u00e1rio Riachense ao Sr. Elson da Fonseca Lira, e d\u00e1 outras provid\u00eancias."}, {"id": "2159", "ano": "2025", "numero": "4", "tipo__sigla": "PDL", "tipo__descricao": "Projeto de Decreto Legislativo", "autoria": "Professor Z\u00e9 Carlos, Nestor do Bordado, Pipi Marchante", "texto_original": "http://sapl.riachodasalmas.pe.leg.br/media/", "ementa": "Disp\u00f5e sobre a aplica\u00e7\u00e3o da Lei federal n\u00ba 13.709, de 14 de agosto de 2018 (Lei Geral de Prote\u00e7\u00e3o de Dados Pessoais - LGPD), no \u00e2mbito da C\u00e2mara Municipal de Riacho das Almas- Pernambuco, e revoga o Decreto Legislativo n\u00b0 004/2023."}, {"id": "2213", "ano": "2025", "numero": "5", "tipo__sigla": "PDL", "tipo__descricao": "Projeto de Decreto Legislativo", "autoria": "Professor Z\u00e9 Carlos", "texto_original": "http://sapl.riachodasalmas.pe.leg.br/media/", "ementa": "CONCEDE T\u00cdTULO DE \u2018HONRA AO M\u00c9RITO\u2019 AO SENHOR SEVERINO JOS\u00c9 DA SILVA (BIUZINHO ESCRIV\u00c3O), EM RECONHECIMENTO AO INESTIM\u00c1VEL TRABALHO DESEMPENHADO POR ESTE CIDAD\u00c3O NA POL\u00cdCIA CIVIL DO ESTADO DE PERNAMBUCO, ATUANDO EM NOSSA CIDADE E REGI\u00c3O."}, {"id": "2221", "ano": "2025", "numero": "6", "tipo__sigla": "PDL", "tipo__descricao": "Projeto de Decreto Legislativo", "autoria": "Tiago do Rangel, Abenildo da Ramada, Pipi Marchante", "texto_original": "http://sapl.riachodasalmas.pe.leg.br/media/", "ementa": "Concede o T\u00edtulo de Cidad\u00e3o Honor\u00e1rio Riachense ao Sr. Ernande Francisco da Silva, e d\u00e1 outras provid\u00eancias."}, {"id": "2011", "ano": "2025", "numero": "1", "tipo__sigla": "PELOM", "tipo__descricao": "Proposta de Emenda a Lei Org\u00e2nica Municipal", "autoria": "Mesa Diretora (Bi\u00eanio 2025/2026) - MD", "texto_original": "http://sapl.riachodasalmas.pe.leg.br/media/sapl/public/materialegislativa/2025/2011/1763056800_emenda-lei-organica-01--amupe.pdf", "ementa": "Modifica os artigos 31, 38 e 89 da Lei Org\u00e2nica Municipal e d\u00e1 outras provid\u00eancias."}, {"id": "2049", "ano": "2025", "numero": "2", "tipo__sigla": "PELOM", "tipo__descricao": "Proposta de Emenda a Lei Org\u00e2nica Municipal", "autoria": "Mesa Diretora (Bi\u00eanio 2025/2026) - MD", "texto_original": "http://sapl.riachodasalmas.pe.leg.br/media/sapl/public/materialegislativa/2025/2049/1763056863_emenda-lei-organica-02--amupe.pdf", "ementa": "Modifica o artigo 135 da Lei Org\u00e2nica Municipal, e d\u00e1 outras provid\u00eancias."}, {"id": "2234", "ano": "2025", "numero": "3", "tipo__sigla": "PELOM", "tipo__descricao": "Proposta de Emenda a Lei Org\u00e2nica Municipal", "autoria": "Diocl\u00e9cio Rosendo de Lima Filho", "texto_original": "http://sapl.riachodasalmas.pe.leg.br/media/", "ementa": "Acrescenta os arts. 217-A a 217-E \u00e0 Lei Org\u00e2nica do Munic\u00edpio de Riacho das Almas/PE, para estabelecer regras do Regime Pr\u00f3prio de Previd\u00eancia Social do Munic\u00edpio de Riacho das Almas, em conformidade com a Emenda Constitucional n\u00ba 103, de 2019."}, {"id": "1684", "ano": "2025", "numero": "1", "tipo__sigla": "REQ", "tipo__descricao": "Requerimento", "autoria": "Pastor Gustavo Lucena", "texto_original": "http://sapl.riachodasalmas.pe.leg.br/media/sapl/public/materialegislativa/2025/1684/requerimento_01.pdf", "ementa": "No sentido de que seja feita a reforma completa da quadra esportiva da Vila Rangel (incluindo ilumina\u00e7\u00e3o, piso e alambrado)."}, {"id": "1685", "ano": "2025", "numero": "2", "tipo__sigla": "REQ", "tipo__descricao": "Requerimento", "autoria": "Pastor Gustavo Lucena", "texto_original": "http://sapl.riachodasalmas.pe.leg.br/media/sapl/public/materialegislativa/2025/1685/requerimento_02.pdf", "ementa": "No sentido de que seja feita a destina\u00e7\u00e3o de uma ambul\u00e2ncia para a Unidade B\u00e1sica de Sa\u00fade da Vila Rangel."}, {"id": "1686", "ano": "2025", "numero": "3", "tipo__sigla": "REQ", "tipo__descricao": "Requerimento", "autoria": "Pastor Gustavo Lucena", "texto_original": "http://sapl.riachodasalmas.pe.leg.br/media/sapl/public/materialegislativa/2025/1686/requerimento_03.pdf", "ementa": "No sentido de que seja feita a aquisi\u00e7\u00e3o de (02) duas Vans escolares para a Secretaria de Educa\u00e7\u00e3o."}, {"id": "1687", "ano": "2025", "numero": "4", "tipo__sigla": "REQ", "tipo__descricao": "Requerimento", "autoria": "Pastor Gustavo Lucena", "texto_original": "http://sapl.riachodasalmas.pe.leg.br/media/sapl/public/materialegislativa/2025/1687/requerimento_04.pdf", "ementa": "No sentido de que seja feita a cobertura da Feira Livre deste Munic\u00edpio."}, {"id": "1688", "ano": "2025", "numero": "5", "tipo__sigla": "REQ", "tipo__descricao": "Requerimento", "autoria": "Pastor Gustavo Lucena", "texto_original": "http://sapl.riachodasalmas.pe.leg.br/media/sapl/public/materialegislativa/2025/1688/requerimento_05.pdf", "ementa": "No sentido de que seja feita a reforma do Campo Municipal transformando o mesmo em um est\u00e1dio moderno."}, {"id": "1689", "ano": "2025", "numero": "6", "tipo__sigla": "REQ", "tipo__descricao": "Requerimento", "autoria": "Abenildo da Ramada", "texto_original": "http://sapl.riachodasalmas.pe.leg.br/media/sapl/public/materialegislativa/2025/1689/requerimento_006.pdf", "ementa": "No sentido de que seja feita a constru\u00e7\u00e3o de duas passagens molhadas no povoado Dois Riachos, pr\u00f3ximo a resid\u00eancia do Sr. A\u00e9cio."}, {"id": "1690", "ano": "2025", "numero": "7", "tipo__sigla": "REQ", "tipo__descricao": "Requerimento", "autoria": "Abenildo da Ramada", "texto_original": "http://sapl.riachodasalmas.pe.leg.br/media/sapl/public/materialegislativa/2025/1690/requerimento_007.pdf", "ementa": "No sentido de que seja feita a constru\u00e7\u00e3o de uma passagem molhada no povoado Dois Riachos, pr\u00f3ximo \u00e0 resid\u00eancia do Sr. Z\u00e9 de Cazuza."}, {"id": "1691", "ano": "2025", "numero": "8", "tipo__sigla": "REQ", "tipo__descricao": "Requerimento", "autoria": "Abenildo da Ramada", "texto_original": "http://sapl.riachodasalmas.pe.leg.br/media/sapl/public/materialegislativa/2025/1691/requerimento_008.pdf", "ementa": "No sentido de que seja feita a constru\u00e7\u00e3o de uma passagem molhada no S\u00edtio Tanquinhos."}, {"id": "1692", "ano": "2025", "numero": "9", "tipo__sigla": "REQ", "tipo__descricao": "Requerimento", "autoria": "Abenildo da Ramada", "texto_original": "http://sapl.riachodasalmas.pe.leg.br/media/sapl/public/materialegislativa/2025/1692/requerimento_009.pdf", "ementa": "No sentido de que seja feito o cal\u00e7amento nas \u00faltimas tr\u00eas ruas projetadas da Vila de Trapi\u00e1, que ainda est\u00e3o sem pavimenta\u00e7\u00e3o."}, {"id": "1693", "ano": "2025", "numero": "10", "tipo__sigla": "REQ", "tipo__descricao": "Requerimento", "autoria": "Abenildo da Ramada", "texto_original": "http://sapl.riachodasalmas.pe.leg.br/media/sapl/public/materialegislativa/2025/1693/requerimento_010.pdf", "ementa": "No sentido de que seja feita a pavimenta\u00e7\u00e3o asf\u00e1ltica na Avenida Arthur Rosendo, na Vila Trapi\u00e1."}, {"id": "1694", "ano": "2025", "numero": "11", "tipo__sigla": "REQ", "tipo__descricao": "Requerimento", "autoria": "Pipi Marchante", "texto_original": "http://sapl.riachodasalmas.pe.leg.br/media/sapl/public/materialegislativa/2025/1694/requerimento_11.pdf", "ementa": "No sentido de que seja feito o cal\u00e7amento da Rua Raul Bandeira, no Bairro Santa Terezinha, neste Munic\u00edpio."}, {"id": "1695", "ano": "2025", "numero": "12", "tipo__sigla": "REQ", "tipo__descricao": "Requerimento", "autoria": "Pipi Marchante", "texto_original": "http://sapl.riachodasalmas.pe.leg.br/media/sapl/public/materialegislativa/2025/1695/requerimento_12.pdf", "ementa": "No sentido de que seja feito o cal\u00e7amento da Rua Padre Edson Pereira (Rua por tr\u00e1s da Prefeitura)."}, {"id": "1696", "ano": "2025", "numero": "13", "tipo__sigla": "REQ", "tipo__descricao": "Requerimento", "autoria": "Pipi Marchante", "texto_original": "http://sapl.riachodasalmas.pe.leg.br/media/sapl/public/materialegislativa/2025/1696/requerimento_13.pdf", "ementa": "No sentido de que sejam feitos servi\u00e7os de saneamento, \u00e1gua e cal\u00e7amento da Vila Z\u00e9 de C\u00edcero."}, {"id": "1697", "ano": "2025", "numero": "14", "tipo__sigla": "REQ", "tipo__descricao": "Requerimento", "autoria": "Tiago do Rangel", "texto_original": "http://sapl.riachodasalmas.pe.leg.br/media/sapl/public/materialegislativa/2025/1697/requerimento_014.pdf", "ementa": "No sentido de que seja feita a requalifica\u00e7\u00e3o da pra\u00e7a da Vila Rangel, incluindo melhorias na ilumina\u00e7\u00e3o, \u00e1reas de conviv\u00eancia e jardinagem."}, {"id": "1698", "ano": "2025", "numero": "15", "tipo__sigla": "REQ", "tipo__descricao": "Requerimento", "autoria": "Tiago do Rangel", "texto_original": "http://sapl.riachodasalmas.pe.leg.br/media/sapl/public/materialegislativa/2025/1698/requerimento_015.pdf", "ementa": "No sentido de que seja feito o Cal\u00e7amento da liga\u00e7\u00e3o da rua projetada Jo\u00e3o Chico que liga o bairro da Salina, saindo da Janin Mota at\u00e9 a altura da rua Ladislau Fernandes de Sales."}, {"id": "1699", "ano": "2025", "numero": "16", "tipo__sigla": "REQ", "tipo__descricao": "Requerimento", "autoria": "Tiago do Rangel", "texto_original": "http://sapl.riachodasalmas.pe.leg.br/media/sapl/public/materialegislativa/2025/1699/requerimento_016.pdf", "ementa": "No sentido de que sejam feitas melhorias no p\u00e1tio da feira incluindo constru\u00e7\u00e3o de nova bateria de banheiros, com acessibilidade e asfalto do p\u00e1tio da feira e todo entorno."}, {"id": "1700", "ano": "2025", "numero": "17", "tipo__sigla": "REQ", "tipo__descricao": "Requerimento", "autoria": "Tiago do Rangel", "texto_original": "http://sapl.riachodasalmas.pe.leg.br/media/sapl/public/materialegislativa/2025/1700/requerimento_017.pdf", "ementa": "No sentido de que seja feito o Cal\u00e7amento da rua Maria Jos\u00e9 Gomes, ao lado do cemit\u00e9rio."}, {"id": "1701", "ano": "2025", "numero": "18", "tipo__sigla": "REQ", "tipo__descricao": "Requerimento", "autoria": "Tiago do Rangel", "texto_original": "http://sapl.riachodasalmas.pe.leg.br/media/sapl/public/materialegislativa/2025/1701/requerimento_018.pdf", "ementa": "No sentido de que seja feita a requalifica\u00e7\u00e3o e moderniza\u00e7\u00e3o do Audit\u00f3rio M\u00e1rio da Mota Limeira e instala\u00e7\u00e3o de um sistema de sonoriza\u00e7\u00e3o moderno e um tel\u00e3o multim\u00eddia, visando melhorar as condi\u00e7\u00f5es para a realiza\u00e7\u00e3o de reuni\u00f5es, palestras e semin\u00e1rios no local."}, {"id": "1702", "ano": "2025", "numero": "19", "tipo__sigla": "REQ", "tipo__descricao": "Requerimento", "autoria": "Pipi Marchante", "texto_original": "http://sapl.riachodasalmas.pe.leg.br/media/sapl/public/materialegislativa/2025/1702/requerimento_19.pdf", "ementa": "No sentido de que seja feito o cal\u00e7amento da Rua Jo\u00e3o Hip\u00f3lito de Medeiros, no Bairro Santa Terezinha, neste Munic\u00edpio."}, {"id": "1703", "ano": "2025", "numero": "20", "tipo__sigla": "REQ", "tipo__descricao": "Requerimento", "autoria": "Genival da Sa\u00fade", "texto_original": "http://sapl.riachodasalmas.pe.leg.br/media/sapl/public/materialegislativa/2025/1703/requerimento_20.pdf", "ementa": "No sentido de que seja feita a pavimenta\u00e7\u00e3o em paralelep\u00edpedos na rua que liga a sa\u00edda da Vila Trapi\u00e1 at\u00e9 a Rua Oleg\u00e1rio Coleta."}, {"id": "1704", "ano": "2025", "numero": "21", "tipo__sigla": "REQ", "tipo__descricao": "Requerimento", "autoria": "Genival da Sa\u00fade", "texto_original": "http://sapl.riachodasalmas.pe.leg.br/media/sapl/public/materialegislativa/2025/1704/requerimento_21.pdf", "ementa": "No sentido de que seja feita a extens\u00e3o da pavimenta\u00e7\u00e3o de paralelep\u00edpedos na Rua Oleg\u00e1rio coleta da casa do sr. Ant\u00f4nio Nestor at\u00e9 a frente da casa do sr. M\u00e1rio de Victor, sentido Lagoa de Tr\u00eas Irm\u00e3os."}, {"id": "1705", "ano": "2025", "numero": "22", "tipo__sigla": "REQ", "tipo__descricao": "Requerimento", "autoria": "Genival da Sa\u00fade", "texto_original": "http://sapl.riachodasalmas.pe.leg.br/media/sapl/public/materialegislativa/2025/1705/requerimento_22.pdf", "ementa": "No sentido de que seja feita a locada ou feita a aquisi\u00e7\u00e3o de uma casa de apoio para os pacientes que necessitam de hospitais na cidade de Recife."}, {"id": "1706", "ano": "2025", "numero": "23", "tipo__sigla": "REQ", "tipo__descricao": "Requerimento", "autoria": "Genival da Sa\u00fade", "texto_original": "http://sapl.riachodasalmas.pe.leg.br/media/sapl/public/materialegislativa/2025/1706/requerimento_23.pdf", "ementa": "No sentido de que seja feita a pavimenta\u00e7\u00e3o asf\u00e1ltica da Vila Trapi\u00e1 at\u00e9 a ponte que liga a Vila Patos (Frei Miguelinho)."}, {"id": "1707", "ano": "2025", "numero": "24", "tipo__sigla": "REQ", "tipo__descricao": "Requerimento", "autoria": "Professor Z\u00e9 Carlos", "texto_original": "http://sapl.riachodasalmas.pe.leg.br/media/sapl/public/materialegislativa/2025/1707/requerimento_24.pdf", "ementa": "No sentido de que seja feita a pavimenta\u00e7\u00e3o asf\u00e1ltica na Vila Couro D\u2019antas."}, {"id": "1708", "ano": "2025", "numero": "25", "tipo__sigla": "REQ", "tipo__descricao": "Requerimento", "autoria": "Professor Z\u00e9 Carlos", "texto_original": "http://sapl.riachodasalmas.pe.leg.br/media/sapl/public/materialegislativa/2025/1708/requerimento_25.pdf", "ementa": "No sentido de que seja feita a pavimenta\u00e7\u00e3o asf\u00e1ltica na Vila de Patos."}, {"id": "1709", "ano": "2025", "numero": "26", "tipo__sigla": "REQ", "tipo__descricao": "Requerimento", "autoria": "Professor Z\u00e9 Carlos", "texto_original": "http://sapl.riachodasalmas.pe.leg.br/media/sapl/public/materialegislativa/2025/1709/requerimento_26.pdf", "ementa": "No sentido de que seja feito o reajuste do valor referente a ajuda de custo aos operadores dos dessalinizadores do munic\u00edpio."}, {"id": "1710", "ano": "2025", "numero": "27", "tipo__sigla": "REQ", "tipo__descricao": "Requerimento", "autoria": "Jair do Jiquiri", "texto_original": "http://sapl.riachodasalmas.pe.leg.br/media/sapl/public/materialegislativa/2025/1710/requerimento_27.pdf", "ementa": "No sentido de que seja feita a constru\u00e7\u00e3o de tr\u00eas passagens molhadas que liga o Loteamento Jo\u00e3o Lula ao Bairro do Alto do Jiquiri."}, {"id": "1711", "ano": "2025", "numero": "28", "tipo__sigla": "REQ", "tipo__descricao": "Requerimento", "autoria": "Jair do Jiquiri", "texto_original": "http://sapl.riachodasalmas.pe.leg.br/media/sapl/public/materialegislativa/2025/1711/requerimento_28.pdf", "ementa": "No sentido de que seja feito o esgotamento da \u00e1gua do a\u00e7ude do Alto do Jiquiri."}, {"id": "1712", "ano": "2025", "numero": "29", "tipo__sigla": "REQ", "tipo__descricao": "Requerimento", "autoria": "Jair do Jiquiri", "texto_original": "http://sapl.riachodasalmas.pe.leg.br/media/sapl/public/materialegislativa/2025/1712/requerimento_29.pdf", "ementa": "No sentido de que seja feita uma estrutura para uma caixa d\u2019\u00e1gua na beira da estrada, em frente \u00e0 casa de seu Ci\u00e7o, no S\u00edtio Salgado."}, {"id": "1713", "ano": "2025", "numero": "30", "tipo__sigla": "REQ", "tipo__descricao": "Requerimento", "autoria": "Jair do Jiquiri", "texto_original": "http://sapl.riachodasalmas.pe.leg.br/media/sapl/public/materialegislativa/2025/1713/requerimento_30.pdf", "ementa": "No sentido de que seja feita a passagem molhada no S\u00edtio Bandeira , nas proximidades da morada de Lu\u00eds de Z\u00e9 Chico."}, {"id": "1714", "ano": "2025", "numero": "31", "tipo__sigla": "REQ", "tipo__descricao": "Requerimento", "autoria": "Dinho da Sa\u00fade", "texto_original": "http://sapl.riachodasalmas.pe.leg.br/media/sapl/public/materialegislativa/2025/1714/requerimento_31.pdf", "ementa": "No sentido de que seja feita a pavimenta\u00e7\u00e3o da Rua Ala\u00edde Ferreira da Silva, no bairro Limeira, nesta cidade."}, {"id": "1715", "ano": "2025", "numero": "32", "tipo__sigla": "REQ", "tipo__descricao": "Requerimento", "autoria": "Dinho da Sa\u00fade", "texto_original": "http://sapl.riachodasalmas.pe.leg.br/media/sapl/public/materialegislativa/2025/1715/requerimento_32.pdf", "ementa": "No sentido de que seja feita a pavimenta\u00e7\u00e3o da Rua Maria Cursino da Silva, ao lado da academia das cidades, onde mora a senhora Branca de Jo\u00e3o Bernardo."}, {"id": "1716", "ano": "2025", "numero": "33", "tipo__sigla": "REQ", "tipo__descricao": "Requerimento", "autoria": "Dinho da Sa\u00fade", "texto_original": "http://sapl.riachodasalmas.pe.leg.br/media/sapl/public/materialegislativa/2025/1716/requerimento_33.pdf", "ementa": "No sentido de que seja feita a pavimenta\u00e7\u00e3o da Rua Everton Cleiton de Moura, onde morava o popular Nec\u00e3o."}, {"id": "1717", "ano": "2025", "numero": "34", "tipo__sigla": "REQ", "tipo__descricao": "Requerimento", "autoria": "Dinho da Sa\u00fade", "texto_original": "http://sapl.riachodasalmas.pe.leg.br/media/sapl/public/materialegislativa/2025/1717/requerimento_034.pdf", "ementa": "No sentido de que sejam feitas as reformas estruturais na UBS da Vila Pinh\u00f5es, restaura\u00e7\u00e3o da placa que tem o nome do saudoso Gercino Barbosa de Lima e que seja feito o abastecimento mensalmente dos medicamentos que s\u00e3o destinados a ela conforme o Anexo I."}, {"id": "1718", "ano": "2025", "numero": "35", "tipo__sigla": "REQ", "tipo__descricao": "Requerimento", "autoria": "Dinho da Sa\u00fade", "texto_original": "http://sapl.riachodasalmas.pe.leg.br/media/sapl/public/materialegislativa/2025/1718/requerimento_035.pdf", "ementa": "No sentido de que seja feita uma pra\u00e7a com bancos, canteiro de \u00e1rvores, brinquedos e ilumina\u00e7\u00e3o de Led onde fica localizado o Cruzeiro, na Vila Patos."}, {"id": "1719", "ano": "2025", "numero": "36", "tipo__sigla": "REQ", "tipo__descricao": "Requerimento", "autoria": "Professor Z\u00e9 Carlos", "texto_original": "http://sapl.riachodasalmas.pe.leg.br/media/sapl/public/materialegislativa/2025/1719/requerimento_036.pdf", "ementa": "No sentido de que seja feita a aplica\u00e7\u00e3o de pi\u00e7arro nas estradas vicinais pr\u00f3ximas \u00e0s Vilas de Couro D\u2019antas, Pinh\u00f5es e Trapi\u00e1, interligando os s\u00edtios da regi\u00e3o."}, {"id": "1720", "ano": "2025", "numero": "37", "tipo__sigla": "REQ", "tipo__descricao": "Requerimento", "autoria": "Professor Z\u00e9 Carlos", "texto_original": "http://sapl.riachodasalmas.pe.leg.br/media/sapl/public/materialegislativa/2025/1720/requerimento_037.pdf", "ementa": "No sentido de que seja feita a revitaliza\u00e7\u00e3o e reforma da pra\u00e7a principal da Vila Pinh\u00f5es."}, {"id": "1732", "ano": "2025", "numero": "38", "tipo__sigla": "REQ", "tipo__descricao": "Requerimento", "autoria": "Abenildo da Ramada", "texto_original": "http://sapl.riachodasalmas.pe.leg.br/media/sapl/public/materialegislativa/2025/1732/requerimento_038.pdf", "ementa": "No sentido de que seja feito o cal\u00e7amento na Rua Projetada da Vila de Patos, onde mora o Sr. \u201cSeu Victor\u201d."}, {"id": "1733", "ano": "2025", "numero": "39", "tipo__sigla": "REQ", "tipo__descricao": "Requerimento", "autoria": "Abenildo da Ramada", "texto_original": "http://sapl.riachodasalmas.pe.leg.br/media/sapl/public/materialegislativa/2025/1733/requerimento_039.pdf", "ementa": "No sentido de que seja feito o cal\u00e7amento no S\u00edtio Lagoa de Tr\u00eas Irm\u00e3os, com in\u00edcio ao lado da casa de \u201cJos\u00e9\u201d at\u00e9 a casa de \u201cSeu Gino\u201d."}, {"id": "1734", "ano": "2025", "numero": "40", "tipo__sigla": "REQ", "tipo__descricao": "Requerimento", "autoria": "Abenildo da Ramada", "texto_original": "http://sapl.riachodasalmas.pe.leg.br/media/sapl/public/materialegislativa/2025/1734/requerimento_040.pdf", "ementa": "No sentido de que seja feito o cal\u00e7amento no S\u00edtio Carapot\u00f3s, com in\u00edcio ao lado da casa de \u201cNeguinho de Lolo\u201d, at\u00e9 a casa de \u201cSeu Nezinho\u201d, ex-vereador."}, {"id": "1735", "ano": "2025", "numero": "41", "tipo__sigla": "REQ", "tipo__descricao": "Requerimento", "autoria": "Abenildo da Ramada", "texto_original": "http://sapl.riachodasalmas.pe.leg.br/media/sapl/public/materialegislativa/2025/1735/requerimento_041.pdf", "ementa": "No sentido de que seja feita a destina\u00e7\u00e3o de 01 (uma) ambul\u00e2ncia para a UBS de Couro D\u2019Antas."}, {"id": "1736", "ano": "2025", "numero": "42", "tipo__sigla": "REQ", "tipo__descricao": "Requerimento", "autoria": "Abenildo da Ramada", "texto_original": "http://sapl.riachodasalmas.pe.leg.br/media/sapl/public/materialegislativa/2025/1736/requerimento_042.pdf", "ementa": "No sentido de que seja feita a solicita\u00e7\u00e3o ao Governo do Estado, na pessoa da Governadora Raquel Lyra, para proceder com a pavimenta\u00e7\u00e3o asf\u00e1ltica da PE \u2013 121 (que liga Riacho das Almas \u00e0 Vila Trapi\u00e1)."}, {"id": "1737", "ano": "2025", "numero": "43", "tipo__sigla": "REQ", "tipo__descricao": "Requerimento", "autoria": "Vandilson Barbeiro", "texto_original": "http://sapl.riachodasalmas.pe.leg.br/media/sapl/public/materialegislativa/2025/1737/requerimento_43.pdf", "ementa": "No sentido de que seja feia a constru\u00e7\u00e3o de um canal na Travessa Janin Mota ( Rua Projetada do canal, no bairro Jo\u00e3o Chico, C\u00f3digo de Logradouro 363)."}, {"id": "1738", "ano": "2025", "numero": "44", "tipo__sigla": "REQ", "tipo__descricao": "Requerimento", "autoria": "Vandilson Barbeiro", "texto_original": "http://sapl.riachodasalmas.pe.leg.br/media/sapl/public/materialegislativa/2025/1738/requerimento_44.pdf", "ementa": "No sentido de que seja feia a pavimenta\u00e7\u00e3o em paralelep\u00edpedos na Travessa Janin Mota ( Rua Projetada do canal, no bairro Jo\u00e3o Chico, C\u00f3digo de Logradouro 363)."}, {"id": "1739", "ano": "2025", "numero": "45", "tipo__sigla": "REQ", "tipo__descricao": "Requerimento", "autoria": "Vandilson Barbeiro", "texto_original": "http://sapl.riachodasalmas.pe.leg.br/media/sapl/public/materialegislativa/2025/1739/requerimento_45.pdf", "ementa": "No sentido de que seja feia a aplica\u00e7\u00e3o de telas de prote\u00e7\u00e3o no entorno do Campo de Futebol da Vila Couro D\u2019Antas."}, {"id": "1740", "ano": "2025", "numero": "46", "tipo__sigla": "REQ", "tipo__descricao": "Requerimento", "autoria": "Vandilson Barbeiro", "texto_original": "http://sapl.riachodasalmas.pe.leg.br/media/sapl/public/materialegislativa/2025/1740/requerimento_46.pdf", "ementa": "No sentido de que seja realizada a pavimenta\u00e7\u00e3o em paralelep\u00edpedos da denominada Rua da Creche, localizada no Bairro Celestino Ferreira, neste Munic\u00edpio."}, {"id": "1741", "ano": "2025", "numero": "47", "tipo__sigla": "REQ", "tipo__descricao": "Requerimento", "autoria": "Vandilson Barbeiro", "texto_original": "http://sapl.riachodasalmas.pe.leg.br/media/sapl/public/materialegislativa/2025/1741/requerimento_47.pdf", "ementa": "No sentido de seja feita a liga\u00e7\u00e3o de \u00e1gua da Compesa no S\u00edtio Camurim e no S\u00edtio Lagoa de Pinh\u00f5es, at\u00e9 Biu de Cazuza."}, {"id": "1742", "ano": "2025", "numero": "48", "tipo__sigla": "REQ", "tipo__descricao": "Requerimento", "autoria": "Professor Z\u00e9 Carlos", "texto_original": "http://sapl.riachodasalmas.pe.leg.br/media/sapl/public/materialegislativa/2025/1742/requerimento_48.pdf", "ementa": "No sentido de que seja feita a climatiza\u00e7\u00e3o das salas de sula na Escola Patr\u00edcia Cardoso, na Vila Couro D\u2019Antas."}, {"id": "1743", "ano": "2025", "numero": "49", "tipo__sigla": "REQ", "tipo__descricao": "Requerimento", "autoria": "Professor Z\u00e9 Carlos", "texto_original": "http://sapl.riachodasalmas.pe.leg.br/media/sapl/public/materialegislativa/2025/1743/requerimento_49.pdf", "ementa": "No sentido de que seja feita a amplia\u00e7\u00e3o do tempo do aux\u00edlio maternidade para servidoras municipais, de 120 dias para 180 dias (de 4 meses, para 6 meses)."}, {"id": "1744", "ano": "2025", "numero": "50", "tipo__sigla": "REQ", "tipo__descricao": "Requerimento", "autoria": "Dinho da Sa\u00fade", "texto_original": "http://sapl.riachodasalmas.pe.leg.br/media/sapl/public/materialegislativa/2025/1744/requerimento_50.pdf", "ementa": "No sentido de que seja feito o complemento da pavimenta\u00e7\u00e3o da Rua Isabel Ferreira da Silva, onde mora Luciano, filho do Sr. Do c\u00e9u, neste Munic\u00edpio."}, {"id": "1745", "ano": "2025", "numero": "51", "tipo__sigla": "REQ", "tipo__descricao": "Requerimento", "autoria": "Dinho da Sa\u00fade", "texto_original": "http://sapl.riachodasalmas.pe.leg.br/media/sapl/public/materialegislativa/2025/1745/requerimento_51.pdf", "ementa": "No sentido de que seja feita a liga\u00e7\u00e3o de \u00e1gua no S\u00edtio Areias, do posto de Reginaldo sentido a palho\u00e7a de Arlindo."}, {"id": "1746", "ano": "2025", "numero": "52", "tipo__sigla": "REQ", "tipo__descricao": "Requerimento", "autoria": "Dinho da Sa\u00fade", "texto_original": "http://sapl.riachodasalmas.pe.leg.br/media/sapl/public/materialegislativa/2025/1746/requerimento_52.pdf", "ementa": "No sentido de que seja feito o saneamento e pavimenta\u00e7\u00e3o de onde mora V\u00e2nia agente de sa\u00fade, at\u00e9 Sebasti\u00e3o de Arnaldo, na Vila Atalaia."}, {"id": "1747", "ano": "2025", "numero": "53", "tipo__sigla": "REQ", "tipo__descricao": "Requerimento", "autoria": "Dinho da Sa\u00fade", "texto_original": "http://sapl.riachodasalmas.pe.leg.br/media/sapl/public/materialegislativa/2025/1747/requerimento_53.pdf", "ementa": "No sentido de que sejam feitas melhorias na ilumina\u00e7\u00e3o e vesti\u00e1rio do campo de futebol na Vila Trapi\u00e1, bem como constru\u00e7\u00e3o de alambrados e instala\u00e7\u00e3o de redes de prote\u00e7\u00e3o por tr\u00e1s das barras."}, {"id": "1748", "ano": "2025", "numero": "54", "tipo__sigla": "REQ", "tipo__descricao": "Requerimento", "autoria": "Genival da Sa\u00fade", "texto_original": "http://sapl.riachodasalmas.pe.leg.br/media/sapl/public/materialegislativa/2025/1748/requerimento_54.pdf", "ementa": "No sentido de que seja constru\u00edda uma \u00e1rea recreativa no terreno localizado por tr\u00e1s da Escola Municipal Ant\u00f4nio Severino dos Santos, no s\u00edtio Ramada de Trapi\u00e1."}, {"id": "1749", "ano": "2025", "numero": "55", "tipo__sigla": "REQ", "tipo__descricao": "Requerimento", "autoria": "Genival da Sa\u00fade", "texto_original": "http://sapl.riachodasalmas.pe.leg.br/media/sapl/public/materialegislativa/2025/1749/requerimento_55.pdf", "ementa": "No sentido de que sejam instalados postes e refletores no campo do S\u00edtio Dois Riachos."}, {"id": "1750", "ano": "2025", "numero": "56", "tipo__sigla": "REQ", "tipo__descricao": "Requerimento", "autoria": "Genival da Sa\u00fade", "texto_original": "http://sapl.riachodasalmas.pe.leg.br/media/sapl/public/materialegislativa/2025/1750/requerimento_56.pdf", "ementa": "No sentido de que seja constru\u00edda uma Unidade de Sa\u00fade da Fam\u00edlia \u2013 UBS no S\u00edtio Bento, zona rural deste Munic\u00edpio."}, {"id": "1751", "ano": "2025", "numero": "57", "tipo__sigla": "REQ", "tipo__descricao": "Requerimento", "autoria": "Genival da Sa\u00fade", "texto_original": "http://sapl.riachodasalmas.pe.leg.br/media/sapl/public/materialegislativa/2025/1751/requerimento_57.pdf", "ementa": "No sentido de que seja feita a pavimenta\u00e7\u00e3o em paralelep\u00edpedos na Rua Jo\u00e3o Am\u00e2ncio Sobrinho (Jo\u00e3o de L\u00f3), por tr\u00e1s do a\u00e7ougue p\u00fablico da Vila de Trapi\u00e1."}, {"id": "1752", "ano": "2025", "numero": "58", "tipo__sigla": "REQ", "tipo__descricao": "Requerimento", "autoria": "Genival da Sa\u00fade", "texto_original": "http://sapl.riachodasalmas.pe.leg.br/media/sapl/public/materialegislativa/2025/1752/requerimento_58.pdf", "ementa": "No sentido de que seja feita a pavimenta\u00e7\u00e3o em paralelep\u00edpedos na Rua Jo\u00e3o Am\u00e2ncio Sobrinho (Jo\u00e3o de L\u00f3), por tr\u00e1s do a\u00e7ougue p\u00fablico da Vila de Trapi\u00e1."}, {"id": "1753", "ano": "2025", "numero": "59", "tipo__sigla": "REQ", "tipo__descricao": "Requerimento", "autoria": "Dinho da Sa\u00fade", "texto_original": "http://sapl.riachodasalmas.pe.leg.br/media/sapl/public/materialegislativa/2025/1753/requerimento_59.pdf", "ementa": "No sentido de que sejam constru\u00eddos vesti\u00e1rios, alambrados e instala\u00e7\u00e3o de redes de prote\u00e7\u00e3o por tr\u00e1s das barras no campo de futebol da Vila Vitorino."}, {"id": "1754", "ano": "2025", "numero": "60", "tipo__sigla": "REQ", "tipo__descricao": "Requerimento", "autoria": "Leandro da Sa\u00fade", "texto_original": "http://sapl.riachodasalmas.pe.leg.br/media/sapl/public/materialegislativa/2025/1754/requerimento_60.pdf", "ementa": "No sentido de que seja feita a pavimenta\u00e7\u00e3o asf\u00e1ltica da PE-95 at\u00e9 a Vila Vitorino."}, {"id": "1755", "ano": "2025", "numero": "61", "tipo__sigla": "REQ", "tipo__descricao": "Requerimento", "autoria": "Leandro da Sa\u00fade", "texto_original": "http://sapl.riachodasalmas.pe.leg.br/media/sapl/public/materialegislativa/2025/1755/requerimento_61.pdf", "ementa": "No sentido de que seja feita a pavimenta\u00e7\u00e3o asf\u00e1ltica ou em paralelep\u00edpedos, seguindo da PE-95 at\u00e9 a Vila Atalaia."}, {"id": "1756", "ano": "2025", "numero": "62", "tipo__sigla": "REQ", "tipo__descricao": "Requerimento", "autoria": "Leandro da Sa\u00fade", "texto_original": "http://sapl.riachodasalmas.pe.leg.br/media/sapl/public/materialegislativa/2025/1756/requerimento_62.pdf", "ementa": "No sentido de que seja feito o cal\u00e7amento em paralelep\u00edpedos da \u00faltima Rua no Cemit\u00e9rio deste munic\u00edpio."}, {"id": "1757", "ano": "2025", "numero": "63", "tipo__sigla": "REQ", "tipo__descricao": "Requerimento", "autoria": "Leandro da Sa\u00fade", "texto_original": "http://sapl.riachodasalmas.pe.leg.br/media/sapl/public/materialegislativa/2025/1757/requerimento_63.pdf", "ementa": "No sentido de que seja feito o reparo na encana\u00e7\u00e3o instalada por iniciativa popular, que segue do tanque de Fid\u00e9lis at\u00e9 o Grupo Ab\u00edlio Tim\u00f3teo, no S\u00edtio Cajueiro."}, {"id": "1758", "ano": "2025", "numero": "64", "tipo__sigla": "REQ", "tipo__descricao": "Requerimento", "autoria": "Leandro da Sa\u00fade", "texto_original": "http://sapl.riachodasalmas.pe.leg.br/media/sapl/public/materialegislativa/2025/1758/requerimento_64.pdf", "ementa": "No sentido de que seja feita a destina\u00e7\u00e3o de um carro m\u00f3vel do dentista para as comunidades do S\u00edtio Cajueiro e S\u00edtio Modesto, ao menos uma vez ao m\u00eas."}, {"id": "1759", "ano": "2025", "numero": "65", "tipo__sigla": "REQ", "tipo__descricao": "Requerimento", "autoria": "Pastor Gustavo Lucena", "texto_original": "http://sapl.riachodasalmas.pe.leg.br/media/sapl/public/materialegislativa/2025/1759/requerimento_065.pdf", "ementa": "No sentido de que seja feita a continuidade da pavimenta\u00e7\u00e3o em paralelep\u00edpedos, do posto de sa\u00fade at\u00e9 a casa de Alexandre de Jo\u00e3o Caramba, na Vila\r\nAtalaia."}, {"id": "1760", "ano": "2025", "numero": "66", "tipo__sigla": "REQ", "tipo__descricao": "Requerimento", "autoria": "Pastor Gustavo Lucena", "texto_original": "http://sapl.riachodasalmas.pe.leg.br/media/sapl/public/materialegislativa/2025/1760/requerimento_066.pdf", "ementa": "No sentido de que seja feita a continuidade da pavimenta\u00e7\u00e3o em paralelep\u00edpedos, da Igreja at\u00e9 a Escola, na Vila Atalaia."}, {"id": "1761", "ano": "2025", "numero": "67", "tipo__sigla": "REQ", "tipo__descricao": "Requerimento", "autoria": "Pastor Gustavo Lucena", "texto_original": "http://sapl.riachodasalmas.pe.leg.br/media/sapl/public/materialegislativa/2025/1761/requerimento_067.pdf", "ementa": "No sentido de que seja constru\u00eddo um vesti\u00e1rio no campo municipal no S\u00edtio Pororoca, conhecido como \u201cCampo do Jatob\u00e1\u201d"}, {"id": "1762", "ano": "2025", "numero": "68", "tipo__sigla": "REQ", "tipo__descricao": "Requerimento", "autoria": "Professor Z\u00e9 Carlos", "texto_original": "http://sapl.riachodasalmas.pe.leg.br/media/sapl/public/materialegislativa/2025/1762/requerimento_68.pdf", "ementa": "No sentido de que seja feita a climatiza\u00e7\u00e3o das salas de aulas na Escola Santos Cardoso, na Vila Pinh\u00f5es."}, {"id": "1763", "ano": "2025", "numero": "69", "tipo__sigla": "REQ", "tipo__descricao": "Requerimento", "autoria": "Professor Z\u00e9 Carlos", "texto_original": "http://sapl.riachodasalmas.pe.leg.br/media/sapl/public/materialegislativa/2025/1763/requerimento_69.pdf", "ementa": "No sentido de que seja feita a finaliza\u00e7\u00e3o da climatiza\u00e7\u00e3o das salas de aulas na Escola Jos\u00e9 Joaquim de Lima, na Vila Trapi\u00e1."}, {"id": "1764", "ano": "2025", "numero": "70", "tipo__sigla": "REQ", "tipo__descricao": "Requerimento", "autoria": "Professor Z\u00e9 Carlos", "texto_original": "http://sapl.riachodasalmas.pe.leg.br/media/sapl/public/materialegislativa/2025/1764/requerimento_70.pdf", "ementa": "No sentido de que seja feita a climatiza\u00e7\u00e3o das salas de aulas na Escola Odilon Montenegro, na Vila Patos."}, {"id": "1765", "ano": "2025", "numero": "71", "tipo__sigla": "REQ", "tipo__descricao": "Requerimento", "autoria": "Pastor Gustavo Lucena", "texto_original": "http://sapl.riachodasalmas.pe.leg.br/media/sapl/public/materialegislativa/2025/1765/requerimento_071.pdf", "ementa": "No sentido de que seja feita a extens\u00e3o do percurso do carro de lixo, que atualmente vai at\u00e9 'Z\u00e9 Ferreira' e sobe at\u00e9 o S\u00edtio Atalaia, devendo ser alterada para que ele des\u00e7a e passe por 'Zeninha Soares' (Chamb\u00e1), retornando para o S\u00edtio Atalaia."}, {"id": "1766", "ano": "2025", "numero": "72", "tipo__sigla": "REQ", "tipo__descricao": "Requerimento", "autoria": "Pastor Gustavo Lucena", "texto_original": "http://sapl.riachodasalmas.pe.leg.br/media/sapl/public/materialegislativa/2025/1766/requerimento_072.pdf", "ementa": "No sentido de que seja feita a extens\u00e3o do percurso do carro de lixo no \u2018Cabuji\u2019, que atualmente vai at\u00e9 o S\u00edtio Esmera, devendo ser alterada para que se estenda at\u00e9 Justo (onde tem o cruzeiro)."}, {"id": "1767", "ano": "2025", "numero": "73", "tipo__sigla": "REQ", "tipo__descricao": "Requerimento", "autoria": "Tiago do Rangel", "texto_original": "http://sapl.riachodasalmas.pe.leg.br/media/sapl/public/materialegislativa/2025/1767/requerimento_073.pdf", "ementa": "No sentido de que seja feita a liga\u00e7\u00e3o de \u00e1gua nos s\u00edtios: Alto Vermelho, Lagoa Cumprida e Serra Branca, esses s\u00edtios ficam em uma localiza\u00e7\u00e3o pr\u00f3xima de onde passa uma rede j\u00e1 existente que facilita a liga\u00e7\u00e3o para os mesmos."}, {"id": "1768", "ano": "2025", "numero": "74", "tipo__sigla": "REQ", "tipo__descricao": "Requerimento", "autoria": "Tiago do Rangel", "texto_original": "http://sapl.riachodasalmas.pe.leg.br/media/sapl/public/materialegislativa/2025/1768/requerimento_074.pdf", "ementa": "No sentido de que seja feita a constru\u00e7\u00e3o de uma passagem molhada no S\u00edtio Bento, pr\u00f3ximo \u00e0 casa de 'Seu Tuta'"}, {"id": "1769", "ano": "2025", "numero": "75", "tipo__sigla": "REQ", "tipo__descricao": "Requerimento", "autoria": "Tiago do Rangel", "texto_original": "http://sapl.riachodasalmas.pe.leg.br/media/sapl/public/materialegislativa/2025/1769/requerimento_075.pdf", "ementa": "No sentido de que seja feita a requalifica\u00e7\u00e3o e melhorias na Academia Pernambuco, incluindo a constru\u00e7\u00e3o de banheiros."}, {"id": "1770", "ano": "2025", "numero": "76", "tipo__sigla": "REQ", "tipo__descricao": "Requerimento", "autoria": "Tiago do Rangel", "texto_original": "http://sapl.riachodasalmas.pe.leg.br/media/sapl/public/materialegislativa/2025/1770/requerimento_076.pdf", "ementa": "No sentido de que seja feito o cal\u00e7amento na Rua Sebasti\u00e3o Monteiro da Silva, no Bairro M\u00e3e Rainha, neste Munic\u00edpio."}, {"id": "1771", "ano": "2025", "numero": "77", "tipo__sigla": "REQ", "tipo__descricao": "Requerimento", "autoria": "Tiago do Rangel", "texto_original": "http://sapl.riachodasalmas.pe.leg.br/media/sapl/public/materialegislativa/2025/1771/requerimento_077.pdf", "ementa": "No sentido de que seja feito o cal\u00e7amento da Rua Vereador Jos\u00e9 Bezerra da Silva e da Rua Projetada n\u00ba 16, na Vila Rangel."}, {"id": "1780", "ano": "2025", "numero": "78", "tipo__sigla": "REQ", "tipo__descricao": "Requerimento", "autoria": "Dinho da Sa\u00fade", "texto_original": "http://sapl.riachodasalmas.pe.leg.br/media/sapl/public/materialegislativa/2025/1780/requerimento_078.pdf", "ementa": "No sentido de que sejam feitas melhorias nos vesti\u00e1rios, bem como constru\u00e7\u00e3o de alambrados e instala\u00e7\u00e3o de redes de prote\u00e7\u00e3o por tr\u00e1s das barras no campo de futebol da Vila Rangel."}, {"id": "1781", "ano": "2025", "numero": "79", "tipo__sigla": "REQ", "tipo__descricao": "Requerimento", "autoria": "Dinho da Sa\u00fade", "texto_original": "http://sapl.riachodasalmas.pe.leg.br/media/sapl/public/materialegislativa/2025/1781/requerimento_079.pdf", "ementa": "No sentido de que seja constru\u00edda uma passagem molhada no riacho, no S\u00edtio Pororoca, sentido onde morava o Sr. \u201cZ\u00e9 de Nazinha\u201d."}, {"id": "1782", "ano": "2025", "numero": "80", "tipo__sigla": "REQ", "tipo__descricao": "Requerimento", "autoria": "Dinho da Sa\u00fade", "texto_original": "http://sapl.riachodasalmas.pe.leg.br/media/sapl/public/materialegislativa/2025/1782/requerimento_080.pdf", "ementa": "No sentido de que seja feita a climatiza\u00e7\u00e3o da Escola M\u00e1rio da Mota Limeira."}, {"id": "1783", "ano": "2025", "numero": "81", "tipo__sigla": "REQ", "tipo__descricao": "Requerimento", "autoria": "Dinho da Sa\u00fade", "texto_original": "http://sapl.riachodasalmas.pe.leg.br/media/sapl/public/materialegislativa/2025/1783/requerimento_081.pdf", "ementa": "No sentido de que seja feita a climatiza\u00e7\u00e3o do Centro Municipal de Educa\u00e7\u00e3o M\u00e3e Rainha, no Bairro Celestino Ferreira."}, {"id": "1784", "ano": "2025", "numero": "82", "tipo__sigla": "REQ", "tipo__descricao": "Requerimento", "autoria": "Dinho da Sa\u00fade", "texto_original": "http://sapl.riachodasalmas.pe.leg.br/media/sapl/public/materialegislativa/2025/1784/requerimento_082.pdf", "ementa": "No sentido de que seja feito o pi\u00e7arra mento da estrada vicinal no s\u00edtio Ch\u00e3 Comprida, iniciando na casa do Sr. Manoel Lucas at\u00e9 Nicinho, seguindo at\u00e9 a casa do Sr. Rivaldo, dando continuidade no s\u00edtio Logradouro at\u00e9 Lagoa da Jurema, finalizando na estrada principal em frente \u00e0 ch\u00e1cara de Alberes."}, {"id": "1785", "ano": "2025", "numero": "83", "tipo__sigla": "REQ", "tipo__descricao": "Requerimento", "autoria": "Pipi Marchante", "texto_original": "http://sapl.riachodasalmas.pe.leg.br/media/sapl/public/materialegislativa/2025/1785/requerimento_083.pdf", "ementa": "No sentido de que seja feito o pi\u00e7arra mento do in\u00edcio da cidade (Loteamento Gold Park), passando pelo S\u00edtio Lagoa de Pinh\u00f5es, at\u00e9 o Riacho de Ces\u00e1rio (entrando at\u00e9 a casa da m\u00e3e de Ladiael)."}, {"id": "1786", "ano": "2025", "numero": "84", "tipo__sigla": "REQ", "tipo__descricao": "Requerimento", "autoria": "Jair do Jiquiri", "texto_original": "http://sapl.riachodasalmas.pe.leg.br/media/sapl/public/materialegislativa/2025/1786/requerimento_084.pdf", "ementa": "No sentido de que sejam constru\u00eddas 03 (tr\u00eas) passagens molhadas no S\u00edtio Pau Ferro 2, na estrada que liga \u2018Seu Ivanildo Chagas\u2019 at\u00e9 os \u2018sem-terra\u2019. - Uma pr\u00f3xima \u00e0 morada de D\u00e3o de J\u00falio Pereira; - Uma pr\u00f3xima \u00e0 morada de Ailton de Para\u00edba; e - Uma pr\u00f3xima \u00e0 morada de Z\u00e9 de Barro;"}, {"id": "1787", "ano": "2025", "numero": "85", "tipo__sigla": "REQ", "tipo__descricao": "Requerimento", "autoria": "Vandilson Barbeiro", "texto_original": "http://sapl.riachodasalmas.pe.leg.br/media/sapl/public/materialegislativa/2025/1787/requerimento_085.pdf", "ementa": "No sentido de que seja finalizado o vesti\u00e1rio do campo do S\u00edtio Guaritas (cisterna, caixa d\u00b4\u00e1gua e 4 postes com refletores)."}, {"id": "1788", "ano": "2025", "numero": "86", "tipo__sigla": "REQ", "tipo__descricao": "Requerimento", "autoria": "Vandilson Barbeiro", "texto_original": "http://sapl.riachodasalmas.pe.leg.br/media/sapl/public/materialegislativa/2025/1788/requerimento_086.pdf", "ementa": "No sentido de que sejam feitos 02 (dois) quebra-molas, um na Rua Eloisa Ferreira, ao lado do Bar de Carlos, e outro ao lado do mercado do cruzeiro, na Rua da Saudade."}, {"id": "1789", "ano": "2025", "numero": "87", "tipo__sigla": "REQ", "tipo__descricao": "Requerimento", "autoria": "Vandilson Barbeiro", "texto_original": "http://sapl.riachodasalmas.pe.leg.br/media/sapl/public/materialegislativa/2025/1789/requerimento_087.pdf", "ementa": "No sentido de que seja feita a solicita\u00e7\u00e3o \u00e0 Celpe de altera\u00e7\u00e3o do endere\u00e7o do S\u00edtio Lagoa dos Pintos, zona rural de Cumaru/PE, para s\u00edtio Lagoa dos Pinh\u00f5es, endere\u00e7o pertencente a Riacho das Almas/PE."}, {"id": "1790", "ano": "2025", "numero": "88", "tipo__sigla": "REQ", "tipo__descricao": "Requerimento", "autoria": "Vandilson Barbeiro", "texto_original": "http://sapl.riachodasalmas.pe.leg.br/media/sapl/public/materialegislativa/2025/1790/requerimento_088.pdf", "ementa": "No sentido de que seja constru\u00eddo um vesti\u00e1rio no campo do Chic\u00e3o, localizado no S\u00edtio Chic\u00e3o, neste munic\u00edpio."}, {"id": "1791", "ano": "2025", "numero": "89", "tipo__sigla": "REQ", "tipo__descricao": "Requerimento", "autoria": "Vandilson Barbeiro", "texto_original": "http://sapl.riachodasalmas.pe.leg.br/media/sapl/public/materialegislativa/2025/1791/requerimento_089.pdf", "ementa": "No sentido de que sejam feitos dois banheiros (Masculino e Feminino) no p\u00e1tio da feira, em frente a Z\u00e9 Manoel."}, {"id": "1792", "ano": "2025", "numero": "90", "tipo__sigla": "REQ", "tipo__descricao": "Requerimento", "autoria": "Pastor Gustavo Lucena", "texto_original": "http://sapl.riachodasalmas.pe.leg.br/media/sapl/public/materialegislativa/2025/1792/requerimento_090.pdf", "ementa": "No sentido de que seja feito o cal\u00e7amento na Vila do Vitorino, na \u2018Rua de Marcone, cunhado de Lulinha\u2019."}, {"id": "1793", "ano": "2025", "numero": "91", "tipo__sigla": "REQ", "tipo__descricao": "Requerimento", "autoria": "Pastor Gustavo Lucena", "texto_original": "http://sapl.riachodasalmas.pe.leg.br/media/sapl/public/materialegislativa/2025/1793/requerimento_091.pdf", "ementa": "No sentido de que seja feita a sinaliza\u00e7\u00e3o com tinta no asfalto da Vila Pinh\u00f5es, nas faixas, lombadas, entre outros."}, {"id": "1794", "ano": "2025", "numero": "92", "tipo__sigla": "REQ", "tipo__descricao": "Requerimento", "autoria": "Pastor Gustavo Lucena", "texto_original": "http://sapl.riachodasalmas.pe.leg.br/media/sapl/public/materialegislativa/2025/1794/requerimento_092.pdf", "ementa": "No sentido de que seja feita a sinaliza\u00e7\u00e3o com tinta no asfalto da Vila Rangel, as faixas, lombadas, entre outros."}, {"id": "1795", "ano": "2025", "numero": "93", "tipo__sigla": "REQ", "tipo__descricao": "Requerimento", "autoria": "Jair do Jiquiri", "texto_original": "http://sapl.riachodasalmas.pe.leg.br/media/sapl/public/materialegislativa/2025/1795/requerimento_093.pdf", "ementa": "No sentido de que sejam feitas lombadas no cal\u00e7amento novo que liga a PE-95 \u00e0 Vila do Vitorino."}, {"id": "1796", "ano": "2025", "numero": "94", "tipo__sigla": "REQ", "tipo__descricao": "Requerimento", "autoria": "Jair do Jiquiri", "texto_original": "http://sapl.riachodasalmas.pe.leg.br/media/sapl/public/materialegislativa/2025/1796/requerimento_094.pdf", "ementa": "No sentido de que seja feito o pi\u00e7arra mento na Rua Projetada que conecta o 'Loteamento Chopinho' ao Bairro do Jiquir\u00ed, tendo como refer\u00eancia a Rua que passa em frente \u00e0 resid\u00eancia de 'Chopinho'."}, {"id": "1797", "ano": "2025", "numero": "95", "tipo__sigla": "REQ", "tipo__descricao": "Requerimento", "autoria": "Professor Z\u00e9 Carlos", "texto_original": "http://sapl.riachodasalmas.pe.leg.br/media/sapl/public/materialegislativa/2025/1797/requerimento_095.pdf", "ementa": "No sentido de seja feita a pavimenta\u00e7\u00e3o em paralelep\u00edpedos e constru\u00e7\u00e3o de uma pra\u00e7a no p\u00e1tio que fica em frente ao posto de sa\u00fade do S\u00edtio Pau-Ferro, conhecido como \u201cPosto de Buj\u00e3o\u201d."}, {"id": "1798", "ano": "2025", "numero": "96", "tipo__sigla": "REQ", "tipo__descricao": "Requerimento", "autoria": "Professor Z\u00e9 Carlos", "texto_original": "http://sapl.riachodasalmas.pe.leg.br/media/sapl/public/materialegislativa/2025/1798/requerimento_096.pdf", "ementa": "No sentido de que seja constru\u00edda uma passagem molhada no Riacho que liga o S\u00edtio Rendeiros ao S\u00edtio Ch\u00e3 Comprida (conhecido como Riacho de Seu Manoel Braz)."}, {"id": "1799", "ano": "2025", "numero": "97", "tipo__sigla": "REQ", "tipo__descricao": "Requerimento", "autoria": "Nestor do Bordado", "texto_original": "http://sapl.riachodasalmas.pe.leg.br/media/sapl/public/materialegislativa/2025/1799/requerimento_097.pdf", "ementa": "No sentido de que seja a feita a aquisi\u00e7\u00e3o e instala\u00e7\u00e3o de c\u00e2meras de v\u00eddeo monitoramento nos \u00f4nibus escolares do Munic\u00edpio."}, {"id": "1800", "ano": "2025", "numero": "98", "tipo__sigla": "REQ", "tipo__descricao": "Requerimento", "autoria": "Leandro da Sa\u00fade", "texto_original": "http://sapl.riachodasalmas.pe.leg.br/media/sapl/public/materialegislativa/2025/1800/requerimento_098.pdf", "ementa": "No sentido de que seja feita uma bueira no S\u00edtio Urubu."}, {"id": "1801", "ano": "2025", "numero": "99", "tipo__sigla": "REQ", "tipo__descricao": "Requerimento", "autoria": "Leandro da Sa\u00fade", "texto_original": "http://sapl.riachodasalmas.pe.leg.br/media/sapl/public/materialegislativa/2025/1801/requerimento_099.pdf", "ementa": "No sentido de que seja feita um portal na entrada da estrada da Vila Vitorino, identificando o Festival do Frio, o artesanato e voo livre."}, {"id": "1810", "ano": "2025", "numero": "100", "tipo__sigla": "REQ", "tipo__descricao": "Requerimento", "autoria": "Professor Z\u00e9 Carlos", "texto_original": "http://sapl.riachodasalmas.pe.leg.br/media/sapl/public/materialegislativa/2025/1810/requerimento_100.pdf", "ementa": "No sentido de que seja feita a climatiza\u00e7\u00e3o da Escola Municipal Luiz Francisco da Silva, na Vila Vitorino."}, {"id": "1811", "ano": "2025", "numero": "101", "tipo__sigla": "REQ", "tipo__descricao": "Requerimento", "autoria": "Abenildo da Ramada", "texto_original": "http://sapl.riachodasalmas.pe.leg.br/media/sapl/public/materialegislativa/2025/1811/requerimento_101.pdf", "ementa": "No sentido de que sejam feitas duas lombadas neste munic\u00edpio. Refer\u00eancias: Uma no Bairro Nova Esperan\u00e7a, na Rua Juvenal Ferreira da Silva, pr\u00f3ximo \u00e0 casa do Irm\u00e3o Nilton; Uma na Avenida Severino Basio do Nascimento, Bairro Gold Park, pr\u00f3ximo \u00e0 casa de Lenilson Barbosa."}, {"id": "1812", "ano": "2025", "numero": "102", "tipo__sigla": "REQ", "tipo__descricao": "Requerimento", "autoria": "Abenildo da Ramada", "texto_original": "http://sapl.riachodasalmas.pe.leg.br/media/sapl/public/materialegislativa/2025/1812/requerimento_102.pdf", "ementa": "No sentido de que seja feita a aquisi\u00e7\u00e3o de placas de energia solar para que seja feita uma usina de energia solar, para as escolas do munic\u00edpio."}, {"id": "1813", "ano": "2025", "numero": "103", "tipo__sigla": "REQ", "tipo__descricao": "Requerimento", "autoria": "Abenildo da Ramada", "texto_original": "http://sapl.riachodasalmas.pe.leg.br/media/sapl/public/materialegislativa/2025/1813/requerimento_103.pdf", "ementa": "No sentido de que seja feito o pi\u00e7arra mento na estrada do S\u00edtio Tanquinhos, com in\u00edcio da casa de \u2018Queilson\u2019, at\u00e9 a casa da professora Amanda."}, {"id": "1814", "ano": "2025", "numero": "104", "tipo__sigla": "REQ", "tipo__descricao": "Requerimento", "autoria": "Abenildo da Ramada", "texto_original": "http://sapl.riachodasalmas.pe.leg.br/media/sapl/public/materialegislativa/2025/1814/requerimento_104.pdf", "ementa": "No sentido de que seja feito o pi\u00e7arra mento da estrada que liga a Vila Trapi\u00e1 \u00e0 Lagoa de Tr\u00eas Irm\u00e3os."}, {"id": "1815", "ano": "2025", "numero": "105", "tipo__sigla": "REQ", "tipo__descricao": "Requerimento", "autoria": "Abenildo da Ramada", "texto_original": "http://sapl.riachodasalmas.pe.leg.br/media/sapl/public/materialegislativa/2025/1815/requerimento_105.pdf", "ementa": "No sentido de que seja dado ao Deputado Ant\u00f4nio Moraes o T\u00edtulo de Cidad\u00e3o Riachense."}, {"id": "1816", "ano": "2025", "numero": "106", "tipo__sigla": "REQ", "tipo__descricao": "Requerimento", "autoria": "Pastor Gustavo Lucena", "texto_original": "http://sapl.riachodasalmas.pe.leg.br/media/sapl/public/materialegislativa/2025/1816/requerimento_106.pdf", "ementa": "No sentido de que seja feita a pavimenta\u00e7\u00e3o asf\u00e1ltica na Avenida Jo\u00e3o Pereira de Lima. Da igreja S\u00e3o Jo\u00e3o Batista at\u00e9 o col\u00e9gio da Atalaia."}, {"id": "1817", "ano": "2025", "numero": "107", "tipo__sigla": "REQ", "tipo__descricao": "Requerimento", "autoria": "Dinho da Sa\u00fade", "texto_original": "http://sapl.riachodasalmas.pe.leg.br/media/sapl/public/materialegislativa/2025/1817/requerimento_107.pdf", "ementa": "No sentido de que seja realizada a contrata\u00e7\u00e3o de um profissional dentista, bem como a aquisi\u00e7\u00e3o de um compressor odontol\u00f3gico, para que os atendimentos voltem a acontecer na UBS do \u2018Chic\u00e3o\u2019. Ademais, melhorias na infraestrutura do pr\u00e9dio, restaura\u00e7\u00e3o da placa de entrada da UBS, e uma dedetiza\u00e7\u00e3o urgente devido \u00e0s fezes de morcegos e o mau cheiro na Unidade de Sa\u00fade."}, {"id": "1818", "ano": "2025", "numero": "108", "tipo__sigla": "REQ", "tipo__descricao": "Requerimento", "autoria": "Professor Z\u00e9 Carlos", "texto_original": "http://sapl.riachodasalmas.pe.leg.br/media/sapl/public/materialegislativa/2025/1818/requerimento_108.pdf", "ementa": "No sentido de que seja feita climatiza\u00e7\u00e3o na Escola Municipal Enedina Maria de Lima, na Vila Atalaia."}, {"id": "1819", "ano": "2025", "numero": "109", "tipo__sigla": "REQ", "tipo__descricao": "Requerimento", "autoria": "Pastor Gustavo Lucena", "texto_original": "http://sapl.riachodasalmas.pe.leg.br/media/sapl/public/materialegislativa/2025/1819/requerimento_109.pdf", "ementa": "No sentido de que seja feita a pavimenta\u00e7\u00e3o em paralelep\u00edpedos na Rua Jos\u00e9 Caetano de Deus, na Vila Trapi\u00e1. (C\u00f3digo de logradouro: 411)"}, {"id": "1820", "ano": "2025", "numero": "110", "tipo__sigla": "REQ", "tipo__descricao": "Requerimento", "autoria": "Pastor Gustavo Lucena", "texto_original": "http://sapl.riachodasalmas.pe.leg.br/media/sapl/public/materialegislativa/2025/1820/requerimento_110.pdf", "ementa": "No sentido de que seja feita a liga\u00e7\u00e3o de \u00e1gua na Rua Jos\u00e9 Caetano de Deus, na Vila Trapi\u00e1. (C\u00f3digo de logradouro: 411)"}, {"id": "1821", "ano": "2025", "numero": "111", "tipo__sigla": "REQ", "tipo__descricao": "Requerimento", "autoria": "Pastor Gustavo Lucena", "texto_original": "http://sapl.riachodasalmas.pe.leg.br/media/sapl/public/materialegislativa/2025/1821/requerimento_111.pdf", "ementa": "No sentido de que seja enviado um carro para fazer a coleta de lixo na Rua Jos\u00e9 Caetano de Deus, na Vila Trapi\u00e1. (C\u00f3digo de logradouro: 411)"}, {"id": "1822", "ano": "2025", "numero": "112", "tipo__sigla": "REQ", "tipo__descricao": "Requerimento", "autoria": "Pastor Gustavo Lucena", "texto_original": "http://sapl.riachodasalmas.pe.leg.br/media/sapl/public/materialegislativa/2025/1822/requerimento_112.pdf", "ementa": "No sentido de que seja feita a pavimenta\u00e7\u00e3o em paralelep\u00edpedos na Vila Rangel, do ponto de \u00f4nibus at\u00e9 a entrada da Vila."}, {"id": "1823", "ano": "2025", "numero": "113", "tipo__sigla": "REQ", "tipo__descricao": "Requerimento", "autoria": "Professor Z\u00e9 Carlos", "texto_original": "http://sapl.riachodasalmas.pe.leg.br/media/sapl/public/materialegislativa/2025/1823/requerimento_113.pdf", "ementa": "No sentido de que seja feita a constru\u00e7\u00e3o de uma sala para o atendimento educacional especializado na Escola Santos Cardoso, Vila Pinh\u00f5es."}, {"id": "1824", "ano": "2025", "numero": "114", "tipo__sigla": "REQ", "tipo__descricao": "Requerimento", "autoria": "Tiago do Rangel", "texto_original": "http://sapl.riachodasalmas.pe.leg.br/media/sapl/public/materialegislativa/2025/1824/requerimento_114.pdf", "ementa": "No sentido de que seja feita a climatiza\u00e7\u00e3o e forragem das salas da Escola Municipal Manoel Soares no S\u00edtio Guaritas."}, {"id": "1825", "ano": "2025", "numero": "115", "tipo__sigla": "REQ", "tipo__descricao": "Requerimento", "autoria": "Tiago do Rangel", "texto_original": "http://sapl.riachodasalmas.pe.leg.br/media/sapl/public/materialegislativa/2025/1825/requerimento_115.pdf", "ementa": "No sentido de que seja feita a coloca\u00e7\u00e3o de equipamentos para pr\u00e1tica de exerc\u00edcios f\u00edsicos nas pra\u00e7as das Vilas Rangel e Pinh\u00f5es."}, {"id": "1826", "ano": "2025", "numero": "116", "tipo__sigla": "REQ", "tipo__descricao": "Requerimento", "autoria": "Tiago do Rangel", "texto_original": "http://sapl.riachodasalmas.pe.leg.br/media/sapl/public/materialegislativa/2025/1826/requerimento_116.pdf", "ementa": "No sentido de que seja feita a nomea\u00e7\u00e3o da Cozinha Comunit\u00e1ria localizada no Bairro Nossa Senhora das Gra\u00e7as, em homenagem a Maria Cursino da Silva, conhecida carinhosamente como \u2018Minininha\u2019."}, {"id": "1827", "ano": "2025", "numero": "117", "tipo__sigla": "REQ", "tipo__descricao": "Requerimento", "autoria": "Dinho da Sa\u00fade", "texto_original": "http://sapl.riachodasalmas.pe.leg.br/media/sapl/public/materialegislativa/2025/1827/requerimento_117.pdf", "ementa": "No sentido de que seja providenciado um espa\u00e7o para constru\u00e7\u00e3o de um campo de futebol para ocorrer jogos na Vila Patos."}, {"id": "1828", "ano": "2025", "numero": "118", "tipo__sigla": "REQ", "tipo__descricao": "Requerimento", "autoria": "Dinho da Sa\u00fade", "texto_original": "http://sapl.riachodasalmas.pe.leg.br/media/sapl/public/materialegislativa/2025/1828/requerimento_118.pdf", "ementa": "No sentido de que sejam implantados trocadores/frald\u00e1rios nas Unidades de Sa\u00fade e Hospital do nosso munic\u00edpio."}, {"id": "1829", "ano": "2025", "numero": "119", "tipo__sigla": "REQ", "tipo__descricao": "Requerimento", "autoria": "Tiago do Rangel", "texto_original": "http://sapl.riachodasalmas.pe.leg.br/media/sapl/public/materialegislativa/2025/1829/requerimento_119.pdf", "ementa": "No sentido de que seja feito o cal\u00e7amento do complemento da Rua Manoel Ferreira de Lucena Neto, na Vila Rangel, at\u00e9 a frente da UBS. (C\u00f3digo de logradouro: 370)."}, {"id": "1830", "ano": "2025", "numero": "120", "tipo__sigla": "REQ", "tipo__descricao": "Requerimento", "autoria": "Tiago do Rangel", "texto_original": "http://sapl.riachodasalmas.pe.leg.br/media/sapl/public/materialegislativa/2025/1830/requerimento_120.pdf", "ementa": "No sentido de que seja feita a nomea\u00e7\u00e3o da pra\u00e7a da Vila de Couro D\u2019Antas, para \u2018Manoel Lu\u00eds da Silva\u2019."}, {"id": "1831", "ano": "2025", "numero": "121", "tipo__sigla": "REQ", "tipo__descricao": "Requerimento", "autoria": "Vandilson Barbeiro", "texto_original": "http://sapl.riachodasalmas.pe.leg.br/media/sapl/public/materialegislativa/2025/1831/requerimento_121.pdf", "ementa": "No sentido de que seja solicitado ao Munic\u00edpio a implementa\u00e7\u00e3o de duas lombadas na PE-95, neste munic\u00edpio, no bairro COHAB, uma em frente ao posto de gasolina e outra em frente ao restaurante de Pedro."}, {"id": "1832", "ano": "2025", "numero": "122", "tipo__sigla": "REQ", "tipo__descricao": "Requerimento", "autoria": "Vandilson Barbeiro", "texto_original": "http://sapl.riachodasalmas.pe.leg.br/media/sapl/public/materialegislativa/2025/1832/requerimento_122.pdf", "ementa": "No sentido de que seja solicitado ao DER a implementa\u00e7\u00e3o de duas lombadas na PE-95, neste munic\u00edpio, no bairro Cohab, uma em frente ao posto de gasolina e outra em frente ao restaurante de Pedro."}, {"id": "1833", "ano": "2025", "numero": "123", "tipo__sigla": "REQ", "tipo__descricao": "Requerimento", "autoria": "Dinho da Sa\u00fade", "texto_original": "http://sapl.riachodasalmas.pe.leg.br/media/sapl/public/materialegislativa/2025/1833/requerimento_123.pdf", "ementa": "No sentido de que seja feita a pavimenta\u00e7\u00e3o em paralelep\u00edpedos e saneamento b\u00e1sico no S\u00edtio Lagoa de Tr\u00eas Irm\u00e3os, na Rua do \u2018Sr. Wanderson\u2019, conhecido como \u2018Nino\u2019."}, {"id": "1834", "ano": "2025", "numero": "124", "tipo__sigla": "REQ", "tipo__descricao": "Requerimento", "autoria": "Dinho da Sa\u00fade", "texto_original": "http://sapl.riachodasalmas.pe.leg.br/media/sapl/public/materialegislativa/2025/1834/requerimento_124.pdf", "ementa": "No sentido de que seja feita a constru\u00e7\u00e3o de uma pra\u00e7a p\u00fablica na Vila Atalaia, com bancos, canteiro de \u00e1rvores, brinquedos e ilumina\u00e7\u00e3o de led"}, {"id": "1835", "ano": "2025", "numero": "125", "tipo__sigla": "REQ", "tipo__descricao": "Requerimento", "autoria": "Professor Z\u00e9 Carlos", "texto_original": "http://sapl.riachodasalmas.pe.leg.br/media/sapl/public/materialegislativa/2025/1835/requerimento_125.pdf", "ementa": "No sentido de que o prefeito solicite ao DER a implementa\u00e7\u00e3o de uma lombada eletr\u00f4nica de 40 km/h na PE-95 em frente ao Restaurante de Pedro."}, {"id": "1836", "ano": "2025", "numero": "126", "tipo__sigla": "REQ", "tipo__descricao": "Requerimento", "autoria": "Professor Z\u00e9 Carlos", "texto_original": "http://sapl.riachodasalmas.pe.leg.br/media/sapl/public/materialegislativa/2025/1836/requerimento_126.pdf", "ementa": "No sentido de que seja solicitado a prefeitura, a implementa\u00e7\u00e3o de uma lombada eletr\u00f4nica de 40 km/h na PE-95 em frente ao Restaurante de Pedro."}, {"id": "1840", "ano": "2025", "numero": "127", "tipo__sigla": "REQ", "tipo__descricao": "Requerimento", "autoria": "Jair do Jiquiri", "texto_original": "http://sapl.riachodasalmas.pe.leg.br/media/sapl/public/materialegislativa/2025/1840/requerimento_127.pdf", "ementa": "No sentido de que seja feita a instala\u00e7\u00e3o do po\u00e7o artesiano e dessalinizador do Alto do Jiquiri, neste Munic\u00edpio."}, {"id": "1841", "ano": "2025", "numero": "128", "tipo__sigla": "REQ", "tipo__descricao": "Requerimento", "autoria": "Genival da Sa\u00fade", "texto_original": "http://sapl.riachodasalmas.pe.leg.br/media/sapl/public/materialegislativa/2025/1841/requerimento_128.pdf", "ementa": "No sentido de que sejam feitos os reparos nas l\u00e2mpadas dos postes na comunidade de Lagoa de Tr\u00eas Irm\u00e3os, pois h\u00e1 5 (cinco) l\u00e2mpadas apagadas na Rua principal e ao lado da Escola."}, {"id": "1842", "ano": "2025", "numero": "129", "tipo__sigla": "REQ", "tipo__descricao": "Requerimento", "autoria": "Genival da Sa\u00fade", "texto_original": "http://sapl.riachodasalmas.pe.leg.br/media/sapl/public/materialegislativa/2025/1842/requerimento_129.pdf", "ementa": "No sentido de que seja criada uma sala especializada em Fisioterapia na UBS da Vila Trapi\u00e1."}, {"id": "1843", "ano": "2025", "numero": "130", "tipo__sigla": "REQ", "tipo__descricao": "Requerimento", "autoria": "Genival da Sa\u00fade", "texto_original": "http://sapl.riachodasalmas.pe.leg.br/media/sapl/public/materialegislativa/2025/1843/requerimento_130.pdf", "ementa": "No sentido de que sejam constru\u00eddos dois banheiros p\u00fablicos com acessibilidade no Cemit\u00e9rio Frei Dami\u00e3o, na Vila Trapi\u00e1."}, {"id": "1844", "ano": "2025", "numero": "131", "tipo__sigla": "REQ", "tipo__descricao": "Requerimento", "autoria": "Genival da Sa\u00fade", "texto_original": "http://sapl.riachodasalmas.pe.leg.br/media/sapl/public/materialegislativa/2025/1844/requerimento_131.pdf", "ementa": "No sentido de que seja constru\u00eddo um vel\u00f3rio p\u00fablico no cemit\u00e9rio Frei Dami\u00e3o, na Vila Trapi\u00e1."}, {"id": "1845", "ano": "2025", "numero": "132", "tipo__sigla": "REQ", "tipo__descricao": "Requerimento", "autoria": "Genival da Sa\u00fade", "texto_original": "http://sapl.riachodasalmas.pe.leg.br/media/sapl/public/materialegislativa/2025/1845/requerimento_132.pdf", "ementa": "No sentido de que seja feita a passagem do carro \u2018fumac\u00ea\u2019 por toda a cidade."}, {"id": "1846", "ano": "2025", "numero": "133", "tipo__sigla": "REQ", "tipo__descricao": "Requerimento", "autoria": "Dinho da Sa\u00fade", "texto_original": "http://sapl.riachodasalmas.pe.leg.br/media/sapl/public/materialegislativa/2025/1846/requerimento_133.pdf", "ementa": "No sentido de que seja feita a remo\u00e7\u00e3o dos quebra-molas feitos com guias de meio fio e a implanta\u00e7\u00e3o de novos de acordo com o C\u00f3digo de Tr\u00e2nsito Brasileiro (CTB). Melhorias em v\u00e1rios quebra-molas espalhados pela cidade, bem como implanta\u00e7\u00e3o de placas de identifica\u00e7\u00e3o e pinturas em todos, sem exce\u00e7\u00e3o, se estendendo para todas as vilas deste munic\u00edpio."}, {"id": "1847", "ano": "2025", "numero": "134", "tipo__sigla": "REQ", "tipo__descricao": "Requerimento", "autoria": "Dinho da Sa\u00fade", "texto_original": "http://sapl.riachodasalmas.pe.leg.br/media/sapl/public/materialegislativa/2025/1847/requerimento_134.pdf", "ementa": "No sentido de que seja feita a constru\u00e7\u00e3o de uma passagem molhada no S\u00edtio Chamb\u00e1, na ladeira pr\u00f3xima a casa de Z\u00e9 Caetano."}, {"id": "1848", "ano": "2025", "numero": "135", "tipo__sigla": "REQ", "tipo__descricao": "Requerimento", "autoria": "Abenildo da Ramada", "texto_original": "http://sapl.riachodasalmas.pe.leg.br/media/sapl/public/materialegislativa/2025/1848/requerimento_135.pdf", "ementa": "No sentido de que seja feita extens\u00e3o de 80 (oitenta) metros da pavimenta\u00e7\u00e3o em paralelep\u00edpedos existente do S\u00edtio Ramada de Trapi\u00e1. (C\u00f3digo de Logradouro n\u00ba 358)"}, {"id": "1849", "ano": "2025", "numero": "136", "tipo__sigla": "REQ", "tipo__descricao": "Requerimento", "autoria": "Abenildo da Ramada", "texto_original": "http://sapl.riachodasalmas.pe.leg.br/media/sapl/public/materialegislativa/2025/1849/requerimento_136.pdf", "ementa": "No sentido de que seja feita a constru\u00e7\u00e3o de tr\u00eas (03) paradas de \u00f4nibus. Refer\u00eancias: uma pr\u00f3ximo ao posto de Reginaldo, na entrada do s\u00edtio Areias; uma no S\u00edtio Bento, em frente \u00e0 casa de Pujuca; e uma na entrada do S\u00edtio Trapi\u00e1."}, {"id": "1850", "ano": "2025", "numero": "137", "tipo__sigla": "REQ", "tipo__descricao": "Requerimento", "autoria": "Abenildo da Ramada", "texto_original": "http://sapl.riachodasalmas.pe.leg.br/media/sapl/public/materialegislativa/2025/1850/requerimento_137.pdf", "ementa": "No sentido de que seja feita a constru\u00e7\u00e3o de uma pra\u00e7a de lazer e uma quadra em frente \u00e0 escola do S\u00edtio Bento."}, {"id": "1851", "ano": "2025", "numero": "138", "tipo__sigla": "REQ", "tipo__descricao": "Requerimento", "autoria": "Abenildo da Ramada", "texto_original": "http://sapl.riachodasalmas.pe.leg.br/media/sapl/public/materialegislativa/2025/1851/requerimento_138.pdf", "ementa": "No sentido de que seja feita a liga\u00e7\u00e3o de \u00e1gua no S\u00edtio Trapi\u00e1 inteiro."}, {"id": "1852", "ano": "2025", "numero": "139", "tipo__sigla": "REQ", "tipo__descricao": "Requerimento", "autoria": "Pastor Gustavo Lucena", "texto_original": "http://sapl.riachodasalmas.pe.leg.br/media/sapl/public/materialegislativa/2025/1852/requerimento_139.pdf", "ementa": "No sentido de que seja feita a pavimenta\u00e7\u00e3o em paralelep\u00edpedos na Travessa Jos\u00e9 Felismino, neste munic\u00edpio. (c\u00f3digo de logradouro n\u00ba 049)."}, {"id": "1853", "ano": "2025", "numero": "140", "tipo__sigla": "REQ", "tipo__descricao": "Requerimento", "autoria": "Pastor Gustavo Lucena", "texto_original": "http://sapl.riachodasalmas.pe.leg.br/media/sapl/public/materialegislativa/2025/1853/requerimento_140.pdf", "ementa": "No sentido de que seja feita a pavimenta\u00e7\u00e3o em paralelep\u00edpedos na Rua Samuel Ferreira, com refer\u00eancia onde mora o Sr. Garfo de Ouro. (C\u00f3digo de logradouro n\u00ba 050)."}, {"id": "1854", "ano": "2025", "numero": "141", "tipo__sigla": "REQ", "tipo__descricao": "Requerimento", "autoria": "Tiago do Rangel", "texto_original": "http://sapl.riachodasalmas.pe.leg.br/media/sapl/public/materialegislativa/2025/1854/requerimento_141.pdf", "ementa": "No sentido de que seja feita a climatiza\u00e7\u00e3o na Unidade B\u00e1sica de Sa\u00fade na Vila Rangel."}, {"id": "1855", "ano": "2025", "numero": "142", "tipo__sigla": "REQ", "tipo__descricao": "Requerimento", "autoria": "Tiago do Rangel", "texto_original": "http://sapl.riachodasalmas.pe.leg.br/media/sapl/public/materialegislativa/2025/1855/requerimento_142.pdf", "ementa": "No sentido de que seja feito o pi\u00e7arra mento da estrada pr\u00f3ximo ao curral de Gato Preto, sentido Vila Rangel."}, {"id": "1856", "ano": "2025", "numero": "143", "tipo__sigla": "REQ", "tipo__descricao": "Requerimento", "autoria": "Abenildo da Ramada", "texto_original": "http://sapl.riachodasalmas.pe.leg.br/media/sapl/public/materialegislativa/2025/1856/requerimento_143.pdf", "ementa": "No sentido de que seja feita a pavimenta\u00e7\u00e3o em paralelep\u00edpedos na subida de Alzira at\u00e9 o Cruzeiro do Santo Ant\u00f4nio. (c\u00f3digo de logradouro n\u00ba 190)."}, {"id": "1857", "ano": "2025", "numero": "144", "tipo__sigla": "REQ", "tipo__descricao": "Requerimento", "autoria": "Dinho da Sa\u00fade", "texto_original": "http://sapl.riachodasalmas.pe.leg.br/media/sapl/public/materialegislativa/2025/1857/requerimento_144.pdf", "ementa": "No sentido de que seja feito saneamento e pavimenta\u00e7\u00e3o em paralelep\u00edpedos na Travessa Janin Mota, pr\u00f3ximo ao Riacho que faz divisa com o Bairro Jo\u00e3o Chico, onde mora o Sr. Michel. Segue em anexo fotos de como se encontra a rua."}, {"id": "1864", "ano": "2025", "numero": "145", "tipo__sigla": "REQ", "tipo__descricao": "Requerimento", "autoria": "Genival da Sa\u00fade", "texto_original": "http://sapl.riachodasalmas.pe.leg.br/media/sapl/public/materialegislativa/2025/1864/requerimento_145.pdf", "ementa": "No sentido de que seja feita a liga\u00e7\u00e3o de \u00e1gua do S\u00edtio Lagoa de Tr\u00eas Irm\u00e3os."}, {"id": "1865", "ano": "2025", "numero": "146", "tipo__sigla": "REQ", "tipo__descricao": "Requerimento", "autoria": "Genival da Sa\u00fade", "texto_original": "http://sapl.riachodasalmas.pe.leg.br/media/sapl/public/materialegislativa/2025/1865/requerimento_146.pdf", "ementa": "No sentido de que seja feita a liga\u00e7\u00e3o de \u00e1gua ligando o S\u00edtio Barrinhos, atravessando o S\u00edtio Bara\u00fanas at\u00e9 a Vila Patos."}, {"id": "1866", "ano": "2025", "numero": "147", "tipo__sigla": "REQ", "tipo__descricao": "Requerimento", "autoria": "Genival da Sa\u00fade", "texto_original": "http://sapl.riachodasalmas.pe.leg.br/media/sapl/public/materialegislativa/2025/1866/requerimento_147.pdf", "ementa": "No sentido de que seja feita a liga\u00e7\u00e3o de \u00e1gua da sa\u00edda de Trapi\u00e1 a Barra de Carapot\u00f3s, at\u00e9 a casa de Dona Margarida."}, {"id": "1867", "ano": "2025", "numero": "148", "tipo__sigla": "REQ", "tipo__descricao": "Requerimento", "autoria": "Abenildo da Ramada", "texto_original": "http://sapl.riachodasalmas.pe.leg.br/media/sapl/public/materialegislativa/2025/1867/requerimento_148.pdf", "ementa": "No sentido de que seja feita a pavimenta\u00e7\u00e3o asf\u00e1ltica na Vila Palmat\u00f3ria."}, {"id": "1868", "ano": "2025", "numero": "149", "tipo__sigla": "REQ", "tipo__descricao": "Requerimento", "autoria": "Abenildo da Ramada", "texto_original": "http://sapl.riachodasalmas.pe.leg.br/media/sapl/public/materialegislativa/2025/1868/requerimento_149.pdf", "ementa": "No sentido de que seja feita a pavimenta\u00e7\u00e3o em paralelep\u00edpedos no S\u00edtio Vila Nova, em frente \u00e0 igrejinha."}, {"id": "1869", "ano": "2025", "numero": "150", "tipo__sigla": "REQ", "tipo__descricao": "Requerimento", "autoria": "Abenildo da Ramada", "texto_original": "http://sapl.riachodasalmas.pe.leg.br/media/sapl/public/materialegislativa/2025/1869/requerimento_150.pdf", "ementa": "No sentido de que seja feita a pavimenta\u00e7\u00e3o em paralelep\u00edpedos no Cemit\u00e9rio Frei Dami\u00e3o na Vila Trapi\u00e1, tendo in\u00edcio no port\u00e3o de entrada e se estendendo at\u00e9 a frente da igrejinha."}, {"id": "1870", "ano": "2025", "numero": "151", "tipo__sigla": "REQ", "tipo__descricao": "Requerimento", "autoria": "Abenildo da Ramada", "texto_original": "http://sapl.riachodasalmas.pe.leg.br/media/sapl/public/materialegislativa/2025/1870/requerimento_151.pdf", "ementa": "No sentido de que seja feito o pi\u00e7arramento no S\u00edtio Ramada, tendo in\u00edcio na frente da casa de \u2018Janduir\u2019, at\u00e9 o A\u00e7ude da Ramada."}, {"id": "1871", "ano": "2025", "numero": "152", "tipo__sigla": "REQ", "tipo__descricao": "Requerimento", "autoria": "Abenildo da Ramada", "texto_original": "http://sapl.riachodasalmas.pe.leg.br/media/sapl/public/materialegislativa/2025/1871/requerimento_152.pdf", "ementa": "No sentido de que seja feita a pavimenta\u00e7\u00e3o em paralelep\u00edpedos na Rua Projetada na Vila Patos. Onde mora o filho de Dada. (c\u00f3digo de logradouro n\u00ba 487)."}, {"id": "1872", "ano": "2025", "numero": "153", "tipo__sigla": "REQ", "tipo__descricao": "Requerimento", "autoria": "Vandilson Barbeiro", "texto_original": "http://sapl.riachodasalmas.pe.leg.br/media/sapl/public/materialegislativa/2025/1872/requerimento_153.pdf", "ementa": "No sentido de que sejam implementados dois quebra-molas no Bairro Jo\u00e3o Chico, um na Rua Jo\u00e3o Alexandre Barbosa, e outro na Rua Severino Fortunato."}, {"id": "1873", "ano": "2025", "numero": "154", "tipo__sigla": "REQ", "tipo__descricao": "Requerimento", "autoria": "Vandilson Barbeiro", "texto_original": "http://sapl.riachodasalmas.pe.leg.br/media/sapl/public/materialegislativa/2025/1873/requerimento_154.pdf", "ementa": "No sentido de que seja implementado um quebra-molas na Rua Jos\u00e9 Francisco da Silva, em frente ao \u2018Pallace Club\u2019, neste munic\u00edpio."}, {"id": "1874", "ano": "2025", "numero": "155", "tipo__sigla": "REQ", "tipo__descricao": "Requerimento", "autoria": "Jair do Jiquiri", "texto_original": "http://sapl.riachodasalmas.pe.leg.br/media/sapl/public/materialegislativa/2025/1874/requerimento_155.pdf", "ementa": "No sentido de que sejam constru\u00eddos quiosques para pra\u00e7a de alimenta\u00e7\u00e3o no p\u00e1tio da feira livre, neste munic\u00edpio."}, {"id": "1875", "ano": "2025", "numero": "156", "tipo__sigla": "REQ", "tipo__descricao": "Requerimento", "autoria": "Tiago do Rangel", "texto_original": "http://sapl.riachodasalmas.pe.leg.br/media/sapl/public/materialegislativa/2025/1875/requerimento_156.pdf", "ementa": "No sentido de que seja feita a destina\u00e7\u00e3o de uma ambul\u00e2ncia ou carro de apoio para atender \u00e0s necessidades da Vila Rangel e s\u00edtios vizinhos."}, {"id": "1876", "ano": "2025", "numero": "157", "tipo__sigla": "REQ", "tipo__descricao": "Requerimento", "autoria": "Tiago do Rangel", "texto_original": "http://sapl.riachodasalmas.pe.leg.br/media/sapl/public/materialegislativa/2025/1876/requerimento_157.pdf", "ementa": "No sentido que seja ampliado o n\u00famero de salas para os alunos de creche da Escola Enedina Maria de Lima."}, {"id": "1877", "ano": "2025", "numero": "158", "tipo__sigla": "REQ", "tipo__descricao": "Requerimento", "autoria": "Tiago do Rangel", "texto_original": "http://sapl.riachodasalmas.pe.leg.br/media/sapl/public/materialegislativa/2025/1877/requerimento_158.pdf", "ementa": "No sentido que sejam feitos reparos no cal\u00e7amento da Rua Luiza Maria de Moraes, sentido Pororoca, pr\u00f3ximo ao mercado do irm\u00e3o No\u00e9."}, {"id": "1878", "ano": "2025", "numero": "159", "tipo__sigla": "REQ", "tipo__descricao": "Requerimento", "autoria": "Dinho da Sa\u00fade", "texto_original": "http://sapl.riachodasalmas.pe.leg.br/media/sapl/public/materialegislativa/2025/1878/requerimento_159.pdf", "ementa": "No sentido de que sejam feitos dois quebra-molas conforme (CTB), com placas de sinaliza\u00e7\u00e3o e pintura dos mesmos, na Rua C\u00f4nego Ant\u00f4nio Faustino, ao lado da pra\u00e7a, um em frente a LiderCar e outro em frente \u00e0 casa do senhor Mizael."}, {"id": "1879", "ano": "2025", "numero": "160", "tipo__sigla": "REQ", "tipo__descricao": "Requerimento", "autoria": "Dinho da Sa\u00fade", "texto_original": "http://sapl.riachodasalmas.pe.leg.br/media/sapl/public/materialegislativa/2025/1879/requerimento_160.pdf", "ementa": "No sentido de que sejam colocadas, em pontos estrat\u00e9gicos, duas caixas d'\u00e1gua de 5.000 litros para ajudar no abastecimento de Vila Patos."}, {"id": "1880", "ano": "2025", "numero": "161", "tipo__sigla": "REQ", "tipo__descricao": "Requerimento", "autoria": "Dinho da Sa\u00fade", "texto_original": "http://sapl.riachodasalmas.pe.leg.br/media/sapl/public/materialegislativa/2025/1880/requerimento_161.pdf", "ementa": "No sentido de que seja perfurado um po\u00e7o artesiano com sistema de energia solar e dessalinizador em Vila Patos."}, {"id": "1881", "ano": "2025", "numero": "162", "tipo__sigla": "REQ", "tipo__descricao": "Requerimento", "autoria": "Dinho da Sa\u00fade", "texto_original": "http://sapl.riachodasalmas.pe.leg.br/media/sapl/public/materialegislativa/2025/1881/requerimento_162.pdf", "ementa": "No sentido de que seja perfurado um po\u00e7o artesiano com sistema de energia solar e dessalinizador no S\u00edtio Dois Riachos."}, {"id": "1882", "ano": "2025", "numero": "163", "tipo__sigla": "REQ", "tipo__descricao": "Requerimento", "autoria": "Dinho da Sa\u00fade", "texto_original": "http://sapl.riachodasalmas.pe.leg.br/media/sapl/public/materialegislativa/2025/1882/requerimento_163.pdf", "ementa": "No sentido de que sejam colocadas, em pontos estrat\u00e9gicos, duas caixas d'\u00e1gua de 5000 litros para ajudar no abastecimento de Vila Rangel."}, {"id": "1883", "ano": "2025", "numero": "164", "tipo__sigla": "REQ", "tipo__descricao": "Requerimento", "autoria": "Nestor do Bordado", "texto_original": "http://sapl.riachodasalmas.pe.leg.br/media/sapl/public/materialegislativa/2025/1883/requerimento_164.pdf", "ementa": "No sentido de que seja solicitada \u00e0 Governadora Raquel Lyra, ao Deputado Ant\u00f4nio Moraes e ao Ministro Silvio Costa Filho, a aquisi\u00e7\u00e3o de 02 (duas) retroescavadeiras para este munic\u00edpio."}, {"id": "1884", "ano": "2025", "numero": "165", "tipo__sigla": "REQ", "tipo__descricao": "Requerimento", "autoria": "Professor Z\u00e9 Carlos", "texto_original": "http://sapl.riachodasalmas.pe.leg.br/media/sapl/public/materialegislativa/2025/1884/requerimento_165.pdf", "ementa": "No sentido de que seja feita a implanta\u00e7\u00e3o de uma pol\u00edtica de valoriza\u00e7\u00e3o salarial e profissional para os Profissionais de Apoio Escolar que atuam nas Escolas P\u00fablicas Municipais de Riacho das Almas."}, {"id": "1891", "ano": "2025", "numero": "166", "tipo__sigla": "REQ", "tipo__descricao": "Requerimento", "autoria": "Abenildo da Ramada", "texto_original": "http://sapl.riachodasalmas.pe.leg.br/media/sapl/public/materialegislativa/2025/1891/requerimento_166.pdf", "ementa": "No sentido de que seja feita a extens\u00e3o de energia, tendo in\u00edcio na fazenda de Fernando, at\u00e9 a casa de \u2018Geo de Diocl\u00e9cio\u2019 no S\u00edtio Carapot\u00f3s."}, {"id": "1892", "ano": "2025", "numero": "167", "tipo__sigla": "REQ", "tipo__descricao": "Requerimento", "autoria": "Abenildo da Ramada", "texto_original": "http://sapl.riachodasalmas.pe.leg.br/media/sapl/public/materialegislativa/2025/1892/requerimento_167.pdf", "ementa": "No sentido de que seja feita a extens\u00e3o de energia, tendo in\u00edcio no centro da Ramada de Trapi\u00e1, at\u00e9 a casa de \u2018Janduir\u2019."}, {"id": "1893", "ano": "2025", "numero": "168", "tipo__sigla": "REQ", "tipo__descricao": "Requerimento", "autoria": "Abenildo da Ramada", "texto_original": "http://sapl.riachodasalmas.pe.leg.br/media/sapl/public/materialegislativa/2025/1893/requerimento_168.pdf", "ementa": "No sentido de que seja feito o pi\u00e7arra mento em Lagoa de Tr\u00eas Irm\u00e3os, tendo in\u00edcio na casa de \u2018Edevan\u2019, at\u00e9 a casa de \u2018Lili\u2019."}, {"id": "1894", "ano": "2025", "numero": "169", "tipo__sigla": "REQ", "tipo__descricao": "Requerimento", "autoria": "Abenildo da Ramada", "texto_original": "http://sapl.riachodasalmas.pe.leg.br/media/sapl/public/materialegislativa/2025/1894/requerimento_169.pdf", "ementa": "No sentido de que seja feita a pintura da Quadra Professor Onofre Ferreira de Moura, na Escola Jos\u00e9 Joaquim de Lima, na Vila Trapi\u00e1."}, {"id": "1895", "ano": "2025", "numero": "170", "tipo__sigla": "REQ", "tipo__descricao": "Requerimento", "autoria": "Abenildo da Ramada", "texto_original": "http://sapl.riachodasalmas.pe.leg.br/media/sapl/public/materialegislativa/2025/1895/requerimento_170.pdf", "ementa": "No sentido de que seja feito o pi\u00e7arra mento da subida (entrada) da Ramada de Trapi\u00e1, at\u00e9 o cal\u00e7amento."}, {"id": "1896", "ano": "2025", "numero": "171", "tipo__sigla": "REQ", "tipo__descricao": "Requerimento", "autoria": "Pastor Gustavo Lucena", "texto_original": "http://sapl.riachodasalmas.pe.leg.br/media/sapl/public/materialegislativa/2025/1896/requerimento_171.pdf", "ementa": "No sentido de que o Poder Executivo encaminhe \u00e0 C\u00e2mara Municipal um Projeto de Lei para garantir que a \u2018Marcha Para Jesus\u2019 seja realizada anualmente em nosso Munic\u00edpio, assegurando o apoio e a organiza\u00e7\u00e3o do poder p\u00fablico neste evento religioso."}, {"id": "1897", "ano": "2025", "numero": "172", "tipo__sigla": "REQ", "tipo__descricao": "Requerimento", "autoria": "Vandilson Barbeiro", "texto_original": "http://sapl.riachodasalmas.pe.leg.br/media/sapl/public/materialegislativa/2025/1897/requerimento_172.pdf", "ementa": "No sentido de que seja feita a limpeza na \u2018Lagoa dos Coelhos\u2019, no S\u00edtio Chamb\u00e1."}, {"id": "1898", "ano": "2025", "numero": "173", "tipo__sigla": "REQ", "tipo__descricao": "Requerimento", "autoria": "Dinho da Sa\u00fade", "texto_original": "http://sapl.riachodasalmas.pe.leg.br/media/sapl/public/materialegislativa/2025/1898/requerimento_173.pdf", "ementa": "No sentido de que seja colocado em pontos estrat\u00e9gicos, duas caixas d'\u00e1gua de 5000 litros para ajudar no abastecimento da Vila Pinh\u00f5es."}, {"id": "1899", "ano": "2025", "numero": "174", "tipo__sigla": "REQ", "tipo__descricao": "Requerimento", "autoria": "Dinho da Sa\u00fade", "texto_original": "http://sapl.riachodasalmas.pe.leg.br/media/sapl/public/materialegislativa/2025/1899/requerimento_174.pdf", "ementa": "No sentido de que seja colocado em pontos estrat\u00e9gicos, duas caixas d'\u00e1gua de 5000 litros para ajudar no abastecimento da Vila Couro D\u2019antas."}, {"id": "1900", "ano": "2025", "numero": "175", "tipo__sigla": "REQ", "tipo__descricao": "Requerimento", "autoria": "Dinho da Sa\u00fade", "texto_original": "http://sapl.riachodasalmas.pe.leg.br/media/sapl/public/materialegislativa/2025/1900/requerimento_175.pdf", "ementa": "No sentido que seja colocado em pontos estrat\u00e9gicos, duas caixas d'\u00e1gua de 5000 litros para ajudar no abastecimento da Vila Trapi\u00e1, uma vez que j\u00e1 existe um chafariz onde \u00e9 realizada a distribui\u00e7\u00e3o de \u00e1gua e, com a instala\u00e7\u00e3o dessas caixas, aumentaria a oferta de \u00e1gua para a Vila e S\u00edtios mais pr\u00f3ximos."}, {"id": "1901", "ano": "2025", "numero": "176", "tipo__sigla": "REQ", "tipo__descricao": "Requerimento", "autoria": "Dinho da Sa\u00fade", "texto_original": "http://sapl.riachodasalmas.pe.leg.br/media/sapl/public/materialegislativa/2025/1901/requerimento_176.pdf", "ementa": "No sentido de que seja colocado em pontos estrat\u00e9gicos, duas caixas d'\u00e1gua de 5000 litros para ajudar no abastecimento da Vila do Vitorino."}, {"id": "1902", "ano": "2025", "numero": "177", "tipo__sigla": "REQ", "tipo__descricao": "Requerimento", "autoria": "Tiago do Rangel", "texto_original": "http://sapl.riachodasalmas.pe.leg.br/media/sapl/public/materialegislativa/2025/1902/requerimento_177.pdf", "ementa": "No sentido de que seja constru\u00edda uma nova ponte de passagem que liga o Jiquir\u00ed ao Centro da cidade."}, {"id": "1903", "ano": "2025", "numero": "178", "tipo__sigla": "REQ", "tipo__descricao": "Requerimento", "autoria": "Tiago do Rangel", "texto_original": "http://sapl.riachodasalmas.pe.leg.br/media/sapl/public/materialegislativa/2025/1903/requerimento_178.pdf", "ementa": "No sentido de que sejam constru\u00eddas duas salas para alunos de creche na Escola Municipal Santos Cardoso na Vila Pinh\u00f5es."}, {"id": "1904", "ano": "2025", "numero": "179", "tipo__sigla": "REQ", "tipo__descricao": "Requerimento", "autoria": "Tiago do Rangel", "texto_original": "http://sapl.riachodasalmas.pe.leg.br/media/sapl/public/materialegislativa/2025/1904/requerimento_179.pdf", "ementa": "No sentido de que seja feita a arboriza\u00e7\u00e3o no campo do S\u00edtio Jatob\u00e1."}, {"id": "1905", "ano": "2025", "numero": "180", "tipo__sigla": "REQ", "tipo__descricao": "Requerimento", "autoria": "Jair do Jiquiri", "texto_original": "http://sapl.riachodasalmas.pe.leg.br/media/sapl/public/materialegislativa/2025/1905/requerimento_180.pdf", "ementa": "No sentido de que seja feita a reposi\u00e7\u00e3o das lumin\u00e1rias queimadas no Alto do Jiquir\u00ed. H\u00e1 aproximadamente 06 (seis) lumin\u00e1rias queimadas."}, {"id": "1906", "ano": "2025", "numero": "181", "tipo__sigla": "REQ", "tipo__descricao": "Requerimento", "autoria": "Genival da Sa\u00fade", "texto_original": "http://sapl.riachodasalmas.pe.leg.br/media/sapl/public/materialegislativa/2025/1906/requerimento_181.pdf", "ementa": "No sentido de que seja feita a contrata\u00e7\u00e3o de m\u00e9dicos pediatras plantonistas 24h para Unidade Mista Jo\u00e3o Soares da Fonseca."}, {"id": "1907", "ano": "2025", "numero": "182", "tipo__sigla": "REQ", "tipo__descricao": "Requerimento", "autoria": "Genival da Sa\u00fade", "texto_original": "http://sapl.riachodasalmas.pe.leg.br/media/sapl/public/materialegislativa/2025/1907/requerimento_182.pdf", "ementa": "No sentido de que seja providenciado o livro de ponto para todas as reparti\u00e7\u00f5es e departamentos deste munic\u00edpio, a fim de registrar a jornada de trabalho de todos os funcion\u00e1rios, sejam eles contratados, efetivos ou comissionados."}, {"id": "1909", "ano": "2025", "numero": "183", "tipo__sigla": "REQ", "tipo__descricao": "Requerimento", "autoria": "Professor Z\u00e9 Carlos", "texto_original": "http://sapl.riachodasalmas.pe.leg.br/media/sapl/public/materialegislativa/2025/1909/requerimento_183.pdf", "ementa": "No sentido de que seja criado o Conselho Municipal da pessoa com Defici\u00eancia, neste munic\u00edpio."}, {"id": "1914", "ano": "2025", "numero": "184", "tipo__sigla": "REQ", "tipo__descricao": "Requerimento", "autoria": "Abenildo da Ramada", "texto_original": "http://sapl.riachodasalmas.pe.leg.br/media/sapl/public/materialegislativa/2025/1914/requerimento_184.pdf", "ementa": "No sentido de que seja feito o pi\u00e7arra mento no S\u00edtio Ramada de Trapi\u00e1, tendo in\u00edcio na entrada da casa de \u2018Norato\u2019 at\u00e9 a casa de \u2018Nen\u00ea de Neno\u2019."}, {"id": "1915", "ano": "2025", "numero": "185", "tipo__sigla": "REQ", "tipo__descricao": "Requerimento", "autoria": "Abenildo da Ramada", "texto_original": "http://sapl.riachodasalmas.pe.leg.br/media/sapl/public/materialegislativa/2025/1915/requerimento_185.pdf", "ementa": "No sentido de que seja feito o pi\u00e7arra mento no S\u00edtio Trapi\u00e1, tendo in\u00edcio em frente \u00e0 casa de \u2018Jailson\u2019 at\u00e9 a principal do S\u00edtio Trapi\u00e1."}, {"id": "1916", "ano": "2025", "numero": "186", "tipo__sigla": "REQ", "tipo__descricao": "Requerimento", "autoria": "Abenildo da Ramada", "texto_original": "http://sapl.riachodasalmas.pe.leg.br/media/sapl/public/materialegislativa/2025/1916/requerimento_186.pdf", "ementa": "No sentido de que seja constru\u00edda uma pra\u00e7a ao lado do cal\u00e7amento da Ramada, no centro."}, {"id": "1917", "ano": "2025", "numero": "187", "tipo__sigla": "REQ", "tipo__descricao": "Requerimento", "autoria": "Abenildo da Ramada", "texto_original": "http://sapl.riachodasalmas.pe.leg.br/media/sapl/public/materialegislativa/2025/1917/requerimento_187.pdf", "ementa": "No sentido de que seja feita uma reforma na UBS da Vila Trapi\u00e1."}, {"id": "1918", "ano": "2025", "numero": "188", "tipo__sigla": "REQ", "tipo__descricao": "Requerimento", "autoria": "Abenildo da Ramada", "texto_original": "http://sapl.riachodasalmas.pe.leg.br/media/sapl/public/materialegislativa/2025/1918/requerimento_188.pdf", "ementa": "No sentido de que seja feito o pi\u00e7arra mento da entrada da casa de \u2018Deja, pai de Gugui\u2019 no Bento at\u00e9 a principal do S\u00edtio Chic\u00e3o, pr\u00f3ximo \u00e0 casa de \u2018Dada\u2019."}, {"id": "1919", "ano": "2025", "numero": "189", "tipo__sigla": "REQ", "tipo__descricao": "Requerimento", "autoria": "Tiago do Rangel", "texto_original": "http://sapl.riachodasalmas.pe.leg.br/media/sapl/public/materialegislativa/2025/1919/requerimento_189.pdf", "ementa": "No sentido de que seja feito um totem de identifica\u00e7\u00e3o para o S\u00edtio Cajueiro."}, {"id": "1920", "ano": "2025", "numero": "190", "tipo__sigla": "REQ", "tipo__descricao": "Requerimento", "autoria": "Tiago do Rangel", "texto_original": "http://sapl.riachodasalmas.pe.leg.br/media/", "ementa": "No sentido de que seja implantado o Projeto Movimento na zona rural do Munic\u00edpio, iniciando pela Vila Rangel e seguindo cronograma para implanta\u00e7\u00e3o nas demais vilas."}, {"id": "1921", "ano": "2025", "numero": "191", "tipo__sigla": "REQ", "tipo__descricao": "Requerimento", "autoria": "Tiago do Rangel", "texto_original": "http://sapl.riachodasalmas.pe.leg.br/media/sapl/public/materialegislativa/2025/1921/requerimento_191.pdf", "ementa": "No sentido de que seja constru\u00eddo espa\u00e7o de forma\u00e7\u00e3o em atletismo nas escolas."}, {"id": "1922", "ano": "2025", "numero": "192", "tipo__sigla": "REQ", "tipo__descricao": "Requerimento", "autoria": "Nestor do Bordado", "texto_original": "http://sapl.riachodasalmas.pe.leg.br/media/sapl/public/materialegislativa/2025/1922/requerimento_192.pdf", "ementa": "No sentido de que seja feita a pavimenta\u00e7\u00e3o em paralelep\u00edpedos da Rua Ant\u00f4nio Hip\u00f3lito de Medeiros, neste Munic\u00edpio. (C\u00f3digo de logradouro n\u00ba 022)."}, {"id": "1923", "ano": "2025", "numero": "193", "tipo__sigla": "REQ", "tipo__descricao": "Requerimento", "autoria": "Dinho da Sa\u00fade", "texto_original": "http://sapl.riachodasalmas.pe.leg.br/media/sapl/public/materialegislativa/2025/1923/requerimento_193.pdf", "ementa": "No sentido de que seja colocado em pontos estrat\u00e9gicos, duas caixas d'\u00e1gua de 5000 litros para ajudar no abastecimento da Vila Atalaia."}, {"id": "1924", "ano": "2025", "numero": "194", "tipo__sigla": "REQ", "tipo__descricao": "Requerimento", "autoria": "Professor Z\u00e9 Carlos", "texto_original": "http://sapl.riachodasalmas.pe.leg.br/media/sapl/public/materialegislativa/2025/1924/requerimento_194.pdf", "ementa": "No sentido de que seja feita a limpeza do a\u00e7ude p\u00fablico conhecido como 'A\u00e7ude de Z\u00e9 Barbosa', localizado no S\u00edtio Rendeiros."}, {"id": "1926", "ano": "2025", "numero": "195", "tipo__sigla": "REQ", "tipo__descricao": "Requerimento", "autoria": "Professor Z\u00e9 Carlos", "texto_original": "http://sapl.riachodasalmas.pe.leg.br/media/sapl/public/materialegislativa/2025/1926/requerimento_195.pdf", "ementa": "No sentido de que seja colocado material adequado para cobrir as pedras pontiagudas na passagem do Riacho de Bina, no S\u00edtio Gavi\u00e3o, na estrada principal que liga a Vila Pinh\u00f5es \u00e0 cidade de Riacho das Almas."}, {"id": "1929", "ano": "2025", "numero": "196", "tipo__sigla": "REQ", "tipo__descricao": "Requerimento", "autoria": "Professor Z\u00e9 Carlos", "texto_original": "http://sapl.riachodasalmas.pe.leg.br/media/sapl/public/materialegislativa/2025/1929/requerimento_196.pdf", "ementa": "No sentido de que seja feita a reforma na estrutura do A\u00e7ougue P\u00fablico da Vila Pinh\u00f5es."}, {"id": "1930", "ano": "2025", "numero": "197", "tipo__sigla": "REQ", "tipo__descricao": "Requerimento", "autoria": "Professor Z\u00e9 Carlos", "texto_original": "http://sapl.riachodasalmas.pe.leg.br/media/sapl/public/materialegislativa/2025/1930/requerimento_197.pdf", "ementa": "No sentido de que seja feita a perfura\u00e7\u00e3o de um po\u00e7o artesiano e instala\u00e7\u00e3o de dessalinizador nas proximidades do corta-vento de \u2018Neco de Z\u00e9 de Chico\u2019, no S\u00edtio Ch\u00e3 Comprida, neste Munic\u00edpio."}, {"id": "1931", "ano": "2025", "numero": "198", "tipo__sigla": "REQ", "tipo__descricao": "Requerimento", "autoria": "Vandilson Barbeiro", "texto_original": "http://sapl.riachodasalmas.pe.leg.br/media/sapl/public/materialegislativa/2025/1931/requerimento_198.pdf", "ementa": "No sentido de que seja feita a limpeza da barragem da Vila Bara\u00fanas, conhecido como \u2018A\u00e7ude novo\u2019."}, {"id": "1932", "ano": "2025", "numero": "199", "tipo__sigla": "REQ", "tipo__descricao": "Requerimento", "autoria": "Pastor Gustavo Lucena", "texto_original": "http://sapl.riachodasalmas.pe.leg.br/media/sapl/public/materialegislativa/2025/1932/requerimento_199.pdf", "ementa": "No sentido de que seja feita a limpeza do espa\u00e7o onde \u00e9 realizada a \u2018Festa da fogueira gigante do Jiquir\u00ed\u2019 e instala\u00e7\u00e3o de lumin\u00e1rias de Led, constru\u00e7\u00e3o de bancos, arboriza\u00e7\u00e3o e pavimenta\u00e7\u00e3o com Inter travados no p\u00e1tio e na Rua Jos\u00e9 Severino Caetano da Silva."}, {"id": "1933", "ano": "2025", "numero": "200", "tipo__sigla": "REQ", "tipo__descricao": "Requerimento", "autoria": "Pastor Gustavo Lucena", "texto_original": "http://sapl.riachodasalmas.pe.leg.br/media/sapl/public/materialegislativa/2025/1933/requerimento_200.pdf", "ementa": "No sentido de que seja feita a pavimenta\u00e7\u00e3o em paralelep\u00edpedos da Travessa Agamenon Magalh\u00e3es, neste munic\u00edpio. (C\u00f3digo de logradouro n\u00ba 032)."}, {"id": "1934", "ano": "2025", "numero": "201", "tipo__sigla": "REQ", "tipo__descricao": "Requerimento", "autoria": "Pastor Gustavo Lucena", "texto_original": "http://sapl.riachodasalmas.pe.leg.br/media/sapl/public/materialegislativa/2025/1934/requerimento_201.pdf", "ementa": "No sentido de que seja feita a reposi\u00e7\u00e3o de l\u00e2mpadas no S\u00edtio Cajueiro, pr\u00f3ximo \u00e0 casa do \u2018Irm\u00e3o Wiliam\u2019."}, {"id": "1935", "ano": "2025", "numero": "202", "tipo__sigla": "REQ", "tipo__descricao": "Requerimento", "autoria": "Pastor Gustavo Lucena", "texto_original": "http://sapl.riachodasalmas.pe.leg.br/media/sapl/public/materialegislativa/2025/1935/requerimento_202.pdf", "ementa": "No sentido de que seja constru\u00edda uma pracinha no Bairro Celestino Ferreira, pr\u00f3ximo \u00e0 \u2018Daniel da tapioca\u2019."}, {"id": "1936", "ano": "2025", "numero": "203", "tipo__sigla": "REQ", "tipo__descricao": "Requerimento", "autoria": "Pastor Gustavo Lucena", "texto_original": "http://sapl.riachodasalmas.pe.leg.br/media/sapl/public/materialegislativa/2025/1936/requerimento_203.pdf", "ementa": "No sentido de que seja feita a limpeza do a\u00e7ude comunit\u00e1rio da Vila Pinh\u00f5es."}, {"id": "1937", "ano": "2025", "numero": "204", "tipo__sigla": "REQ", "tipo__descricao": "Requerimento", "autoria": "Tiago do Rangel", "texto_original": "http://sapl.riachodasalmas.pe.leg.br/media/sapl/public/materialegislativa/2025/1937/requerimento_204.pdf", "ementa": "No sentido de que seja feito o pi\u00e7arra mento na Rua Severina Maria de Arruda, pr\u00f3ximo ao campo do Rangel."}, {"id": "1938", "ano": "2025", "numero": "205", "tipo__sigla": "REQ", "tipo__descricao": "Requerimento", "autoria": "Tiago do Rangel", "texto_original": "http://sapl.riachodasalmas.pe.leg.br/media/sapl/public/materialegislativa/2025/1938/requerimento_205.pdf", "ementa": "No sentido de que sejam adquiridos meterias de atletismo para as escolas do fundamental 2 do munic\u00edpio."}, {"id": "1939", "ano": "2025", "numero": "206", "tipo__sigla": "REQ", "tipo__descricao": "Requerimento", "autoria": "Tiago do Rangel", "texto_original": "http://sapl.riachodasalmas.pe.leg.br/media/sapl/public/materialegislativa/2025/1939/requerimento_206.pdf", "ementa": "No sentido de que seja feita a pavimenta\u00e7\u00e3o em paralelep\u00edpedos da Rua Renato Russo, rua do ex-vereador Welder, neste munic\u00edpio. (C\u00f3digo de Logradouro n\u00ba 397)"}, {"id": "1940", "ano": "2025", "numero": "207", "tipo__sigla": "REQ", "tipo__descricao": "Requerimento", "autoria": "Tiago do Rangel", "texto_original": "http://sapl.riachodasalmas.pe.leg.br/media/sapl/public/materialegislativa/2025/1940/requerimento_207.pdf", "ementa": "No sentido de que seja feita a pavimenta\u00e7\u00e3o em paralelep\u00edpedos da Rua Projetada no Bairro Novo Horizonte. (C\u00f3digo de Logradouro n\u00ba 306)"}, {"id": "1941", "ano": "2025", "numero": "208", "tipo__sigla": "REQ", "tipo__descricao": "Requerimento", "autoria": "Tiago do Rangel", "texto_original": "http://sapl.riachodasalmas.pe.leg.br/media/sapl/public/materialegislativa/2025/1941/requerimento_208.pdf", "ementa": "No sentido de que seja feita a pavimenta\u00e7\u00e3o em paralelep\u00edpedos da Rua Projetada na Vila Rangel. (C\u00f3digo de Logradouro n\u00ba 529)."}, {"id": "1942", "ano": "2025", "numero": "209", "tipo__sigla": "REQ", "tipo__descricao": "Requerimento", "autoria": "Abenildo da Ramada", "texto_original": "http://sapl.riachodasalmas.pe.leg.br/media/sapl/public/materialegislativa/2025/1942/requerimento_209.pdf", "ementa": "No sentido de que sejam feitas melhorias no campo e vesti\u00e1rio do S\u00edtio Lagoa de Tr\u00eas irm\u00e3os, e que seja feita a limpeza do campo com a m\u00e1quina."}, {"id": "1943", "ano": "2025", "numero": "210", "tipo__sigla": "REQ", "tipo__descricao": "Requerimento", "autoria": "Professor Z\u00e9 Carlos", "texto_original": "http://sapl.riachodasalmas.pe.leg.br/media/sapl/public/materialegislativa/2025/1943/requerimento_210.pdf", "ementa": "No sentido de que seja feita a revitaliza\u00e7\u00e3o do dessalinizador do S\u00edtio Rendeiros."}, {"id": "1944", "ano": "2025", "numero": "211", "tipo__sigla": "REQ", "tipo__descricao": "Requerimento", "autoria": "Professor Z\u00e9 Carlos", "texto_original": "http://sapl.riachodasalmas.pe.leg.br/media/sapl/public/materialegislativa/2025/1944/requerimento_211.pdf", "ementa": "No sentido de que seja feita a revitaliza\u00e7\u00e3o do dessalinizador do S\u00edtio Caldeir\u00f5es."}, {"id": "1947", "ano": "2025", "numero": "212", "tipo__sigla": "REQ", "tipo__descricao": "Requerimento", "autoria": "Professor Z\u00e9 Carlos", "texto_original": "http://sapl.riachodasalmas.pe.leg.br/media/sapl/public/materialegislativa/2025/1947/requerimento_212.pdf", "ementa": "No sentido de que seja feita a implanta\u00e7\u00e3o de uma unidade do CRAS na Vila Trapi\u00e1."}, {"id": "1948", "ano": "2025", "numero": "213", "tipo__sigla": "REQ", "tipo__descricao": "Requerimento", "autoria": "Nestor do Bordado", "texto_original": "http://sapl.riachodasalmas.pe.leg.br/media/sapl/public/materialegislativa/2025/1948/requerimento_213.pdf", "ementa": "No sentido de que seja feita a invers\u00e3o das bombas de Caruaru para Riacho, fazendo com que a \u00e1gua volte para o munic\u00edpio."}, {"id": "1949", "ano": "2025", "numero": "214", "tipo__sigla": "REQ", "tipo__descricao": "Requerimento", "autoria": "Genival da Sa\u00fade", "texto_original": "http://sapl.riachodasalmas.pe.leg.br/media/sapl/public/materialegislativa/2025/1949/requerimento_214.pdf", "ementa": "No sentido de que seja constru\u00edda uma pra\u00e7a por tr\u00e1s da Igreja de Santa Luzia, na Vila Trapi\u00e1."}, {"id": "1950", "ano": "2025", "numero": "215", "tipo__sigla": "REQ", "tipo__descricao": "Requerimento", "autoria": "Genival da Sa\u00fade", "texto_original": "http://sapl.riachodasalmas.pe.leg.br/media/sapl/public/materialegislativa/2025/1950/requerimento_215.pdf", "ementa": "No sentido de que sejam constru\u00eddas duas lombadas na Rua Jeremias Ferreira de Souza, na Vila Trapi\u00e1."}, {"id": "1951", "ano": "2025", "numero": "216", "tipo__sigla": "REQ", "tipo__descricao": "Requerimento", "autoria": "Genival da Sa\u00fade", "texto_original": "http://sapl.riachodasalmas.pe.leg.br/media/sapl/public/materialegislativa/2025/1951/requerimento_216.pdf", "ementa": "No sentido de que seja feita uma passagem molhada no riacho que fica perto da casa do Sr Biu Marques, no S\u00edtio Ramada de Trapi\u00e1, na estrada que liga Riacho a Trapi\u00e1."}, {"id": "1952", "ano": "2025", "numero": "217", "tipo__sigla": "REQ", "tipo__descricao": "Requerimento", "autoria": "Genival da Sa\u00fade", "texto_original": "http://sapl.riachodasalmas.pe.leg.br/media/sapl/public/materialegislativa/2025/1952/requerimento_217.pdf", "ementa": "No sentido de que seja feita a limpeza do a\u00e7ude do S\u00edtio Ramada de Trapi\u00e1."}, {"id": "1953", "ano": "2025", "numero": "218", "tipo__sigla": "REQ", "tipo__descricao": "Requerimento", "autoria": "Genival da Sa\u00fade", "texto_original": "http://sapl.riachodasalmas.pe.leg.br/media/sapl/public/materialegislativa/2025/1953/requerimento_218.pdf", "ementa": "No sentido de que seja feita a aquisi\u00e7\u00e3o de 8 (oito) macas de ambul\u00e2ncia para a Unidade Mista Jo\u00e3o Soares da Fonseca"}, {"id": "1954", "ano": "2025", "numero": "219", "tipo__sigla": "REQ", "tipo__descricao": "Requerimento", "autoria": "Pastor Gustavo Lucena", "texto_original": "http://sapl.riachodasalmas.pe.leg.br/media/sapl/public/materialegislativa/2025/1954/requerimento_219.pdf", "ementa": "No sentido de que seja feita a troca da l\u00e2mpada no terreno de \u2018Seu Biu Ab\u00edlio\u2019, no S\u00edtio Cana Brava, na Vila do Vitorino."}, {"id": "1955", "ano": "2025", "numero": "220", "tipo__sigla": "REQ", "tipo__descricao": "Requerimento", "autoria": "Tiago do Rangel", "texto_original": "http://sapl.riachodasalmas.pe.leg.br/media/sapl/public/materialegislativa/2025/1955/requerimento_220.pdf", "ementa": "No sentido de que seja feito o pi\u00e7arra mento da estrada que d\u00e1 acesso ao Campo Municipal (Estrada da Vila Z\u00e9 de C\u00edcero)."}, {"id": "1956", "ano": "2025", "numero": "221", "tipo__sigla": "REQ", "tipo__descricao": "Requerimento", "autoria": "Tiago do Rangel", "texto_original": "http://sapl.riachodasalmas.pe.leg.br/media/sapl/public/materialegislativa/2025/1956/requerimento_221.pdf", "ementa": "No sentido de que sejam feitas melhorias com pi\u00e7arra mento na estrada que d\u00e1 acesso \u00e0 resid\u00eancia de dona Z\u00e9lia, no S\u00edtio Lagoa Comprida."}, {"id": "1962", "ano": "2025", "numero": "222", "tipo__sigla": "REQ", "tipo__descricao": "Requerimento", "autoria": "Professor Z\u00e9 Carlos", "texto_original": "http://sapl.riachodasalmas.pe.leg.br/media/sapl/public/materialegislativa/2025/1962/requerimento_222.pdf", "ementa": "No sentido de que seja feita a complementa\u00e7\u00e3o da pavimenta\u00e7\u00e3o em  paralelep\u00edpedos da rua Inoc\u00eancio Adelino Oliveira, com in\u00edcio da sa\u00edda de Pinh\u00f5es (sentido  Couro D\u2019antas) at\u00e9 a casa do \u2018Sr Manoel Quixaba\u2019, logo ap\u00f3s o cemit\u00e9rio municipal.  (C\u00f3digo de logradouro: 170)"}, {"id": "1963", "ano": "2025", "numero": "223", "tipo__sigla": "REQ", "tipo__descricao": "Requerimento", "autoria": "Professor Z\u00e9 Carlos", "texto_original": "http://sapl.riachodasalmas.pe.leg.br/media/sapl/public/materialegislativa/2025/1963/requerimento_223.pdf", "ementa": "No sentido de que seja feita a complementa\u00e7\u00e3o da pavimenta\u00e7\u00e3o em  paralelep\u00edpedos da rua Manoel Braz de Lucena. (C\u00f3digo de logradouro: 166)"}, {"id": "1964", "ano": "2025", "numero": "224", "tipo__sigla": "REQ", "tipo__descricao": "Requerimento", "autoria": "Leandro da Sa\u00fade", "texto_original": "http://sapl.riachodasalmas.pe.leg.br/media/sapl/public/materialegislativa/2025/1964/requerimento_224.pdf", "ementa": "No sentido de que seja feita a implanta\u00e7\u00e3o de postes de luz da PE \u2013 95 (entrada  do Vitorino) at\u00e9 a Vila Vitorino. Ademais, estes devem ser colocados de forma que ilumine  todo esse trecho."}, {"id": "1965", "ano": "2025", "numero": "225", "tipo__sigla": "REQ", "tipo__descricao": "Requerimento", "autoria": "Pastor Gustavo Lucena", "texto_original": "http://sapl.riachodasalmas.pe.leg.br/media/sapl/public/materialegislativa/2025/1965/requerimento_225.pdf", "ementa": "No sentido de que seja feita a amplia\u00e7\u00e3o das modalidades das oficinas de  esporte, bem como expandir para as vilas do nosso munic\u00edpio."}, {"id": "1966", "ano": "2025", "numero": "226", "tipo__sigla": "REQ", "tipo__descricao": "Requerimento", "autoria": "Dinho da Sa\u00fade", "texto_original": "http://sapl.riachodasalmas.pe.leg.br/media/sapl/public/materialegislativa/2025/1966/requerimento_226.pdf", "ementa": "No sentido de que seja instalado rede de prote\u00e7\u00e3o (na lateral pr\u00f3ximo a estrada)  no campo de futebol do S\u00edtio Guaritas, bem como arboriza\u00e7\u00e3o ao redor."}, {"id": "1967", "ano": "2025", "numero": "227", "tipo__sigla": "REQ", "tipo__descricao": "Requerimento", "autoria": "Genival da Sa\u00fade", "texto_original": "http://sapl.riachodasalmas.pe.leg.br/media/sapl/public/materialegislativa/2025/1967/requerimento_227.pdf", "ementa": "No sentido de que seja feita a aquisi\u00e7\u00e3o de caminh\u00f5es \u2018pipa\u2019 para auxiliar no  abastecimento de \u00e1gua para os moradores da zona rural e zona urbana, neste munic\u00edpio."}, {"id": "1968", "ano": "2025", "numero": "228", "tipo__sigla": "REQ", "tipo__descricao": "Requerimento", "autoria": "Genival da Sa\u00fade", "texto_original": "http://sapl.riachodasalmas.pe.leg.br/media/sapl/public/materialegislativa/2025/1968/requerimento_228.pdf", "ementa": "No sentido de que seja feita a constru\u00e7\u00e3o de uma pra\u00e7a p\u00fablica, ou academia  da sa\u00fade, na comunidade de Lagoa de Tr\u00eas Irm\u00e3os."}, {"id": "1969", "ano": "2025", "numero": "229", "tipo__sigla": "REQ", "tipo__descricao": "Requerimento", "autoria": "Genival da Sa\u00fade", "texto_original": "http://sapl.riachodasalmas.pe.leg.br/media/", "ementa": "No sentido de que seja feita a estrada da sa\u00edda de Trapi\u00e1 (Rua Oleg\u00e1rio Coleta),  passando pela Lagoa de Tr\u00eas Irm\u00e3os, finalizando em Dois Riachos. Ademais, do S\u00edtio  Lagoa de Tr\u00eas Irm\u00e3os at\u00e9 o S\u00edtio Ramada de Trapi\u00e1."}, {"id": "1970", "ano": "2025", "numero": "230", "tipo__sigla": "REQ", "tipo__descricao": "Requerimento", "autoria": "Professor Z\u00e9 Carlos", "texto_original": "http://sapl.riachodasalmas.pe.leg.br/media/sapl/public/materialegislativa/2025/1970/requerimento_230.pdf", "ementa": "No sentido de que seja feita a pavimenta\u00e7\u00e3o em paralelep\u00edpedos da Rua Maria  Senhorinha, com refer\u00eancia da sa\u00edda de Pinh\u00f5es sentido Gavi\u00e3o. (C\u00f3digo de Logradouro:  164)."}, {"id": "1971", "ano": "2025", "numero": "231", "tipo__sigla": "REQ", "tipo__descricao": "Requerimento", "autoria": "Professor Z\u00e9 Carlos", "texto_original": "http://sapl.riachodasalmas.pe.leg.br/media/sapl/public/materialegislativa/2025/1971/requerimento_231.pdf", "ementa": "No sentido de que seja feita a implementa\u00e7\u00e3o de 03 (tr\u00eas) postes e ilumina\u00e7\u00e3o  p\u00fablica na rua projetada que fica paralela \u00e0 Avenida Capibaribe, pr\u00f3ximo \u00e0 casa de Rodrigo  Motorista e \u00e0 casa de Jo\u00e3o Xavier, na Vila Couro D\u2019Antas.(C\u00f3digo de logradouro: 124)"}, {"id": "1972", "ano": "2025", "numero": "232", "tipo__sigla": "REQ", "tipo__descricao": "Requerimento", "autoria": "Professor Z\u00e9 Carlos", "texto_original": "http://sapl.riachodasalmas.pe.leg.br/media/sapl/public/materialegislativa/2025/1972/requerimento_232.pdf", "ementa": "No sentido de que seja feita a pavimenta\u00e7\u00e3o em paralelep\u00edpedos da Rua  Projetada que fica no in\u00edcio da Vila de Couro D\u2019Antas, conhecida como \u2018Rua da Caixa  d\u2019\u00e1gua\u2019.(C\u00f3digo de logradouro: 183)"}, {"id": "1975", "ano": "2025", "numero": "233", "tipo__sigla": "REQ", "tipo__descricao": "Requerimento", "autoria": "Pastor Gustavo Lucena", "texto_original": "http://sapl.riachodasalmas.pe.leg.br/media/sapl/public/materialegislativa/2025/1975/requerimento_233.pdf", "ementa": "No sentido de que seja feita a limpeza do esgoto do bairro do Alto do Jiquiri, neste munic\u00edpio."}, {"id": "1976", "ano": "2025", "numero": "234", "tipo__sigla": "REQ", "tipo__descricao": "Requerimento", "autoria": "Genival da Sa\u00fade", "texto_original": "http://sapl.riachodasalmas.pe.leg.br/media/sapl/public/materialegislativa/2025/1976/requerimento_234.pdf", "ementa": "No sentido de que seja constru\u00edda uma Academia da Sa\u00fade ao lado do \u2018Clube Social\u2019, na Vila Trapi\u00e1."}, {"id": "1977", "ano": "2025", "numero": "235", "tipo__sigla": "REQ", "tipo__descricao": "Requerimento", "autoria": "Abenildo da Ramada", "texto_original": "http://sapl.riachodasalmas.pe.leg.br/media/sapl/public/materialegislativa/2025/1977/requerimento_235.pdf", "ementa": "No sentido de que sejam implementados \u2018bra\u00e7os de luz\u2019 nos postes da Academia da Cidade, na Vila Trapi\u00e1."}, {"id": "1978", "ano": "2025", "numero": "236", "tipo__sigla": "REQ", "tipo__descricao": "Requerimento", "autoria": "Nestor do Bordado", "texto_original": "http://sapl.riachodasalmas.pe.leg.br/media/sapl/public/materialegislativa/2025/1978/requerimento_236.pdf", "ementa": "No sentido de que seja feita a perfura\u00e7\u00e3o de um po\u00e7o artesiano para a popula\u00e7\u00e3o da Vila Rangel."}, {"id": "1979", "ano": "2025", "numero": "237", "tipo__sigla": "REQ", "tipo__descricao": "Requerimento", "autoria": "Tiago do Rangel", "texto_original": "http://sapl.riachodasalmas.pe.leg.br/media/sapl/public/materialegislativa/2025/1979/requerimento_237.pdf", "ementa": "No sentido de que sejam feitas ondula\u00e7\u00f5es transversais (quebra-molas) na Avenida Manoel Jo\u00e3o de Melo, no \u2018Gold Park 1\u2019. (C\u00f3digo de logradouro n\u00ba 294)"}, {"id": "1980", "ano": "2025", "numero": "238", "tipo__sigla": "REQ", "tipo__descricao": "Requerimento", "autoria": "Tiago do Rangel", "texto_original": "http://sapl.riachodasalmas.pe.leg.br/media/sapl/public/materialegislativa/2025/1980/requerimento_238.pdf", "ementa": "No sentido de que sejam feitas ondula\u00e7\u00f5es transversais (quebra-molas) na Avenida Severino Basio do Nascimento, no \u2018Gold Park 1\u2019. (C\u00f3digo de logradouro n\u00ba 290)"}, {"id": "1981", "ano": "2025", "numero": "239", "tipo__sigla": "REQ", "tipo__descricao": "Requerimento", "autoria": "Tiago do Rangel", "texto_original": "http://sapl.riachodasalmas.pe.leg.br/media/sapl/public/materialegislativa/2025/1981/requerimento_239.pdf", "ementa": "No sentido de que seja criado um Espa\u00e7o de Cultura Viva no P\u00e1tio da Feira Livre, com o objetivo de fomentar manifesta\u00e7\u00f5es culturais locais, valorizar artistas da comunidade, incentivar a economia criativa e fortalecer a identidade cultural do munic\u00edpio."}, {"id": "1982", "ano": "2025", "numero": "240", "tipo__sigla": "REQ", "tipo__descricao": "Requerimento", "autoria": "Professor Z\u00e9 Carlos", "texto_original": "http://sapl.riachodasalmas.pe.leg.br/media/sapl/public/materialegislativa/2025/1982/requerimento_240.pdf", "ementa": "No sentido de que seja feita a troca de 5 (cinco) refletores na quadra poliesportiva da Escola Santos Cardoso, na Vila Pinh\u00f5es."}, {"id": "1983", "ano": "2025", "numero": "241", "tipo__sigla": "REQ", "tipo__descricao": "Requerimento", "autoria": "Professor Z\u00e9 Carlos", "texto_original": "http://sapl.riachodasalmas.pe.leg.br/media/sapl/public/materialegislativa/2025/1983/requerimento_241.pdf", "ementa": "No sentido de que seja feita a complementa\u00e7\u00e3o da pavimenta\u00e7\u00e3o em paralelep\u00edpedos da Rua Sandoval Ribeiro, na Vila Couro D\u2019Antas. (C\u00f3digo de Logradouro n\u00ba 115)"}, {"id": "1984", "ano": "2025", "numero": "242", "tipo__sigla": "REQ", "tipo__descricao": "Requerimento", "autoria": "Professor Z\u00e9 Carlos", "texto_original": "http://sapl.riachodasalmas.pe.leg.br/media/sapl/public/materialegislativa/2025/1984/requerimento_242.pdf", "ementa": "No sentido de requerer ao respons\u00e1vel pelo escrit\u00f3rio da Operadora VIVO provid\u00eancias para promover a instala\u00e7\u00e3o de uma antena desta operadora na Vila Patos."}, {"id": "1985", "ano": "2025", "numero": "243", "tipo__sigla": "REQ", "tipo__descricao": "Requerimento", "autoria": "Leandro da Sa\u00fade", "texto_original": "http://sapl.riachodasalmas.pe.leg.br/media/sapl/public/materialegislativa/2025/1985/requerimento_243.pdf", "ementa": "No sentido de que seja constru\u00edda uma escola municipal na Vila do Vitorino."}, {"id": "1990", "ano": "2025", "numero": "244", "tipo__sigla": "REQ", "tipo__descricao": "Requerimento", "autoria": "Leandro da Sa\u00fade", "texto_original": "http://sapl.riachodasalmas.pe.leg.br/media/sapl/public/materialegislativa/2025/1990/requerimento_244.pdf", "ementa": "No sentido de que seja constru\u00edda uma creche municipal na Vila do Vitorino."}, {"id": "1991", "ano": "2025", "numero": "245", "tipo__sigla": "REQ", "tipo__descricao": "Requerimento", "autoria": "Tiago do Rangel", "texto_original": "http://sapl.riachodasalmas.pe.leg.br/media/sapl/public/materialegislativa/2025/1991/requerimento_245.pdf", "ementa": "No sentindo de que seja feita a pavimenta\u00e7\u00e3o em paralelep\u00edpedos na Rua projetada 01, na Vila Atalaia. (C\u00f3digo de logradouro n\u00ba 499)"}, {"id": "1992", "ano": "2025", "numero": "246", "tipo__sigla": "REQ", "tipo__descricao": "Requerimento", "autoria": "Tiago do Rangel", "texto_original": "http://sapl.riachodasalmas.pe.leg.br/media/sapl/public/materialegislativa/2025/1992/requerimento_246.pdf", "ementa": "No sentindo de que seja instalado sistema de monitoramento no Espa\u00e7o Cidadania (interno e externo)."}, {"id": "1993", "ano": "2025", "numero": "247", "tipo__sigla": "REQ", "tipo__descricao": "Requerimento", "autoria": "Abenildo da Ramada", "texto_original": "http://sapl.riachodasalmas.pe.leg.br/media/sapl/public/materialegislativa/2025/1993/requerimento_247.pdf", "ementa": "No sentindo de que seja feito o pi\u00e7arra mento do \u2018Riacho de Juli\u00e3o\u2019, na Lagoa de Tr\u00eas Irm\u00e3os, at\u00e9 a casa de \u2018Z\u00e9 de Nequinho\u2019, no S\u00edtio Carapot\u00f3s."}, {"id": "1994", "ano": "2025", "numero": "248", "tipo__sigla": "REQ", "tipo__descricao": "Requerimento", "autoria": "Professor Z\u00e9 Carlos", "texto_original": "http://sapl.riachodasalmas.pe.leg.br/media/sapl/public/materialegislativa/2025/1994/requerimento_248.pdf", "ementa": "No sentindo de que seja feita a pavimenta\u00e7\u00e3o em paralelep\u00edpedos e o saneamento no trecho que inicia em frente \u00e0 casa de \u2018Rafael de Herme\u2019 at\u00e9 o trevo do Bar de \u2018Galego\u2019, na Vila Patos."}, {"id": "1999", "ano": "2025", "numero": "249", "tipo__sigla": "REQ", "tipo__descricao": "Requerimento", "autoria": "Pastor Gustavo Lucena", "texto_original": "http://sapl.riachodasalmas.pe.leg.br/media/sapl/public/materialegislativa/2025/1999/requerimento_249.pdf", "ementa": "No sentindo de que seja feito um quebra-molas na Rua Jo\u00e3o Augusto da Silva (Rua ao lado da casa de Dr. Diocl\u00e9cio) - (C\u00f3digo de Logradouro n\u00ba 010)"}, {"id": "2000", "ano": "2025", "numero": "250", "tipo__sigla": "REQ", "tipo__descricao": "Requerimento", "autoria": "Leandro da Sa\u00fade", "texto_original": "http://sapl.riachodasalmas.pe.leg.br/media/sapl/public/materialegislativa/2025/2000/requerimento_250.pdf", "ementa": "No sentindo de que sejam implantadas placas de identifica\u00e7\u00e3o nas curvas acentuadas no trecho da PE-95 at\u00e9 a Vila do Vitorino."}, {"id": "2001", "ano": "2025", "numero": "251", "tipo__sigla": "REQ", "tipo__descricao": "Requerimento", "autoria": "Dinho da Sa\u00fade", "texto_original": "http://sapl.riachodasalmas.pe.leg.br/media/sapl/public/materialegislativa/2025/2001/requerimento_251.pdf", "ementa": "No sentido de que seja feita a troca e manuten\u00e7\u00e3o na ilumina\u00e7\u00e3o p\u00fablica na Rua que d\u00e1 acesso ao balne\u00e1rio em Vila Couro D'antas."}, {"id": "2002", "ano": "2025", "numero": "252", "tipo__sigla": "REQ", "tipo__descricao": "Requerimento", "autoria": "Dinho da Sa\u00fade", "texto_original": "http://sapl.riachodasalmas.pe.leg.br/media/sapl/public/materialegislativa/2025/2002/requerimento_252.pdf", "ementa": "No sentido de que seja feita a troca da lixeira onde o caminh\u00e3o faz a coleta, bem como limpeza nas proximidades em S\u00edtio Guaritas, conforme fotos em anexo."}, {"id": "2003", "ano": "2025", "numero": "253", "tipo__sigla": "REQ", "tipo__descricao": "Requerimento", "autoria": "Tiago do Rangel", "texto_original": "http://sapl.riachodasalmas.pe.leg.br/media/sapl/public/materialegislativa/2025/2003/requerimento_253.pdf", "ementa": "No sentido de que seja feito o pi\u00e7arra mento do trevo do Rangel at\u00e9 a entrada do lix\u00e3o."}, {"id": "2004", "ano": "2025", "numero": "254", "tipo__sigla": "REQ", "tipo__descricao": "Requerimento", "autoria": "Tiago do Rangel", "texto_original": "http://sapl.riachodasalmas.pe.leg.br/media/sapl/public/materialegislativa/2025/2004/requerimento_254.pdf", "ementa": "No sentido de que seja instalada uma ondula\u00e7\u00e3o transversal (quebra-molas), na Rua Severino Latino Pontes, neste munic\u00edpio."}, {"id": "2005", "ano": "2025", "numero": "255", "tipo__sigla": "REQ", "tipo__descricao": "Requerimento", "autoria": "Dinho da Sa\u00fade", "texto_original": "http://sapl.riachodasalmas.pe.leg.br/media/", "ementa": "No sentido de que seja feito o pi\u00e7arra mento na Rua Ant\u00f4nio Hip\u00f3lito de Medeiros Neto (ao lado da resid\u00eancia do Sr. Nelson de Abdias) - (C\u00f3digo de Logradouro n\u00ba 022)."}, {"id": "2012", "ano": "2025", "numero": "256", "tipo__sigla": "REQ", "tipo__descricao": "Requerimento", "autoria": "Jair do Jiquiri", "texto_original": "http://sapl.riachodasalmas.pe.leg.br/media/", "ementa": "No sentido de que sejam recolocadas as lumin\u00e1rias na pra\u00e7a da Cohab, neste munic\u00edpio."}, {"id": "2013", "ano": "2025", "numero": "257", "tipo__sigla": "REQ", "tipo__descricao": "Requerimento", "autoria": "Dinho da Sa\u00fade", "texto_original": "http://sapl.riachodasalmas.pe.leg.br/media/sapl/public/materialegislativa/2025/2013/requerimento_257.pdf", "ementa": "No sentido de que seja feito o concerto no cal\u00e7amento e quebra-molas, em frente \u00e0 casa do senhor Orlando em Vila Patos."}, {"id": "2014", "ano": "2025", "numero": "258", "tipo__sigla": "REQ", "tipo__descricao": "Requerimento", "autoria": "Dinho da Sa\u00fade", "texto_original": "http://sapl.riachodasalmas.pe.leg.br/media/sapl/public/materialegislativa/2025/2014/requerimento_258.pdf", "ementa": "No sentido de que seja feita a amplia\u00e7\u00e3o da Escola Odilon Montenegro em Vila Patos."}, {"id": "2015", "ano": "2025", "numero": "259", "tipo__sigla": "REQ", "tipo__descricao": "Requerimento", "autoria": "Tiago do Rangel", "texto_original": "http://sapl.riachodasalmas.pe.leg.br/media/sapl/public/materialegislativa/2025/2015/requerimento_259.pdf", "ementa": "No sentido de que seja feita a reforma dos vesti\u00e1rios na Vila Couro D'antas."}, {"id": "2016", "ano": "2025", "numero": "260", "tipo__sigla": "REQ", "tipo__descricao": "Requerimento", "autoria": "Tiago do Rangel", "texto_original": "http://sapl.riachodasalmas.pe.leg.br/media/sapl/public/materialegislativa/2025/2016/requerimento_260.pdf", "ementa": "No sentido de que seja feito um ponto de \u00f4nibus na lagoa comprida, pr\u00f3ximo ao antigo grupo escolar."}, {"id": "2017", "ano": "2025", "numero": "261", "tipo__sigla": "REQ", "tipo__descricao": "Requerimento", "autoria": "Professor Z\u00e9 Carlos", "texto_original": "http://sapl.riachodasalmas.pe.leg.br/media/sapl/public/materialegislativa/2025/2017/requerimento_261.pdf", "ementa": "No sentido de que seja feita a reforma no matadouro Municipal da Vila Pinh\u00f5es"}, {"id": "2018", "ano": "2025", "numero": "262", "tipo__sigla": "REQ", "tipo__descricao": "Requerimento", "autoria": "Pastor Gustavo Lucena", "texto_original": "http://sapl.riachodasalmas.pe.leg.br/media/sapl/public/materialegislativa/2025/2018/requerimento_262.pdf", "ementa": "No sentido de que seja feito o pi\u00e7arra mento na Rua Jos\u00e9 Caetano de Deus, na Vila Trapi\u00e1. (C\u00f3digo de Logradouro: 411)."}, {"id": "2019", "ano": "2025", "numero": "263", "tipo__sigla": "REQ", "tipo__descricao": "Requerimento", "autoria": "Pastor Gustavo Lucena", "texto_original": "http://sapl.riachodasalmas.pe.leg.br/media/sapl/public/materialegislativa/2025/2019/requerimento_263.pdf", "ementa": "No sentido de que seja constru\u00eddo um ponto de \u00f4nibus na subida do Vitorino, pr\u00f3ximo \u00e0 casa de \u2018Nadja\u2019."}, {"id": "2022", "ano": "2025", "numero": "264", "tipo__sigla": "REQ", "tipo__descricao": "Requerimento", "autoria": "Vandilson Barbeiro", "texto_original": "http://sapl.riachodasalmas.pe.leg.br/media/sapl/public/materialegislativa/2025/2022/requerimento_264.pdf", "ementa": "No sentido de que seja desobstru\u00edda a Rua Apr\u00edgio Ferreira, no Bairro M\u00e3e Rainha, onde foi feita a canaliza\u00e7\u00e3o do esgoto."}, {"id": "2023", "ano": "2025", "numero": "265", "tipo__sigla": "REQ", "tipo__descricao": "Requerimento", "autoria": "Vandilson Barbeiro", "texto_original": "http://sapl.riachodasalmas.pe.leg.br/media/sapl/public/materialegislativa/2025/2023/requerimento_265.pdf", "ementa": "No sentido de que seja feita a poda das \u00e1rvores e que seja passada a m\u00e1quina na Rua Apr\u00edgio Ferreira, no Bairro M\u00e3e Rainha."}, {"id": "2024", "ano": "2025", "numero": "266", "tipo__sigla": "REQ", "tipo__descricao": "Requerimento", "autoria": "Vandilson Barbeiro", "texto_original": "http://sapl.riachodasalmas.pe.leg.br/media/sapl/public/materialegislativa/2025/2024/requerimento_266.pdf", "ementa": "No sentido de que seja feita a recupera\u00e7\u00e3o da rua na sa\u00edda da Cohab, em frente ao mercadinho do filho de \u2018Z\u00e9 Gago\u2019."}, {"id": "2025", "ano": "2025", "numero": "267", "tipo__sigla": "REQ", "tipo__descricao": "Requerimento", "autoria": "Vandilson Barbeiro", "texto_original": "http://sapl.riachodasalmas.pe.leg.br/media/sapl/public/materialegislativa/2025/2025/requerimento_267.pdf", "ementa": "No sentido de que seja feita a arboriza\u00e7\u00e3o ao redor do Campo Municipal na Vila Vitorino."}, {"id": "2026", "ano": "2025", "numero": "268", "tipo__sigla": "REQ", "tipo__descricao": "Requerimento", "autoria": "Vandilson Barbeiro", "texto_original": "http://sapl.riachodasalmas.pe.leg.br/media/sapl/public/materialegislativa/2025/2026/requerimento_268.pdf", "ementa": "No sentido de que seja feita a limpeza de lixo e mato no \u2018antigo Clube\u2019 e na antiga \u2018casa do juiz\u2019."}, {"id": "2027", "ano": "2025", "numero": "269", "tipo__sigla": "REQ", "tipo__descricao": "Requerimento", "autoria": "Professor Z\u00e9 Carlos", "texto_original": "http://sapl.riachodasalmas.pe.leg.br/media/sapl/public/materialegislativa/2025/2027/requerimento_269.pdf", "ementa": "No sentido de que o Prefeito Municipal encaminhe pedido \u00e0 Companhia Pernambucana de Saneamento (COMPESA) para avaliar a viabilidade de extens\u00e3o da rede de \u00e1gua encanada at\u00e9 o S\u00edtio Rendeiros, bem como que sejam empreendidos esfor\u00e7os para celebrar uma parceria entre a Prefeitura Municipal e a COMPESA, visando garantir a implementa\u00e7\u00e3o do projeto e a efetiva entrega de \u00e1gua encanada aos moradores do referido s\u00edtio."}, {"id": "2028", "ano": "2025", "numero": "270", "tipo__sigla": "REQ", "tipo__descricao": "Requerimento", "autoria": "Professor Z\u00e9 Carlos", "texto_original": "http://sapl.riachodasalmas.pe.leg.br/media/sapl/public/materialegislativa/2025/2028/requerimento_270.pdf", "ementa": "No sentido de que o Prefeito Municipal encaminhe pedido \u00e0 Companhia Pernambucana de Saneamento (COMPESA) para avaliar a viabilidade de extens\u00e3o da rede de \u00e1gua encanada at\u00e9 o S\u00edtio Ch\u00e3 Comprida, bem como que sejam empreendidos esfor\u00e7os para celebrar uma parceria entre a Prefeitura Municipal e a COMPESA, visando garantir a implementa\u00e7\u00e3o do projeto e a efetiva entrega de \u00e1gua encanada aos moradores do referido s\u00edtio."}, {"id": "2029", "ano": "2025", "numero": "271", "tipo__sigla": "REQ", "tipo__descricao": "Requerimento", "autoria": "Professor Z\u00e9 Carlos", "texto_original": "http://sapl.riachodasalmas.pe.leg.br/media/sapl/public/materialegislativa/2025/2029/requerimento_271.pdf", "ementa": "No sentido de que o Prefeito Municipal encaminhe pedido \u00e0 Companhia Pernambucana de Saneamento (COMPESA) para avaliar a viabilidade de extens\u00e3o da rede de \u00e1gua encanada at\u00e9 o S\u00edtio Vila Nova, bem como que sejam empreendidos esfor\u00e7os para celebrar uma parceria entre a Prefeitura Municipal e a COMPESA, visando garantir a implementa\u00e7\u00e3o do projeto e a efetiva entrega de \u00e1gua encanada aos moradores do referido s\u00edtio."}, {"id": "2030", "ano": "2025", "numero": "272", "tipo__sigla": "REQ", "tipo__descricao": "Requerimento", "autoria": "Professor Z\u00e9 Carlos", "texto_original": "http://sapl.riachodasalmas.pe.leg.br/media/sapl/public/materialegislativa/2025/2030/requerimento_272.pdf", "ementa": "No sentido de que o Prefeito Municipal encaminhe pedido \u00e0 Companhia Pernambucana de Saneamento (COMPESA) para avaliar a viabilidade de extens\u00e3o da rede de \u00e1gua encanada at\u00e9 o S\u00edtio Pau Ferro, bem como que sejam empreendidos esfor\u00e7os para celebrar uma parceria entre a Prefeitura Municipal e a COMPESA, visando garantir a implementa\u00e7\u00e3o do projeto e a efetiva entrega de \u00e1gua encanada aos moradores do referido s\u00edtio."}, {"id": "2031", "ano": "2025", "numero": "273", "tipo__sigla": "REQ", "tipo__descricao": "Requerimento", "autoria": "Professor Z\u00e9 Carlos", "texto_original": "http://sapl.riachodasalmas.pe.leg.br/media/sapl/public/materialegislativa/2025/2031/requerimento_273.pdf", "ementa": "No sentido de que o Prefeito Municipal encaminhe pedido \u00e0 Companhia Pernambucana de Saneamento (COMPESA) para avaliar a viabilidade de extens\u00e3o da rede de \u00e1gua encanada at\u00e9 o S\u00edtio Estaleiro, bem como que sejam empreendidos esfor\u00e7os para celebrar uma parceria entre a Prefeitura Municipal e a COMPESA, visando garantir a implementa\u00e7\u00e3o do projeto e a efetiva entrega de \u00e1gua encanada aos moradores do referido s\u00edtio."}, {"id": "2032", "ano": "2025", "numero": "274", "tipo__sigla": "REQ", "tipo__descricao": "Requerimento", "autoria": "Abenildo da Ramada", "texto_original": "http://sapl.riachodasalmas.pe.leg.br/media/sapl/public/materialegislativa/2025/2032/requerimento_274.pdf", "ementa": "No sentido de que seja feito o cal\u00e7amento com paralelep\u00edpedos no p\u00e1tio de eventos da Vila Trapi\u00e1, ao lado do antigo campo de futebol."}, {"id": "2033", "ano": "2025", "numero": "275", "tipo__sigla": "REQ", "tipo__descricao": "Requerimento", "autoria": "Pastor Gustavo Lucena", "texto_original": "http://sapl.riachodasalmas.pe.leg.br/media/sapl/public/materialegislativa/2025/2033/requerimento_275.pdf", "ementa": "No sentido de que seja feita a revitaliza\u00e7\u00e3o, pintura e ilumina\u00e7\u00e3o do letreiro \"Eu amo Riacho\", no trevo da entrada da Cidade."}, {"id": "2034", "ano": "2025", "numero": "276", "tipo__sigla": "REQ", "tipo__descricao": "Requerimento", "autoria": "Tiago do Rangel", "texto_original": "http://sapl.riachodasalmas.pe.leg.br/media/sapl/public/materialegislativa/2025/2034/requerimento_276.pdf", "ementa": "No sentido de que sejam instaladas cestas de basquete em todas as quadras poliesportivas do munic\u00edpio."}, {"id": "2035", "ano": "2025", "numero": "277", "tipo__sigla": "REQ", "tipo__descricao": "Requerimento", "autoria": "Dinho da Sa\u00fade", "texto_original": "http://sapl.riachodasalmas.pe.leg.br/media/sapl/public/materialegislativa/2025/2035/requerimento_277.pdf", "ementa": "No sentido de que seja feita a manuten\u00e7\u00e3o na ilumina\u00e7\u00e3o p\u00fablica no S\u00edtio Salobro, pr\u00f3ximo \u00e0 caixa d'\u00e1gua da compesa, onde mora o Pastor Edmilson."}, {"id": "2037", "ano": "2025", "numero": "278", "tipo__sigla": "REQ", "tipo__descricao": "Requerimento", "autoria": "Nestor do Bordado", "texto_original": "http://sapl.riachodasalmas.pe.leg.br/media/sapl/public/materialegislativa/2025/2037/requerimento_278.pdf", "ementa": "No sentido de que seja feita a pavimenta\u00e7\u00e3o asf\u00e1ltica da Rua Ant\u00f4nio Limeira,  neste munic\u00edpio. (C\u00f3digo de Logradouro: 026)."}, {"id": "2038", "ano": "2025", "numero": "279", "tipo__sigla": "REQ", "tipo__descricao": "Requerimento", "autoria": "Nestor do Bordado", "texto_original": "http://sapl.riachodasalmas.pe.leg.br/media/sapl/public/materialegislativa/2025/2038/requerimento_279.pdf", "ementa": "No sentido de que seja feita a pavimenta\u00e7\u00e3o asf\u00e1ltica da Rua Joaquina Ferreira  da Silva, no Bairro M\u00e3e Rainha, neste munic\u00edpio. (C\u00f3digo de Logradouro: 091)."}, {"id": "2039", "ano": "2025", "numero": "280", "tipo__sigla": "REQ", "tipo__descricao": "Requerimento", "autoria": "Vandilson Barbeiro", "texto_original": "http://sapl.riachodasalmas.pe.leg.br/media/sapl/public/materialegislativa/2025/2039/requerimento_280.pdf", "ementa": "No sentido de que seja feita a pavimenta\u00e7\u00e3o em paralelep\u00edpedos no S\u00edtio Cana  Brava, pr\u00f3ximo ao Vitorino. Ponto de refer\u00eancia: Rua em frente \u00e0 casa de \u2018Sr. Z\u00e9 In\u00eas\u2019,  por tr\u00e1s da Vila do Vitorino."}, {"id": "2040", "ano": "2025", "numero": "281", "tipo__sigla": "REQ", "tipo__descricao": "Requerimento", "autoria": "Genival da Sa\u00fade", "texto_original": "http://sapl.riachodasalmas.pe.leg.br/media/", "ementa": "No sentido de que seja constru\u00edda uma cozinha comunit\u00e1ria no S\u00edtio Bento, neste munic\u00edpio."}, {"id": "2041", "ano": "2025", "numero": "282", "tipo__sigla": "REQ", "tipo__descricao": "Requerimento", "autoria": "Vandilson Barbeiro", "texto_original": "http://sapl.riachodasalmas.pe.leg.br/media/sapl/public/materialegislativa/2025/2041/requerimento_282.pdf", "ementa": "No sentido de que seja feita a passagem da m\u00e1quina para realizar a melhoria  da estrada que d\u00e1 acesso ao S\u00edtio Cajueiro, passando pela comunidade do Cascavel,  at\u00e9 a estrada da Lagoa Salgada. Pontos de refer\u00eancia: a estrada passa em frente \u00e0s  resid\u00eancias do senhor Ramiro e do senhor Josias."}, {"id": "2042", "ano": "2025", "numero": "283", "tipo__sigla": "REQ", "tipo__descricao": "Requerimento", "autoria": "Tiago do Rangel", "texto_original": "http://sapl.riachodasalmas.pe.leg.br/media/sapl/public/materialegislativa/2025/2042/requerimento_283.pdf", "ementa": "No sentido de que seja feito o pi\u00e7arra mento da ladeira pr\u00f3xima \u00e0 casa do Sr.  Luiz de Z\u00e9 de Chico."}, {"id": "2043", "ano": "2025", "numero": "284", "tipo__sigla": "REQ", "tipo__descricao": "Requerimento", "autoria": "Professor Z\u00e9 Carlos", "texto_original": "http://sapl.riachodasalmas.pe.leg.br/media/sapl/public/materialegislativa/2025/2043/requerimento_284.pdf", "ementa": "No sentido de que o Prefeito Municipal encaminhe pedido \u00e0 Companhia  Pernambucana de Saneamento (COMPESA) para avaliar a viabilidade de extens\u00e3o da rede  de \u00e1gua encanada at\u00e9 a Vila Patos, bem como sejam empreendidos esfor\u00e7os para celebrar  uma parceria entre a Prefeitura Municipal e a COMPESA, visando garantir a implementa\u00e7\u00e3o  do projeto e a efetiva entrega de \u00e1gua encanada aos moradores da referida Vila."}, {"id": "2044", "ano": "2025", "numero": "285", "tipo__sigla": "REQ", "tipo__descricao": "Requerimento", "autoria": "Professor Z\u00e9 Carlos", "texto_original": "http://sapl.riachodasalmas.pe.leg.br/media/sapl/public/materialegislativa/2025/2044/requerimento_285.pdf", "ementa": "No sentido de que o Prefeito Municipal encaminhe pedido \u00e0 Companhia  Pernambucana de Saneamento (COMPESA) para avaliar a viabilidade de extens\u00e3o da rede  de \u00e1gua encanada at\u00e9 o S\u00edtio Logradouro, bem como sejam empreendidos esfor\u00e7os para  celebrar uma parceria entre a Prefeitura Municipal e a COMPESA, visando garantir a  implementa\u00e7\u00e3o do projeto e a efetiva entrega de \u00e1gua encanada aos moradores do  referido S\u00edtio."}, {"id": "2045", "ano": "2025", "numero": "286", "tipo__sigla": "REQ", "tipo__descricao": "Requerimento", "autoria": "Professor Z\u00e9 Carlos", "texto_original": "http://sapl.riachodasalmas.pe.leg.br/media/sapl/public/materialegislativa/2025/2045/requerimento_286.pdf", "ementa": "No sentido de que o Prefeito Municipal encaminhe pedido \u00e0 Companhia  Pernambucana de Saneamento (COMPESA) para avaliar a viabilidade de extens\u00e3o da rede  de \u00e1gua encanada at\u00e9 o S\u00edtio Pinh\u00f5es, bem como sejam empreendidos esfor\u00e7os para  celebrar uma parceria entre a Prefeitura Municipal e a COMPESA, visando garantir a  implementa\u00e7\u00e3o do projeto e a efetiva entrega de \u00e1gua encanada aos moradores do \r\nreferido S\u00edtio."}, {"id": "2046", "ano": "2025", "numero": "287", "tipo__sigla": "REQ", "tipo__descricao": "Requerimento", "autoria": "Professor Z\u00e9 Carlos", "texto_original": "http://sapl.riachodasalmas.pe.leg.br/media/sapl/public/materialegislativa/2025/2046/requerimento_287.pdf", "ementa": "No sentido de que o Prefeito Municipal encaminhe pedido \u00e0 Companhia  Pernambucana de Saneamento (COMPESA) para avaliar a viabilidade de extens\u00e3o da rede  de \u00e1gua encanada at\u00e9 o S\u00edtio Lagoa do Algod\u00e3o, bem como sejam empreendidos esfor\u00e7os  para celebrar uma parceria entre a Prefeitura Municipal e a COMPESA, visando garantir a implementa\u00e7\u00e3o do projeto e a efetiva entrega de \u00e1gua encanada aos moradores do  referido S\u00edtio."}, {"id": "2060", "ano": "2025", "numero": "288", "tipo__sigla": "REQ", "tipo__descricao": "Requerimento", "autoria": "Genival da Sa\u00fade", "texto_original": "http://sapl.riachodasalmas.pe.leg.br/media/sapl/public/materialegislativa/2025/2060/requerimento_288.pdf", "ementa": "No sentido de que seja instalada uma ca\u00e7amba de lixo no S\u00edtio Trapi\u00e1, pr\u00f3ximo \u00e0 casa de Zezinho de Paizinho."}, {"id": "2061", "ano": "2025", "numero": "289", "tipo__sigla": "REQ", "tipo__descricao": "Requerimento", "autoria": "Genival da Sa\u00fade", "texto_original": "http://sapl.riachodasalmas.pe.leg.br/media/sapl/public/materialegislativa/2025/2061/requerimento_289.pdf", "ementa": "No sentido de que o carro do lixo estenda seu trajeto at\u00e9 as proximidades da casa de Zezinho de Paizinho, no S\u00edtio Trapi\u00e1."}, {"id": "2062", "ano": "2025", "numero": "290", "tipo__sigla": "REQ", "tipo__descricao": "Requerimento", "autoria": "Genival da Sa\u00fade", "texto_original": "http://sapl.riachodasalmas.pe.leg.br/media/sapl/public/materialegislativa/2025/2062/requerimento_290.pdf", "ementa": "No sentido de que seja feita a compra de um aparelho de raio-x odontol\u00f3gico para a UBS da Vila Trapi\u00e1."}, {"id": "2063", "ano": "2025", "numero": "291", "tipo__sigla": "REQ", "tipo__descricao": "Requerimento", "autoria": "Genival da Sa\u00fade", "texto_original": "http://sapl.riachodasalmas.pe.leg.br/media/sapl/public/materialegislativa/2025/2063/requerimento_291.pdf", "ementa": "No sentido de que seja feita a compra de aparelhos de raio-x odontol\u00f3gico para as UBS\u2019s de todas as Vilas do munic\u00edpio."}, {"id": "2064", "ano": "2025", "numero": "292", "tipo__sigla": "REQ", "tipo__descricao": "Requerimento", "autoria": "Professor Z\u00e9 Carlos", "texto_original": "http://sapl.riachodasalmas.pe.leg.br/media/sapl/public/materialegislativa/2025/2064/requerimento_292.pdf", "ementa": "No sentido de que seja feita a compra de notebooks para professores, ocupantes de cargos de dire\u00e7\u00e3o, coordena\u00e7\u00e3o, supervis\u00e3o, assessoramento pedag\u00f3gico e equipe multidisciplinares da rede municipal de ensino."}, {"id": "2065", "ano": "2025", "numero": "293", "tipo__sigla": "REQ", "tipo__descricao": "Requerimento", "autoria": "Professor Z\u00e9 Carlos", "texto_original": "http://sapl.riachodasalmas.pe.leg.br/media/sapl/public/materialegislativa/2025/2065/requerimento_293.pdf", "ementa": "No sentido de que seja feita a compra de parquinhos para a educa\u00e7\u00e3o infantil na escola Patr\u00edcia Cardoso, na Vila Couro D\u2019Antas."}, {"id": "2066", "ano": "2025", "numero": "294", "tipo__sigla": "REQ", "tipo__descricao": "Requerimento", "autoria": "Professor Z\u00e9 Carlos", "texto_original": "http://sapl.riachodasalmas.pe.leg.br/media/sapl/public/materialegislativa/2025/2066/requerimento_294.pdf", "ementa": "No sentido de que seja feita a compra de parquinhos para a educa\u00e7\u00e3o infantil na escola Santos Cardoso, na Vila Pinh\u00f5es."}, {"id": "2067", "ano": "2025", "numero": "295", "tipo__sigla": "REQ", "tipo__descricao": "Requerimento", "autoria": "Dinho da Sa\u00fade", "texto_original": "http://sapl.riachodasalmas.pe.leg.br/media/sapl/public/materialegislativa/2025/2067/requerimento_295.pdf", "ementa": "No sentido de que seja feita a reforma na quadra de esportes na Vila Vitorino. Tais como: Pintura de todo equipamento, conserto dos alambrados, conserto da coberta e de toda estrutura de ferro."}, {"id": "2068", "ano": "2025", "numero": "296", "tipo__sigla": "REQ", "tipo__descricao": "Requerimento", "autoria": "Dinho da Sa\u00fade", "texto_original": "http://sapl.riachodasalmas.pe.leg.br/media/sapl/public/materialegislativa/2025/2068/requerimento_296.pdf", "ementa": "No sentido de que seja colocada uma lixeira para coleta de lixo no S\u00edtio Chic\u00e3o de Cima, pr\u00f3ximo \u00e0 casa de Eraldo, filho de dona Lenira."}, {"id": "2069", "ano": "2025", "numero": "297", "tipo__sigla": "REQ", "tipo__descricao": "Requerimento", "autoria": "Pastor Gustavo Lucena", "texto_original": "http://sapl.riachodasalmas.pe.leg.br/media/sapl/public/materialegislativa/2025/2069/requerimento_297.pdf", "ementa": "No sentido de que seja feito um local reservado de duas vagas para estacionamento de ambul\u00e2ncias em frente \u00e0 Unidade Mista Jo\u00e3o Soares da Fonseca."}, {"id": "2070", "ano": "2025", "numero": "298", "tipo__sigla": "REQ", "tipo__descricao": "Requerimento", "autoria": "Pastor Gustavo Lucena", "texto_original": "http://sapl.riachodasalmas.pe.leg.br/media/sapl/public/materialegislativa/2025/2070/requerimento_298.pdf", "ementa": "No sentido que o Poder Executivo encaminhe \u00e0 C\u00e2mara Municipal um Projeto de Lei ajustando o piso salarial dos dentistas, neste munic\u00edpio."}, {"id": "2071", "ano": "2025", "numero": "299", "tipo__sigla": "REQ", "tipo__descricao": "Requerimento", "autoria": "Pastor Gustavo Lucena", "texto_original": "http://sapl.riachodasalmas.pe.leg.br/media/sapl/public/materialegislativa/2025/2071/requerimento_299.pdf", "ementa": "No sentido de que o Poder Executivo encaminhe \u00e0 C\u00e2mara Municipal um Projeto de Lei instituindo um programa de incentivo financeiro no valor de R$ 100,00 (cem reais) mensais para os estudantes da Educa\u00e7\u00e3o de Jovens e Adultos (EJA)."}, {"id": "2072", "ano": "2025", "numero": "300", "tipo__sigla": "REQ", "tipo__descricao": "Requerimento", "autoria": "Pastor Gustavo Lucena", "texto_original": "http://sapl.riachodasalmas.pe.leg.br/media/sapl/public/materialegislativa/2025/2072/requerimento_300.pdf", "ementa": "No sentido de que sejam implementados postes de luz no ponto de \u00f4nibus da Vila Rangel."}, {"id": "2073", "ano": "2025", "numero": "301", "tipo__sigla": "REQ", "tipo__descricao": "Requerimento", "autoria": "Professor Z\u00e9 Carlos", "texto_original": "http://sapl.riachodasalmas.pe.leg.br/media/sapl/public/materialegislativa/2025/2073/requerimento_301.pdf", "ementa": "No sentido de que seja feita a compra de parquinhos para a educa\u00e7\u00e3o infantil, na escola Jos\u00e9 Joaquim de Lima, na Vila Trapi\u00e1."}, {"id": "2074", "ano": "2025", "numero": "302", "tipo__sigla": "REQ", "tipo__descricao": "Requerimento", "autoria": "Professor Z\u00e9 Carlos", "texto_original": "http://sapl.riachodasalmas.pe.leg.br/media/sapl/public/materialegislativa/2025/2074/requerimento_302.pdf", "ementa": "No sentido de que seja feita a compra de parquinhos para a educa\u00e7\u00e3o infantil, na Creche M\u00e3e Rainha, neste munic\u00edpio."}, {"id": "2075", "ano": "2025", "numero": "303", "tipo__sigla": "REQ", "tipo__descricao": "Requerimento", "autoria": "Pastor Gustavo Lucena", "texto_original": "http://sapl.riachodasalmas.pe.leg.br/media/sapl/public/materialegislativa/2025/2075/requerimento_303.pdf", "ementa": "No sentido de que seja feita a pavimenta\u00e7\u00e3o em paralelep\u00edpedos da Rua do S\u00edtio Lagoa dos Coelhos."}, {"id": "2076", "ano": "2025", "numero": "304", "tipo__sigla": "REQ", "tipo__descricao": "Requerimento", "autoria": "Tiago do Rangel", "texto_original": "http://sapl.riachodasalmas.pe.leg.br/media/sapl/public/materialegislativa/2025/2076/requerimento_304.pdf", "ementa": "No sentido de que seja instalado sistema de monitoramento em todos os pr\u00e9dios p\u00fablicos do munic\u00edpio."}, {"id": "2077", "ano": "2025", "numero": "305", "tipo__sigla": "REQ", "tipo__descricao": "Requerimento", "autoria": "Tiago do Rangel", "texto_original": "http://sapl.riachodasalmas.pe.leg.br/media/sapl/public/materialegislativa/2025/2077/requerimento_305.pdf", "ementa": "No sentido de que seja feita a requalifica\u00e7\u00e3o do PSF de Guaritas."}, {"id": "2078", "ano": "2025", "numero": "306", "tipo__sigla": "REQ", "tipo__descricao": "Requerimento", "autoria": "Tiago do Rangel", "texto_original": "http://sapl.riachodasalmas.pe.leg.br/media/sapl/public/materialegislativa/2025/2078/requerimento_306.pdf", "ementa": "No sentido de que seja feita a requalifica\u00e7\u00e3o do PSF do S\u00edtio Pau Ferro."}, {"id": "2080", "ano": "2025", "numero": "307", "tipo__sigla": "REQ", "tipo__descricao": "Requerimento", "autoria": "Tiago do Rangel", "texto_original": "http://sapl.riachodasalmas.pe.leg.br/media/sapl/public/materialegislativa/2025/2080/requerimento_307.pdf", "ementa": "No sentido de que seja feito um ponto de \u00f4nibus no s\u00edtio Barriguda de Baixo pr\u00f3ximo ao novo po\u00e7o artesiano."}, {"id": "2083", "ano": "2025", "numero": "308", "tipo__sigla": "REQ", "tipo__descricao": "Requerimento", "autoria": "Dinho da Sa\u00fade", "texto_original": "http://sapl.riachodasalmas.pe.leg.br/media/sapl/public/materialegislativa/2025/2083/requerimento_308-2025.pdf", "ementa": "No sentido de que seja feita a pavimenta\u00e7\u00e3o asf\u00e1ltica na rua S\u00e3o Sebasti\u00e3o, dando In\u00edcio por tr\u00e1s da Cadeia P\u00fablica com t\u00e9rmino ao lado da oficina de Teba. (c\u00f3digo de logradouro: 035)."}, {"id": "2084", "ano": "2025", "numero": "309", "tipo__sigla": "REQ", "tipo__descricao": "Requerimento", "autoria": "Dinho da Sa\u00fade", "texto_original": "http://sapl.riachodasalmas.pe.leg.br/media/sapl/public/materialegislativa/2025/2084/requerimento_309-2025.pdf", "ementa": "No sentido de que seja feita a pavimenta\u00e7\u00e3o asf\u00e1ltica na Av. Nossa Senhora de F\u00e1tima, dando in\u00edcio em frente \u00e0 casa da Senhora Branca de Jo\u00e3o Bernardo com t\u00e9rmino em frente \u00e0 casa de Valcleir. (c\u00f3digo de logradouro: 246)."}, {"id": "2085", "ano": "2025", "numero": "310", "tipo__sigla": "REQ", "tipo__descricao": "Requerimento", "autoria": "Dinho da Sa\u00fade", "texto_original": "http://sapl.riachodasalmas.pe.leg.br/media/sapl/public/materialegislativa/2025/2085/requerimento_310-2025.pdf", "ementa": "No sentido de que seja feita a pavimenta\u00e7\u00e3o asf\u00e1ltica na Rua Celestino Ferreira, dando in\u00edcio na entrada que vai para o Centro Municipal de Educa\u00e7\u00e3o M\u00e3e Rainha com t\u00e9rmino no final do cal\u00e7amento em frente ao Centro de Conviv\u00eancia dos Idosos (CCI) (c\u00f3digo de logradouro: 044)."}, {"id": "2086", "ano": "2025", "numero": "311", "tipo__sigla": "REQ", "tipo__descricao": "Requerimento", "autoria": "Dinho da Sa\u00fade", "texto_original": "http://sapl.riachodasalmas.pe.leg.br/media/sapl/public/materialegislativa/2025/2086/requerimento_311-2025.pdf", "ementa": "No sentido de que seja feito o complemento em pavimenta\u00e7\u00e3o asf\u00e1ltica na Rua\r\nJusto Fernandes da Mota, dando in\u00edcio ao lado do Sal\u00e3o Paroquial at\u00e9 a Escola M\u00e1rio da Mota Limeira. (c\u00f3digo de logradouro: 020)."}, {"id": "2087", "ano": "2025", "numero": "312", "tipo__sigla": "REQ", "tipo__descricao": "Requerimento", "autoria": "Dinho da Sa\u00fade", "texto_original": "http://sapl.riachodasalmas.pe.leg.br/media/sapl/public/materialegislativa/2025/2087/requerimento_312-2025.pdf", "ementa": "No sentido de que seja feita a pavimenta\u00e7\u00e3o asf\u00e1ltica na Rua C\u00f4nego Ant\u00f4nio Faustino, compreendendo as duas ruas laterais da pra\u00e7a da Matriz, como \u00e9 conhecido, com t\u00e9rmino em frente \u00e0 casa do senhor Nelson de Abdias. (C\u00f3digo de logradouro: 025)."}, {"id": "2088", "ano": "2025", "numero": "313", "tipo__sigla": "REQ", "tipo__descricao": "Requerimento", "autoria": "Abenildo da Ramada", "texto_original": "http://sapl.riachodasalmas.pe.leg.br/media/sapl/public/materialegislativa/2025/2088/requerimento_313-2025.pdf", "ementa": "No sentido de que seja feita a instala\u00e7\u00e3o de um estabilizador no po\u00e7o artesiano localizado no \u2018assentamento olho d\u2019agua do padre\u2019. Nas proximidades da Casa de \u2018Jaim\u2019, pr\u00f3ximo ao campo do Ju\u00e1."}, {"id": "2089", "ano": "2025", "numero": "314", "tipo__sigla": "REQ", "tipo__descricao": "Requerimento", "autoria": "Abenildo da Ramada", "texto_original": "http://sapl.riachodasalmas.pe.leg.br/media/sapl/public/materialegislativa/2025/2089/requerimento_314-2025.pdf", "ementa": "No sentido de que seja feita a instala\u00e7\u00e3o de um estabilizador no po\u00e7o artesiano localizado no S\u00edtio Bara\u00fanas, na entrada da Vila, na propriedade de \u2018Biu Preto\u2019."}, {"id": "2090", "ano": "2025", "numero": "315", "tipo__sigla": "REQ", "tipo__descricao": "Requerimento", "autoria": "Abenildo da Ramada", "texto_original": "http://sapl.riachodasalmas.pe.leg.br/media/sapl/public/materialegislativa/2025/2090/requerimento_315-2025.pdf", "ementa": "No sentido de que seja feita a instala\u00e7\u00e3o de um estabilizador no po\u00e7o artesiano localizado no S\u00edtio Chic\u00e3o, nas proximidades da casa de \u2018Carlos\u2019."}, {"id": "2091", "ano": "2025", "numero": "316", "tipo__sigla": "REQ", "tipo__descricao": "Requerimento", "autoria": "Tiago do Rangel", "texto_original": "http://sapl.riachodasalmas.pe.leg.br/media/sapl/public/materialegislativa/2025/2091/requerimento_316-2025.pdf", "ementa": "No sentido de que seja feita a requalifica\u00e7\u00e3o do Terminal Rodovi\u00e1rio deste munic\u00edpio"}, {"id": "2092", "ano": "2025", "numero": "317", "tipo__sigla": "REQ", "tipo__descricao": "Requerimento", "autoria": "Tiago do Rangel", "texto_original": "http://sapl.riachodasalmas.pe.leg.br/media/sapl/public/materialegislativa/2025/2092/requerimento_317-2025.pdf", "ementa": "No sentido de que seja feita a requalifica\u00e7\u00e3o do PSF do S\u00edtio Bara\u00fanas"}, {"id": "2093", "ano": "2025", "numero": "318", "tipo__sigla": "REQ", "tipo__descricao": "Requerimento", "autoria": "Tiago do Rangel", "texto_original": "http://sapl.riachodasalmas.pe.leg.br/media/sapl/public/materialegislativa/2025/2093/requerimento_318-2025.pdf", "ementa": "No sentido de que seja constru\u00edda uma carregadeira (de madeira) para animais de pequeno porte no Matadouro (caprinos e su\u00ednos)."}, {"id": "2094", "ano": "2025", "numero": "319", "tipo__sigla": "REQ", "tipo__descricao": "Requerimento", "autoria": "Professor Z\u00e9 Carlos", "texto_original": "http://sapl.riachodasalmas.pe.leg.br/media/sapl/public/materialegislativa/2025/2094/requerimento_319-2025.pdf", "ementa": "No sentido de que seja feita a compra de parquinhos para a educa\u00e7\u00e3o infantil, na Escola Municipal Enedina Maria da Silva, na Vila Atalaia."}, {"id": "2095", "ano": "2025", "numero": "320", "tipo__sigla": "REQ", "tipo__descricao": "Requerimento", "autoria": "Professor Z\u00e9 Carlos", "texto_original": "http://sapl.riachodasalmas.pe.leg.br/media/sapl/public/materialegislativa/2025/2095/requerimento_320-2025.pdf", "ementa": "No sentido de que seja feita a compra de parquinhos para a educa\u00e7\u00e3o infantil, na Escola Municipal Luiz Francisco da Silva, na Vila Vitorino."}, {"id": "2098", "ano": "2025", "numero": "321", "tipo__sigla": "REQ", "tipo__descricao": "Requerimento", "autoria": "Tiago do Rangel", "texto_original": "http://sapl.riachodasalmas.pe.leg.br/media/sapl/public/materialegislativa/2025/2098/requerimento_321-2025.pdf", "ementa": "No sentido de que seja criado um N\u00facleo de Sa\u00fade Mental com local adequado para atendimento aos usu\u00e1rios de sa\u00fade mental no munic\u00edpio."}, {"id": "2099", "ano": "2025", "numero": "322", "tipo__sigla": "REQ", "tipo__descricao": "Requerimento", "autoria": "", "texto_original": "http://sapl.riachodasalmas.pe.leg.br/media/sapl/public/materialegislativa/2025/2099/requerimento_322-2025.pdf", "ementa": "No sentido de que seja feita a troca das manilhas existentes por manilhas de maior di\u00e2metro da bueira pr\u00f3xima \u00e0 entrada da casa de dona C\u00e9lia, no S\u00edtio Lagoa comprida."}, {"id": "2100", "ano": "2025", "numero": "323", "tipo__sigla": "REQ", "tipo__descricao": "Requerimento", "autoria": "Tiago do Rangel", "texto_original": "http://sapl.riachodasalmas.pe.leg.br/media/sapl/public/materialegislativa/2025/2100/requerimento_323-2025.pdf", "ementa": "No sentido de que seja feita a pavimenta\u00e7\u00e3o em paralelep\u00edpedos da Rua projetada 06, Loteamento Novo Horizonte, neste munic\u00edpio. (C\u00f3digo de logradouro: 311)."}, {"id": "2101", "ano": "2025", "numero": "324", "tipo__sigla": "REQ", "tipo__descricao": "Requerimento", "autoria": "Professor Z\u00e9 Carlos", "texto_original": "http://sapl.riachodasalmas.pe.leg.br/media/sapl/public/materialegislativa/2025/2101/requerimento_324-2025.pdf", "ementa": "No sentido de que sejam instaladas telas nas laterais do campo da Vila Couro D\u2019antas."}, {"id": "2102", "ano": "2025", "numero": "325", "tipo__sigla": "REQ", "tipo__descricao": "Requerimento", "autoria": "Professor Z\u00e9 Carlos", "texto_original": "http://sapl.riachodasalmas.pe.leg.br/media/sapl/public/materialegislativa/2025/2102/requerimento_325-2025.pdf", "ementa": "No sentido de que seja feita a aquisi\u00e7\u00e3o de Tablets para os profissionais de apoio das Escolas P\u00fablicas do munic\u00edpio de Riacho das Almas."}, {"id": "2116", "ano": "2025", "numero": "326", "tipo__sigla": "REQ", "tipo__descricao": "Requerimento", "autoria": "Leandro da Sa\u00fade", "texto_original": "http://sapl.riachodasalmas.pe.leg.br/media/sapl/public/materialegislativa/2025/2116/requerimento_326-2025.pdf", "ementa": "No sentido de que seja instalada uma lombada em frente a \u2018Biu da verdura\u2019, no come\u00e7o do cal\u00e7amento sentido Vila do Vitorino."}, {"id": "2117", "ano": "2025", "numero": "327", "tipo__sigla": "REQ", "tipo__descricao": "Requerimento", "autoria": "Tiago do Rangel", "texto_original": "http://sapl.riachodasalmas.pe.leg.br/media/sapl/public/materialegislativa/2025/2117/requerimento_327-2025.pdf", "ementa": "No sentido de que seja feita a pavimenta\u00e7\u00e3o em paralelep\u00edpedos gran\u00edticos da Rua Edmilson Sotero dos Santos. (C\u00f3digo de logradouro: 462)"}, {"id": "2118", "ano": "2025", "numero": "328", "tipo__sigla": "REQ", "tipo__descricao": "Requerimento", "autoria": "Tiago do Rangel", "texto_original": "http://sapl.riachodasalmas.pe.leg.br/media/sapl/public/materialegislativa/2025/2118/requerimento_328-2025.pdf", "ementa": "No sentido de que seja feita a pavimenta\u00e7\u00e3o em paralelep\u00edpedos gran\u00edticos da Rua Ralf Laureano Alves da Silva. (C\u00f3digo de logradouro: 463)"}, {"id": "2119", "ano": "2025", "numero": "329", "tipo__sigla": "REQ", "tipo__descricao": "Requerimento", "autoria": "Nestor do Bordado", "texto_original": "http://sapl.riachodasalmas.pe.leg.br/media/sapl/public/materialegislativa/2025/2119/requerimento_329-2025.pdf", "ementa": "No sentido de que seja feita a pavimenta\u00e7\u00e3o em paralelep\u00edpedos na Rua J\u00falio Lopes da Silva, no Bairro Celestino Ferreira. (C\u00f3digo de logradouro: 105)"}, {"id": "2120", "ano": "2025", "numero": "330", "tipo__sigla": "REQ", "tipo__descricao": "Requerimento", "autoria": "Nestor do Bordado", "texto_original": "http://sapl.riachodasalmas.pe.leg.br/media/sapl/public/materialegislativa/2025/2120/requerimento_330-2025.pdf", "ementa": "No sentido de que seja feita a pavimenta\u00e7\u00e3o em paralelep\u00edpedos na Travessa Samuel Ferreira. (C\u00f3digo de logradouro: 333)"}, {"id": "2121", "ano": "2025", "numero": "331", "tipo__sigla": "REQ", "tipo__descricao": "Requerimento", "autoria": "Dinho da Sa\u00fade", "texto_original": "http://sapl.riachodasalmas.pe.leg.br/media/sapl/public/materialegislativa/2025/2121/requerimento_331-2025.pdf", "ementa": "No sentido de que seja feita a pavimenta\u00e7\u00e3o asf\u00e1ltica na Rua Maximino Ferreira, dando in\u00edcio ao lado do PETI, com t\u00e9rmino ao lado do \u2018mercadinho de Gaizo\u2019. (C\u00f3digo de logradouro: 046)"}, {"id": "2122", "ano": "2025", "numero": "332", "tipo__sigla": "REQ", "tipo__descricao": "Requerimento", "autoria": "Dinho da Sa\u00fade", "texto_original": "http://sapl.riachodasalmas.pe.leg.br/media/sapl/public/materialegislativa/2025/2122/requerimento_332-2025.pdf", "ementa": "No sentido de que seja feita a pavimenta\u00e7\u00e3o asf\u00e1ltica na Travessa Maximino Ferreira. (C\u00f3digo de logradouro: 196)"}, {"id": "2123", "ano": "2025", "numero": "333", "tipo__sigla": "REQ", "tipo__descricao": "Requerimento", "autoria": "Dinho da Sa\u00fade", "texto_original": "http://sapl.riachodasalmas.pe.leg.br/media/sapl/public/materialegislativa/2025/2123/requerimento_333-2025.pdf", "ementa": "No sentido de que seja feita a pavimenta\u00e7\u00e3o asf\u00e1ltica na Travessa S\u00e3o Sebasti\u00e3o, onde mora o senhor \u2018Dida de Zulmira\u2019. (C\u00f3digo de logradouro: 041)"}, {"id": "2124", "ano": "2025", "numero": "334", "tipo__sigla": "REQ", "tipo__descricao": "Requerimento", "autoria": "Dinho da Sa\u00fade", "texto_original": "http://sapl.riachodasalmas.pe.leg.br/media/sapl/public/materialegislativa/2025/2124/requerimento_334-2025.pdf", "ementa": "No sentido de que seja feita a pavimenta\u00e7\u00e3o asf\u00e1ltica na Rua Osvaldo Santiago, localizada no Bairro da Salina. (C\u00f3digo de logradouro: 038)"}, {"id": "2125", "ano": "2025", "numero": "335", "tipo__sigla": "REQ", "tipo__descricao": "Requerimento", "autoria": "Dinho da Sa\u00fade", "texto_original": "http://sapl.riachodasalmas.pe.leg.br/media/sapl/public/materialegislativa/2025/2125/requerimento_335-2025.pdf", "ementa": "No sentido de que seja feita a pavimenta\u00e7\u00e3o asf\u00e1ltica na Rua S\u00e3o Judas Tadeu, localizada no Bairro da Salina. (C\u00f3digo de logradouro: 036)"}, {"id": "2128", "ano": "2025", "numero": "336", "tipo__sigla": "REQ", "tipo__descricao": "Requerimento", "autoria": "Genival da Sa\u00fade", "texto_original": "http://sapl.riachodasalmas.pe.leg.br/media/sapl/public/materialegislativa/2025/2128/requerimento_336-2025.pdf", "ementa": "No sentido de que seja constru\u00edda uma UBS Animal na Vila Trapi\u00e1, neste munic\u00edpio."}, {"id": "2129", "ano": "2025", "numero": "337", "tipo__sigla": "REQ", "tipo__descricao": "Requerimento", "autoria": "Genival da Sa\u00fade", "texto_original": "http://sapl.riachodasalmas.pe.leg.br/media/sapl/public/materialegislativa/2025/2129/requerimento_337-2025.pdf", "ementa": "No sentido de que seja encaminhado ao Poder Legislativo um Projeto de Lei que regularmente os sal\u00e1rios dos motoristas efetivos e comissionados do munic\u00edpio."}, {"id": "2130", "ano": "2025", "numero": "338", "tipo__sigla": "REQ", "tipo__descricao": "Requerimento", "autoria": "Tiago do Rangel", "texto_original": "http://sapl.riachodasalmas.pe.leg.br/media/sapl/public/materialegislativa/2025/2130/requerimento_338-2025.pdf", "ementa": "No sentido de que seja colocado piso em cer\u00e2mica e forro em gesso na UBS da vila Couro D\u2019Antas."}, {"id": "2131", "ano": "2025", "numero": "339", "tipo__sigla": "REQ", "tipo__descricao": "Requerimento", "autoria": "Pastor Gustavo Lucena", "texto_original": "http://sapl.riachodasalmas.pe.leg.br/media/sapl/public/materialegislativa/2025/2131/requerimento_339-2025.pdf", "ementa": "No sentido de que seja feita a pavimenta\u00e7\u00e3o em paralelep\u00edpedos e o saneamento na Rua Projetada 04, neste munic\u00edpio. (C\u00f3digo de logradouro: 429)"}, {"id": "2134", "ano": "2025", "numero": "340", "tipo__sigla": "REQ", "tipo__descricao": "Requerimento", "autoria": "Pastor Gustavo Lucena", "texto_original": "http://sapl.riachodasalmas.pe.leg.br/media/", "ementa": "No sentido de que seja feita a constru\u00e7\u00e3o de um banheiro no CRAS, neste munic\u00edpio."}, {"id": "2135", "ano": "2025", "numero": "341", "tipo__sigla": "REQ", "tipo__descricao": "Requerimento", "autoria": "Genival da Sa\u00fade", "texto_original": "http://sapl.riachodasalmas.pe.leg.br/media/", "ementa": "No sentido de que seja feito o encaminhamento a esta Casa legislativa, por meio do poder executivo, um Projeto de Lei que institua e regulamente o Estatuto Dos Servidores P\u00fablicos Municipais."}, {"id": "2139", "ano": "2025", "numero": "342", "tipo__sigla": "REQ", "tipo__descricao": "Requerimento", "autoria": "Pastor Gustavo Lucena", "texto_original": "http://sapl.riachodasalmas.pe.leg.br/media/sapl/public/materialegislativa/2025/2139/requerimento_342.pdf", "ementa": "No sentido de que seja feita a passagem da m\u00e1quina para realizar a melhoria da estrada que liga Riacho das Almas \u00e0 Vila Rangel."}, {"id": "2140", "ano": "2025", "numero": "343", "tipo__sigla": "REQ", "tipo__descricao": "Requerimento", "autoria": "Professor Z\u00e9 Carlos", "texto_original": "http://sapl.riachodasalmas.pe.leg.br/media/sapl/public/materialegislativa/2025/2140/requerimento_343.pdf", "ementa": "No sentido de que seja feito o pi\u00e7arra mento da estrada com in\u00edcio na ladeira em frente \u00e0 casa de Joel, conhecido como \u2018Galo Braco\u2019, at\u00e9 o trevo entre Ju\u00e1 e Patos."}, {"id": "2153", "ano": "2025", "numero": "344", "tipo__sigla": "REQ", "tipo__descricao": "Requerimento", "autoria": "Nestor do Bordado", "texto_original": "http://sapl.riachodasalmas.pe.leg.br/media/sapl/public/materialegislativa/2025/2153/requerimento_344.pdf", "ementa": "No sentido de que seja feita uma passarela para pedestres na ponte ao lado do cemit\u00e9rio, neste munic\u00edpio."}, {"id": "2154", "ano": "2025", "numero": "345", "tipo__sigla": "REQ", "tipo__descricao": "Requerimento", "autoria": "Vandilson Barbeiro", "texto_original": "http://sapl.riachodasalmas.pe.leg.br/media/sapl/public/materialegislativa/2025/2154/requerimento_345.pdf", "ementa": "No sentido de que sejam implementadas muretas de prote\u00e7\u00e3o na ponte que liga o bairro da COHAB \u00e0 Vila de Z\u00e9 de C\u00edcero, neste munic\u00edpio."}, {"id": "2160", "ano": "2025", "numero": "346", "tipo__sigla": "REQ", "tipo__descricao": "Requerimento", "autoria": "Dinho da Sa\u00fade", "texto_original": "http://sapl.riachodasalmas.pe.leg.br/media/sapl/public/materialegislativa/2025/2160/requerimento_346.pdf", "ementa": "No sentido de que sejam constru\u00eddos dois quebras- molas (conforme CTB), com placas de sinaliza\u00e7\u00e3o e pintura dos mesmos, na Rua M\u00e1rio da Mota Limeira, pr\u00f3ximo \u00e0 escola Futura Kids, no Bairro Santa Terezinha."}, {"id": "2161", "ano": "2025", "numero": "347", "tipo__sigla": "REQ", "tipo__descricao": "Requerimento", "autoria": "Pastor Gustavo Lucena", "texto_original": "http://sapl.riachodasalmas.pe.leg.br/media/sapl/public/materialegislativa/2025/2161/requerimento_347.pdf", "ementa": "No sentido de que sejam ampliados os servi\u00e7os oferecidos pelo CRAS - Centro de Refer\u00eancia de Assist\u00eancia Social, com implanta\u00e7\u00e3o de uma equipe volante, atendendo a zona rural."}, {"id": "2162", "ano": "2025", "numero": "348", "tipo__sigla": "REQ", "tipo__descricao": "Requerimento", "autoria": "Pastor Gustavo Lucena", "texto_original": "http://sapl.riachodasalmas.pe.leg.br/media/sapl/public/materialegislativa/2025/2162/requerimento_348.pdf", "ementa": "No sentido de que sejam fortalecidos projetos e programas para o p\u00fablico jovem, visando o protagonismo social e econ\u00f4mico."}, {"id": "2163", "ano": "2025", "numero": "349", "tipo__sigla": "REQ", "tipo__descricao": "Requerimento", "autoria": "Pastor Gustavo Lucena", "texto_original": "http://sapl.riachodasalmas.pe.leg.br/media/sapl/public/materialegislativa/2025/2163/requerimento_349.pdf", "ementa": "No sentido de que seja implementado um programa que promova a inclus\u00e3o social, autonomia e a melhoria de vida da popula\u00e7\u00e3o com defici\u00eancias."}, {"id": "2164", "ano": "2025", "numero": "350", "tipo__sigla": "REQ", "tipo__descricao": "Requerimento", "autoria": "Pastor Gustavo Lucena", "texto_original": "http://sapl.riachodasalmas.pe.leg.br/media/sapl/public/materialegislativa/2025/2164/requerimento_350.pdf", "ementa": "No sentido de que seja implementado um programa que estimule a instala\u00e7\u00e3o de novas empresas, com objetivo de gerar emprego e renda."}, {"id": "2165", "ano": "2025", "numero": "351", "tipo__sigla": "REQ", "tipo__descricao": "Requerimento", "autoria": "Pastor Gustavo Lucena", "texto_original": "http://sapl.riachodasalmas.pe.leg.br/media/sapl/public/materialegislativa/2025/2165/requerimento_351.pdf", "ementa": "No sentido de que seja criado um campeonato de futebol da terceira idade, para incentivar o futebol e a pr\u00e1tica de atividades f\u00edsicas para a gera\u00e7\u00e3o idosa do munic\u00edpio."}, {"id": "2167", "ano": "2025", "numero": "352", "tipo__sigla": "REQ", "tipo__descricao": "Requerimento", "autoria": "Abenildo da Ramada", "texto_original": "http://sapl.riachodasalmas.pe.leg.br/media/sapl/public/materialegislativa/2025/2167/requerimento_352.pdf", "ementa": "No sentido de que sejam implementados 06 (seis) bra\u00e7os de luz completos na Rua Jos\u00e9 Am\u00e2ncio Sobrinho (Tito), que vai da oficina de Z\u00e9 Mal\u00f4 at\u00e9 a casa de Neto de Povinho na Vila Trapi\u00e1."}, {"id": "2168", "ano": "2025", "numero": "353", "tipo__sigla": "REQ", "tipo__descricao": "Requerimento", "autoria": "Jair do Jiquiri", "texto_original": "http://sapl.riachodasalmas.pe.leg.br/media/sapl/public/materialegislativa/2025/2168/requerimento_353.pdf", "ementa": "No sentido de que sejam instaladas c\u00e2meras de vigil\u00e2ncia no Cemit\u00e9rio Municipal de Riacho das Almas."}, {"id": "2169", "ano": "2025", "numero": "354", "tipo__sigla": "REQ", "tipo__descricao": "Requerimento", "autoria": "Genival da Sa\u00fade", "texto_original": "http://sapl.riachodasalmas.pe.leg.br/media/sapl/public/materialegislativa/2025/2169/requerimento_354.pdf", "ementa": "No sentido de que seja implementado o Servi\u00e7o de Conviv\u00eancia e Fortalecimento de V\u00ednculos para Crian\u00e7as (SCFV) na antiga escola onde funcionava o \u2018CVT\u2019, ao lado do posto de sa\u00fade da Vila de Trapi\u00e1."}, {"id": "2170", "ano": "2025", "numero": "355", "tipo__sigla": "REQ", "tipo__descricao": "Requerimento", "autoria": "Dinho da Sa\u00fade", "texto_original": "http://sapl.riachodasalmas.pe.leg.br/media/sapl/public/materialegislativa/2025/2170/requerimento_355.pdf", "ementa": "No sentido de que seja colocado uma lixeira para coleta de lixo na Av. Severino B\u00e1sio do Nascimento pr\u00f3ximo \u00e0 casa de Andinho filho de Tico, localizado no Bairro Gold Park."}, {"id": "2177", "ano": "2025", "numero": "356", "tipo__sigla": "REQ", "tipo__descricao": "Requerimento", "autoria": "Leandro da Sa\u00fade", "texto_original": "http://sapl.riachodasalmas.pe.leg.br/media/sapl/public/materialegislativa/2025/2177/requerimento_356.pdf", "ementa": "No sentido de que seja feita a revitaliza\u00e7\u00e3o das segundas faixas existentes na PE-95 entre Riacho e Caruaru."}, {"id": "2178", "ano": "2025", "numero": "357", "tipo__sigla": "REQ", "tipo__descricao": "Requerimento", "autoria": "Leandro da Sa\u00fade", "texto_original": "http://sapl.riachodasalmas.pe.leg.br/media/sapl/public/materialegislativa/2025/2178/requerimento_357.pdf", "ementa": "No sentido de que seja destinada uma ambul\u00e2ncia para atender as demandas da Vila Patos e Bara\u00fanas."}, {"id": "2179", "ano": "2025", "numero": "358", "tipo__sigla": "REQ", "tipo__descricao": "Requerimento", "autoria": "Leandro da Sa\u00fade", "texto_original": "http://sapl.riachodasalmas.pe.leg.br/media/sapl/public/materialegislativa/2025/2179/requerimento_358.pdf", "ementa": "No sentido de que seja feita a encana\u00e7\u00e3o de \u00e1gua no S\u00edtio Riacho do Uru\u00e7u."}, {"id": "2180", "ano": "2025", "numero": "359", "tipo__sigla": "REQ", "tipo__descricao": "Requerimento", "autoria": "Leandro da Sa\u00fade", "texto_original": "http://sapl.riachodasalmas.pe.leg.br/media/sapl/public/materialegislativa/2025/2180/requerimento_359.pdf", "ementa": "No sentido de que seja feita a encana\u00e7\u00e3o de \u00e1gua na Vila Patos."}, {"id": "2181", "ano": "2025", "numero": "360", "tipo__sigla": "REQ", "tipo__descricao": "Requerimento", "autoria": "Leandro da Sa\u00fade", "texto_original": "http://sapl.riachodasalmas.pe.leg.br/media/sapl/public/materialegislativa/2025/2181/requerimento_360.pdf", "ementa": "No sentido de que seja feita a encana\u00e7\u00e3o de \u00e1gua no S\u00edtio Salgado."}, {"id": "2182", "ano": "2025", "numero": "361", "tipo__sigla": "REQ", "tipo__descricao": "Requerimento", "autoria": "Tiago do Rangel", "texto_original": "http://sapl.riachodasalmas.pe.leg.br/media/sapl/public/materialegislativa/2025/2182/requerimento_361.pdf", "ementa": "No sentido de que seja feita a pavimenta\u00e7\u00e3o em paralelep\u00edpedos na Rua Projetada 05, no Bairro Celestino Ferreira. (C\u00f3digo de logradouro: 310)"}, {"id": "2183", "ano": "2025", "numero": "362", "tipo__sigla": "REQ", "tipo__descricao": "Requerimento", "autoria": "Tiago do Rangel", "texto_original": "http://sapl.riachodasalmas.pe.leg.br/media/sapl/public/materialegislativa/2025/2183/requerimento_362.pdf", "ementa": "No sentido de que seja feita a pavimenta\u00e7\u00e3o em paralelep\u00edpedos da Rua J\u00falio Lopes, no Bairro Celestino Ferreira. (C\u00f3digo de logradouro: 309)"}, {"id": "2184", "ano": "2025", "numero": "363", "tipo__sigla": "REQ", "tipo__descricao": "Requerimento", "autoria": "Tiago do Rangel", "texto_original": "http://sapl.riachodasalmas.pe.leg.br/media/sapl/public/materialegislativa/2025/2184/requerimento_363.pdf", "ementa": "No sentido de que seja feita a pavimenta\u00e7\u00e3o em paralelep\u00edpedos na Travessa Zenite Ferreira, no Bairro Celestino Ferreira. (C\u00f3digo de logradouro: 525)"}, {"id": "2185", "ano": "2025", "numero": "364", "tipo__sigla": "REQ", "tipo__descricao": "Requerimento", "autoria": "Vandilson Barbeiro", "texto_original": "http://sapl.riachodasalmas.pe.leg.br/media/sapl/public/materialegislativa/2025/2185/requerimento_364.pdf", "ementa": "No sentido de que seja instalada uma lixeira para coleta de lixo na Rua Alto do A\u00e7ude. Ponto de refer\u00eancia: pr\u00f3ximo \u00e0 casa de \u2018Bruno\u2019, ao lado da pra\u00e7a."}, {"id": "2186", "ano": "2025", "numero": "365", "tipo__sigla": "REQ", "tipo__descricao": "Requerimento", "autoria": "Pastor Gustavo Lucena", "texto_original": "http://sapl.riachodasalmas.pe.leg.br/media/sapl/public/materialegislativa/2025/2186/requerimento_365.pdf", "ementa": "No sentido de que seja fortalecido o \u2018Projeto Pedalando com Sa\u00fade\u2019, incentivando a popula\u00e7\u00e3o riachense a utilizar bicicletas como ve\u00edculo de transporte e lazer."}, {"id": "2187", "ano": "2025", "numero": "366", "tipo__sigla": "REQ", "tipo__descricao": "Requerimento", "autoria": "Pastor Gustavo Lucena", "texto_original": "http://sapl.riachodasalmas.pe.leg.br/media/sapl/public/materialegislativa/2025/2187/requerimento_366.pdf", "ementa": "No sentido de que sejam feitos investimentos na estrutura da sala de parto humanizado na Unidade Hospitalar Jo\u00e3o Soares da Fonseca."}, {"id": "2188", "ano": "2025", "numero": "367", "tipo__sigla": "REQ", "tipo__descricao": "Requerimento", "autoria": "Pastor Gustavo Lucena", "texto_original": "http://sapl.riachodasalmas.pe.leg.br/media/sapl/public/materialegislativa/2025/2188/requerimento_367.pdf", "ementa": "No sentido de que seja levado o servi\u00e7o do \u2018\u00d4nibus Sorriso\u2019 para as Vilas e localidades que ainda n\u00e3o foram atendidas."}, {"id": "2189", "ano": "2025", "numero": "368", "tipo__sigla": "REQ", "tipo__descricao": "Requerimento", "autoria": "Pastor Gustavo Lucena", "texto_original": "http://sapl.riachodasalmas.pe.leg.br/media/sapl/public/materialegislativa/2025/2189/requerimento_368.pdf", "ementa": "No sentido de que seja fortalecido o comit\u00ea gestor de busca ativa nas a\u00e7\u00f5es que visam o combate \u00e0 evas\u00e3o escolar"}, {"id": "2190", "ano": "2025", "numero": "369", "tipo__sigla": "REQ", "tipo__descricao": "Requerimento", "autoria": "Professor Z\u00e9 Carlos", "texto_original": "http://sapl.riachodasalmas.pe.leg.br/media/sapl/public/materialegislativa/2025/2190/requerimento_369.pdf", "ementa": "No sentido de que seja constru\u00edda uma sala de Atendimento Educacional Especializado (AEE) na Creche M\u00e3e Rainha, neste Munic\u00edpio."}, {"id": "2191", "ano": "2025", "numero": "370", "tipo__sigla": "REQ", "tipo__descricao": "Requerimento", "autoria": "Professor Z\u00e9 Carlos", "texto_original": "http://sapl.riachodasalmas.pe.leg.br/media/sapl/public/materialegislativa/2025/2191/requerimento_370.pdf", "ementa": "No sentido de que seja constru\u00edda uma sala de Atendimento Educacional Especializado (AEE) na Escola Municipal Enedina Maria de Lima, na Vila Atalaia."}, {"id": "2198", "ano": "2025", "numero": "371", "tipo__sigla": "REQ", "tipo__descricao": "Requerimento", "autoria": "Dinho da Sa\u00fade", "texto_original": "http://sapl.riachodasalmas.pe.leg.br/media/sapl/public/materialegislativa/2025/2198/requerimento_371.pdf", "ementa": "No sentido de que seja feito o saneamento na Rua onde morava o popular \u2018Sr. Nilton\u2019, na Vila Patos."}, {"id": "2199", "ano": "2025", "numero": "372", "tipo__sigla": "REQ", "tipo__descricao": "Requerimento", "autoria": "Dinho da Sa\u00fade", "texto_original": "http://sapl.riachodasalmas.pe.leg.br/media/sapl/public/materialegislativa/2025/2199/requerimento_372.pdf", "ementa": "No sentido de que seja feito o saneamento na Rua onde morava o popular \u2018Sr. Paulinho de Z\u00e9 Novinho\u2019, na Vila Patos."}, {"id": "2200", "ano": "2025", "numero": "373", "tipo__sigla": "REQ", "tipo__descricao": "Requerimento", "autoria": "Pastor Gustavo Lucena", "texto_original": "http://sapl.riachodasalmas.pe.leg.br/media/sapl/public/materialegislativa/2025/2200/requerimento_373.pdf", "ementa": "No sentido de que seja constru\u00edda uma \u2018pracinha\u2019 na Rua do popular \u2018Bala da Verdura\u2019, neste munic\u00edpio."}, {"id": "2201", "ano": "2025", "numero": "374", "tipo__sigla": "REQ", "tipo__descricao": "Requerimento", "autoria": "Vandilson Barbeiro", "texto_original": "http://sapl.riachodasalmas.pe.leg.br/media/sapl/public/materialegislativa/2025/2201/requerimento_374.pdf", "ementa": "No sentido de que seja constru\u00edda mais uma sala de aula na Escola Joaquim Ferreira de Lima, situada na zona rural, pr\u00f3ximo a \u2018Alzira\u2019."}, {"id": "2202", "ano": "2025", "numero": "375", "tipo__sigla": "REQ", "tipo__descricao": "Requerimento", "autoria": "Abenildo da Ramada", "texto_original": "http://sapl.riachodasalmas.pe.leg.br/media/sapl/public/materialegislativa/2025/2202/requerimento_375.pdf", "ementa": "No sentido de que seja feita uma reforma na Pra\u00e7a Nossa Senhora do Livramento, na Vila Trapi\u00e1."}, {"id": "2203", "ano": "2025", "numero": "376", "tipo__sigla": "REQ", "tipo__descricao": "Requerimento", "autoria": "Abenildo da Ramada", "texto_original": "http://sapl.riachodasalmas.pe.leg.br/media/sapl/public/materialegislativa/2025/2203/requerimento_376.pdf", "ementa": "No sentido de que seja feito o saneamento da Rua Jo\u00e3o Quirino, na Vila Trapi\u00e1. (C\u00f3digo de Logradouro: 144)."}, {"id": "2208", "ano": "2025", "numero": "377", "tipo__sigla": "REQ", "tipo__descricao": "Requerimento", "autoria": "Dinho da Sa\u00fade", "texto_original": "http://sapl.riachodasalmas.pe.leg.br/media/sapl/public/materialegislativa/2025/2208/requerimento_377.pdf", "ementa": "No sentido de que seja realizada audi\u00eancia p\u00fablica com o objetivo de discutir a organiza\u00e7\u00e3o do tr\u00e2nsito e a aplica\u00e7\u00e3o de multas no munic\u00edpio de Riacho das Almas. Sugere-se que seja marcada a audi\u00eancia p\u00fablica com data e hor\u00e1rio a serem definidos, a ser realizada nas depend\u00eancias da C\u00e2mara Municipal de Riacho das Almas. Ademais, que sejam convidados representantes da Prefeitura Municipal, do Departamento de Tr\u00e2nsito Municipal - DTM, da Pol\u00edcia Militar, bem como membros da sociedade civil."}, {"id": "2209", "ano": "2025", "numero": "378", "tipo__sigla": "REQ", "tipo__descricao": "Requerimento", "autoria": "Professor Z\u00e9 Carlos", "texto_original": "http://sapl.riachodasalmas.pe.leg.br/media/sapl/public/materialegislativa/2025/2209/requerimento_378.pdf", "ementa": "No sentido de que seja feita a passagem da m\u00e1quina para execu\u00e7\u00e3o de servi\u00e7os de recupera\u00e7\u00e3o e melhoria da estrada que interliga Riacho das Almas \u00e0 Vila de Pinh\u00f5es, com trajeto pelo S\u00edtio Gavi\u00e3o."}, {"id": "2215", "ano": "2025", "numero": "379", "tipo__sigla": "REQ", "tipo__descricao": "Requerimento", "autoria": "Pipi Marchante", "texto_original": "http://sapl.riachodasalmas.pe.leg.br/media/", "ementa": "No sentido de que seja feita a limpeza da lagoa pr\u00f3xima \u00e0 casa do Sr. \u2018Chico do Leite\u2019, no S\u00edtio Lagoa de Pinh\u00f5es."}, {"id": "2216", "ano": "2025", "numero": "380", "tipo__sigla": "REQ", "tipo__descricao": "Requerimento", "autoria": "Leandro da Sa\u00fade", "texto_original": "http://sapl.riachodasalmas.pe.leg.br/media/", "ementa": "No sentido de que seja feita a drenagem e pi\u00e7arragem na \u2018Ladeira de Amaro Mancio\u2019, nas proximidades da Serra Verde."}, {"id": "2222", "ano": "2025", "numero": "381", "tipo__sigla": "REQ", "tipo__descricao": "Requerimento", "autoria": "Abenildo da Ramada", "texto_original": "http://sapl.riachodasalmas.pe.leg.br/media/", "ementa": "No sentido de que sejam instalados refletores no campo de futebol da Palmat\u00f3ria."}, {"id": "2223", "ano": "2025", "numero": "382", "tipo__sigla": "REQ", "tipo__descricao": "Requerimento", "autoria": "Abenildo da Ramada", "texto_original": "http://sapl.riachodasalmas.pe.leg.br/media/sapl/public/materialegislativa/2025/2223/requerimento_382.pdf", "ementa": "No sentido de que seja feita a pavimenta\u00e7\u00e3o em paralelep\u00edpedos no S\u00edtio Barrinhos, tendo in\u00edcio pr\u00f3ximo \u00e0 casa de \u2018Mauri\u2019, at\u00e9 a subida da ladeira. (C\u00f3digo de Logradouro: 542)."}, {"id": "2226", "ano": "2025", "numero": "383", "tipo__sigla": "REQ", "tipo__descricao": "Requerimento", "autoria": "Pastor Gustavo Lucena", "texto_original": "http://sapl.riachodasalmas.pe.leg.br/media/sapl/public/materialegislativa/2025/2226/requerimento_383.pdf", "ementa": "No sentido de que seja feita a pavimenta\u00e7\u00e3o em paralelep\u00edpedos na Rua Aroldo Batista dos Santos, no Bairro Santa Terezinha, neste munic\u00edpio. (C\u00f3digo de Logradouro: 258)."}, {"id": "2227", "ano": "2025", "numero": "384", "tipo__sigla": "REQ", "tipo__descricao": "Requerimento", "autoria": "Leandro da Sa\u00fade", "texto_original": "http://sapl.riachodasalmas.pe.leg.br/media/sapl/public/materialegislativa/2025/2227/requerimento_384.pdf", "ementa": "No sentido de que seja instalada uma caixa d\u2019\u00e1gua no conhecido \u2018Beco de Poliana\u2019, na Vila Atalaia."}, {"id": "2237", "ano": "2025", "numero": "385", "tipo__sigla": "REQ", "tipo__descricao": "Requerimento", "autoria": "Genival da Sa\u00fade", "texto_original": "http://sapl.riachodasalmas.pe.leg.br/media/sapl/public/materialegislativa/2025/2237/requerimento_385.pdf", "ementa": "No sentido de que seja feita a limpeza de um a\u00e7ude localizado no S\u00edtio Dois Riachos, conhecido como \u2018A\u00e7ude do Timb\u00f3\u2019, neste munic\u00edpio."}, {"id": "2238", "ano": "2025", "numero": "386", "tipo__sigla": "REQ", "tipo__descricao": "Requerimento", "autoria": "Pastor Gustavo Lucena", "texto_original": "http://sapl.riachodasalmas.pe.leg.br/media/sapl/public/materialegislativa/2025/2238/requerimento_386.pdf", "ementa": "No sentido de que seja feita a pavimenta\u00e7\u00e3o em paralelep\u00edpedos em um trecho que falta o cal\u00e7amento da Av. da Saudade, ao lado da pracinha. (C\u00f3digo de Logradouro: 055)"}, {"id": "2243", "ano": "2025", "numero": "387", "tipo__sigla": "REQ", "tipo__descricao": "Requerimento", "autoria": "Pastor Gustavo Lucena", "texto_original": "http://sapl.riachodasalmas.pe.leg.br/media/sapl/public/materialegislativa/2025/2243/requerimento_387.pdf", "ementa": "No sentido de que seja feita a pavimenta\u00e7\u00e3o em paralelep\u00edpedos na Travessa S\u00e3o Sebasti\u00e3o, neste munic\u00edpio. (C\u00f3digo de Logradouro: 041)"}, {"id": "2244", "ano": "2025", "numero": "388", "tipo__sigla": "REQ", "tipo__descricao": "Requerimento", "autoria": "Leandro da Sa\u00fade", "texto_original": "http://sapl.riachodasalmas.pe.leg.br/media/sapl/public/materialegislativa/2025/2244/requerimento_388.pdf", "ementa": "No sentido de que seja feita a destina\u00e7\u00e3o de 01 (uma) ambul\u00e2ncia para a UBS da Vila Atalaia."}, {"id": "2247", "ano": "2025", "numero": "389", "tipo__sigla": "REQ", "tipo__descricao": "Requerimento", "autoria": "Dinho da Sa\u00fade", "texto_original": "http://sapl.riachodasalmas.pe.leg.br/media/sapl/public/materialegislativa/2025/2247/requerimento_389.pdf", "ementa": "No sentido de que seja feita a pavimenta\u00e7\u00e3o em paralelep\u00edpedos da Rua Abel  C\u00edcero da Silva, no loteamento Severino Lula. (C\u00f3digo de Logradouro: 243)."}, {"id": "2248", "ano": "2025", "numero": "390", "tipo__sigla": "REQ", "tipo__descricao": "Requerimento", "autoria": "Pastor Gustavo Lucena", "texto_original": "http://sapl.riachodasalmas.pe.leg.br/media/sapl/public/materialegislativa/2025/2248/requerimento_390.pdf", "ementa": "No sentido de que seja feita a pavimenta\u00e7\u00e3o em paralelep\u00edpedos da Rua  Sebasti\u00e3o Monteiro da Silva. (C\u00f3digo de Logradouro: 085)."}, {"id": "1912", "ano": "2025", "numero": "1", "tipo__sigla": "PDI", "tipo__descricao": "Pedido de Informa\u00e7\u00e3o", "autoria": "Dinho da Sa\u00fade", "texto_original": "http://sapl.riachodasalmas.pe.leg.br/media/", "ementa": "Solicita c\u00f3pia da escala dos profissionais da enfermagem do hospital e do SAMU no per\u00edodo do ano 2024 at\u00e9 o presente momento, bem como c\u00f3pia dos documentos pessoais de todos os profissionais de enfermagem do hospital e SAMU, inclusive carteira do Corem e comprovante de resid\u00eancia."}, {"id": "1913", "ano": "2025", "numero": "2", "tipo__sigla": "PDI", "tipo__descricao": "Pedido de Informa\u00e7\u00e3o", "autoria": "Dinho da Sa\u00fade", "texto_original": "http://sapl.riachodasalmas.pe.leg.br/media/", "ementa": "Solicito informa\u00e7\u00f5es referente aos materiais de constru\u00e7\u00e3o que foram retirados da nova escola que est\u00e1 sendo constru\u00edda pr\u00f3ximo ao matadouro p\u00fablico, bem como a informa\u00e7\u00e3o de quando ser\u00e1 retomada a obra que se encontra paralisada."}, {"id": "1721", "ano": "2025", "numero": "1", "tipo__sigla": "PDU", "tipo__descricao": "Pedido de Urg\u00eancia", "autoria": "Dinho da Sa\u00fade", "texto_original": "http://sapl.riachodasalmas.pe.leg.br/media/", "ementa": "Pedido de urg\u00eancia referente ao Requerimento n\u00ba 034/2025 Autoria: Leonardo Henrique de Moura."}, {"id": "1723", "ano": "2025", "numero": "2", "tipo__sigla": "PDU", "tipo__descricao": "Pedido de Urg\u00eancia", "autoria": "Professor Z\u00e9 Carlos", "texto_original": "http://sapl.riachodasalmas.pe.leg.br/media/", "ementa": "Pedido de urg\u00eancia referente ao Projeto de Lei do Legislativo n\u00ba 001/2025 - que fixa o reajuste do valor do sal\u00e1rio m\u00ednimo para o ano de 2025 dos servidores da C\u00e2mara Municipal de Riacho das Almas, Estado de Pernambuco, e d\u00e1 outras provid\u00eancias correlatas."}, {"id": "1724", "ano": "2025", "numero": "3", "tipo__sigla": "PDU", "tipo__descricao": "Pedido de Urg\u00eancia", "autoria": "Professor Z\u00e9 Carlos", "texto_original": "http://sapl.riachodasalmas.pe.leg.br/media/", "ementa": "Pedido de urg\u00eancia referente ao Projeto de Lei do Legislativo n\u00ba 002/2025 - que estabelece a estrutura administrativa e organizacional do poder legislativo municipal de Riacho das almas, e d\u00e1 outras provid\u00eancias correlatas."}, {"id": "1802", "ano": "2025", "numero": "4", "tipo__sigla": "PDU", "tipo__descricao": "Pedido de Urg\u00eancia", "autoria": "Dinho da Sa\u00fade", "texto_original": "http://sapl.riachodasalmas.pe.leg.br/media/", "ementa": "Pedido de urg\u00eancia referente ao requerimento n\u00ba 107/2025, No sentido de que seja realizada a contrata\u00e7\u00e3o de um profissional dentista,\r\nbem como a aquisi\u00e7\u00e3o de um compressor odontol\u00f3gico, para que os atendimentos\r\nvoltem a acontecer na UBS do \u2018Chic\u00e3o\u2019. Ademais, melhorias na infraestrutura do pr\u00e9dio,\r\nrestaura\u00e7\u00e3o da placa de entrada da UBS, e uma dedetiza\u00e7\u00e3o urgente devido \u00e0s fezes de\r\nmorcegos e o mau cheiro na Unidade de Sa\u00fade."}, {"id": "1803", "ano": "2025", "numero": "5", "tipo__sigla": "PDU", "tipo__descricao": "Pedido de Urg\u00eancia", "autoria": "Pastor Gustavo Lucena", "texto_original": "http://sapl.riachodasalmas.pe.leg.br/media/", "ementa": "Pedido de urg\u00eancia referente ao requerimento n\u00ba 109/2025,No sentido de que seja feita a pavimenta\u00e7\u00e3o em paralelep\u00edpedos na Rua Jos\u00e9\r\nCaetano de Deus, na Vila Trapi\u00e1. (C\u00f3digo de logradouro: 411)"}, {"id": "1804", "ano": "2025", "numero": "6", "tipo__sigla": "PDU", "tipo__descricao": "Pedido de Urg\u00eancia", "autoria": "Vandilson Barbeiro", "texto_original": "http://sapl.riachodasalmas.pe.leg.br/media/", "ementa": "Pedido de urg\u00eancia referente ao requerimento n\u00ba 121/2025, No sentido de que seja solicitado ao Munic\u00edpio a implementa\u00e7\u00e3o de duas\r\nlombadas na PE-95, neste munic\u00edpio, no bairro Cohab, uma em frente ao posto de\r\ngasolina e outra em frente ao restaurante de Pedro."}, {"id": "1805", "ano": "2025", "numero": "7", "tipo__sigla": "PDU", "tipo__descricao": "Pedido de Urg\u00eancia", "autoria": "Vandilson Barbeiro", "texto_original": "http://sapl.riachodasalmas.pe.leg.br/media/", "ementa": "Pedido de urg\u00eancia referente ao requerimento n\u00ba 122/2025, No sentido de que seja solicitado ao DER a implementa\u00e7\u00e3o de duas lombadas\r\nna PE-95, neste munic\u00edpio, no bairro Cohab, uma em frente ao posto de gasolina e outra\r\nem frente ao restaurante de Pedro."}, {"id": "1806", "ano": "2025", "numero": "8", "tipo__sigla": "PDU", "tipo__descricao": "Pedido de Urg\u00eancia", "autoria": "Professor Z\u00e9 Carlos", "texto_original": "http://sapl.riachodasalmas.pe.leg.br/media/", "ementa": "Pedido de urg\u00eancia referente ao requerimento n\u00ba 125/2025,no sentido de que seja solicitado ao DER a implementa\u00e7\u00e3o de uma lombada\r\neletr\u00f4nica de 40 km/h na PE-95, em frente ao Restaurante de Pedro."}, {"id": "1807", "ano": "2025", "numero": "9", "tipo__sigla": "PDU", "tipo__descricao": "Pedido de Urg\u00eancia", "autoria": "Professor Z\u00e9 Carlos", "texto_original": "http://sapl.riachodasalmas.pe.leg.br/media/", "ementa": "Pedido de urg\u00eancia referente ao requerimento n\u00ba 126/2025, no sentido de que a prefeitura solicite ao DER-PE a implementa\u00e7\u00e3o de uma lombada eletr\u00f4nica de 40 km/h na PE-95, em frente ao Restaurante de Pedro."}, {"id": "1858", "ano": "2025", "numero": "10", "tipo__sigla": "PDU", "tipo__descricao": "Pedido de Urg\u00eancia", "autoria": "Dinho da Sa\u00fade", "texto_original": "http://sapl.riachodasalmas.pe.leg.br/media/", "ementa": "Pedido de urg\u00eancia referente ao Requerimento n\u00ba 144/2025 de autoria do vereador Dinho da sa\u00fade."}, {"id": "1859", "ano": "2025", "numero": "11", "tipo__sigla": "PDU", "tipo__descricao": "Pedido de Urg\u00eancia", "autoria": "Genival da Sa\u00fade", "texto_original": "http://sapl.riachodasalmas.pe.leg.br/media/", "ementa": "Pedido de urg\u00eancia referente ao Requerimento n\u00ba 132/2025 de autoria do vereador  Genival da sa\u00fade."}, {"id": "1860", "ano": "2025", "numero": "12", "tipo__sigla": "PDU", "tipo__descricao": "Pedido de Urg\u00eancia", "autoria": "Dinho da Sa\u00fade", "texto_original": "http://sapl.riachodasalmas.pe.leg.br/media/", "ementa": "Pedido de urg\u00eancia referente ao Requerimento n\u00ba 133/2025 de autoria do vereador Dinho da sa\u00fade."}, {"id": "1862", "ano": "2025", "numero": "13", "tipo__sigla": "PDU", "tipo__descricao": "Pedido de Urg\u00eancia", "autoria": "Professor Z\u00e9 Carlos", "texto_original": "http://sapl.riachodasalmas.pe.leg.br/media/", "ementa": "Pedido de urg\u00eancia referente ao Projeto de Decreto Legislativo n\u00ba 001/2025 autoria mesa diretora."}, {"id": "1910", "ano": "2025", "numero": "14", "tipo__sigla": "PDU", "tipo__descricao": "Pedido de Urg\u00eancia", "autoria": "Vandilson Barbeiro", "texto_original": "http://sapl.riachodasalmas.pe.leg.br/media/", "ementa": "Pedido de Urg\u00eancia referente ao Requerimento n\u00ba 172/2025."}, {"id": "2006", "ano": "2025", "numero": "15", "tipo__sigla": "PDU", "tipo__descricao": "Pedido de Urg\u00eancia", "autoria": "Leandro da Sa\u00fade", "texto_original": "http://sapl.riachodasalmas.pe.leg.br/media/", "ementa": "Pedido de urg\u00eancia referente ao Requerimento n\u00ba 250/2025, No sentindo de que sejam implantadas placas de identifica\u00e7\u00e3o nas curvas\r\nacentuadas no trecho da PE-95 at\u00e9 a Vila do Vitorino."}, {"id": "2047", "ano": "2025", "numero": "16", "tipo__sigla": "PDU", "tipo__descricao": "Pedido de Urg\u00eancia", "autoria": "Vandilson Barbeiro", "texto_original": "http://sapl.riachodasalmas.pe.leg.br/media/", "ementa": "Pedido de urg\u00eancia referente ao Requerimento n\u00ba 282/2025  No sentido de que seja feita a passagem da m\u00e1quina para realizar a melhoria \r\nda estrada que d\u00e1 acesso ao S\u00edtio Cajueiro, passando pela comunidade do Cascavel, \r\nat\u00e9 a estrada da Lagoa Salgada. Pontos de refer\u00eancia: a estrada passa em frente \u00e0s \r\nresid\u00eancias do senhor Ramiro e do senhor Josias."}, {"id": "2097", "ano": "2025", "numero": "17", "tipo__sigla": "PDU", "tipo__descricao": "Pedido de Urg\u00eancia", "autoria": "Pastor Gustavo Lucena", "texto_original": "http://sapl.riachodasalmas.pe.leg.br/media/", "ementa": "Pedido de urg\u00eancia referente ao projeto de lei do legislativo PLL 19/2025 Autoriza o Poder Executivo a instituir no calend\u00e1rio oficial do Munic\u00edpio de Riacho das Almas/PE o \u2018Dia da Marcha para Jesus\u2019 e d\u00e1 outras provid\u00eancias.\""}, {"id": "2155", "ano": "2025", "numero": "18", "tipo__sigla": "PDU", "tipo__descricao": "Pedido de Urg\u00eancia", "autoria": "Dinho da Sa\u00fade", "texto_original": "http://sapl.riachodasalmas.pe.leg.br/media/", "ementa": "Pedido de urg\u00eancia referente a Emenda n\u00ba 01 ao Projeto de Lei do Executivo n\u00ba 015/2025"}, {"id": "2156", "ano": "2025", "numero": "19", "tipo__sigla": "PDU", "tipo__descricao": "Pedido de Urg\u00eancia", "autoria": "Dinho da Sa\u00fade", "texto_original": "http://sapl.riachodasalmas.pe.leg.br/media/", "ementa": "Pedido de urg\u00eancia referente a Emenda n\u00ba 02 ao Projeto de Lei do Executivo n\u00ba 016/2025"}, {"id": "2210", "ano": "2025", "numero": "20", "tipo__sigla": "PDU", "tipo__descricao": "Pedido de Urg\u00eancia", "autoria": "Genival da Sa\u00fade", "texto_original": "http://sapl.riachodasalmas.pe.leg.br/media/", "ementa": "Pedido de urg\u00eancia referente Emenda Supressiva ao Projeto n\u00ba 035/2025."}, {"id": "2211", "ano": "2025", "numero": "21", "tipo__sigla": "PDU", "tipo__descricao": "Pedido de Urg\u00eancia", "autoria": "Dinho da Sa\u00fade", "texto_original": "http://sapl.riachodasalmas.pe.leg.br/media/", "ementa": "Pedido de urg\u00eancia referente ao Requerimento n\u00ba 377/2025. No sentido de que seja realizada audi\u00eancia p\u00fablica com o objetivo de discutir a\r\norganiza\u00e7\u00e3o do tr\u00e2nsito e a aplica\u00e7\u00e3o de multas no munic\u00edpio de Riacho das Almas."}, {"id": "2214", "ano": "2025", "numero": "22", "tipo__sigla": "PDU", "tipo__descricao": "Pedido de Urg\u00eancia", "autoria": "Professor Z\u00e9 Carlos", "texto_original": "http://sapl.riachodasalmas.pe.leg.br/media/", "ementa": "Pedido de urg\u00eancia referente ao Projeto de Decreto Legislativo N\u00ba 05/2025, de 28 de Outubro DE 2025. Concede titulo de Honra ao m\u00e9rito ao senhor Severino Jos\u00e9 da Silva (Biuzinho escriv\u00e3o)"}, {"id": "2229", "ano": "2025", "numero": "23", "tipo__sigla": "PDU", "tipo__descricao": "Pedido de Urg\u00eancia", "autoria": "Professor Z\u00e9 Carlos", "texto_original": "http://sapl.riachodasalmas.pe.leg.br/media/", "ementa": "Pedido de urg\u00eancia referente ao Projeto de Resolu\u00e7\u00e3o n\u00ba 07/2025 Concede licen\u00e7a ao vereador Jair Nem\u00e9sio Ferreira para afastar-se do exerc\u00edcio\r\ndo mandato, por motivo de sa\u00fade, pelo per\u00edodo de 30 (trinta) dias, e d\u00e1 outras\r\nprovid\u00eancias."}, {"id": "2240", "ano": "2025", "numero": "24", "tipo__sigla": "PDU", "tipo__descricao": "Pedido de Urg\u00eancia", "autoria": "Dinho da Sa\u00fade", "texto_original": "http://sapl.riachodasalmas.pe.leg.br/media/", "ementa": "Pedido de urg\u00eancia referente a Emenda Modificativa ao Projeto de Lei n\u00ba 032/2025 - Autoria Leonardo Henrique de Moura."}, {"id": "2241", "ano": "2025", "numero": "25", "tipo__sigla": "PDU", "tipo__descricao": "Pedido de Urg\u00eancia", "autoria": "", "texto_original": "http://sapl.riachodasalmas.pe.leg.br/media/", "ementa": "Pedido de urg\u00eancia referente a Proposi\u00e7\u00e3o de Emendas Impositivas para o Exerc\u00edcio de 2026."}, {"id": "2249", "ano": "2025", "numero": "26", "tipo__sigla": "PDU", "tipo__descricao": "Pedido de Urg\u00eancia", "autoria": "Professor Z\u00e9 Carlos", "texto_original": "http://sapl.riachodasalmas.pe.leg.br/media/", "ementa": "Pedido de urg\u00eancia referente ao Projeto de Lei n\u00ba 35/2025 -  Altera a Lei Municipal n\u00ba 1.485/2025, a qual estabelece a estrutura \r\nadministrativa e organizacional do Poder Legislativo Municipal de Riacho das Almas/PE, e \r\nd\u00e1 outras provid\u00eancias correlatas."}, {"id": "1908", "ano": "2025", "numero": "1", "tipo__sigla": "MOC", "tipo__descricao": "Mo\u00e7\u00e3o", "autoria": "Genival da Sa\u00fade, Dinho da Sa\u00fade, Jair do Jiquiri, Vandilson Barbeiro", "texto_original": "http://sapl.riachodasalmas.pe.leg.br/media/sapl/public/materialegislativa/2025/1908/mocao_de_repudio_001.pdf", "ementa": "Mo\u00e7\u00e3o de Rep\u00fadio contra as reiteradas posturas da Secret\u00e1ria Municipal de Administra\u00e7\u00e3o do Munic\u00edpio de Riacho das Almas/PE."}, {"id": "2109", "ano": "2025", "numero": "2", "tipo__sigla": "EM2", "tipo__descricao": "Emenda Supressiva", "autoria": "Dinho da Sa\u00fade, Genival da Sa\u00fade, Jair do Jiquiri, Leandro da Sa\u00fade, Vandilson Barbeiro", "texto_original": "http://sapl.riachodasalmas.pe.leg.br/media/", "ementa": "Suprimem e alteram artigos do Projeto de Lei do Executivo n\u00ba 25/2025, que estabelece as diretrizes or\u00e7ament\u00e1rias para o exerc\u00edcio de 2026 e d\u00e1 outras provid\u00eancias."}, {"id": "2204", "ano": "2025", "numero": "3", "tipo__sigla": "EM2", "tipo__descricao": "Emenda Supressiva", "autoria": "Genival da Sa\u00fade", "texto_original": "http://sapl.riachodasalmas.pe.leg.br/media/", "ementa": "Suprime o artigo 3\u00ba do Projeto de Lei n\u00ba 35/2025, de autoria do Poder Executivo Municipal, que autoriza a abertura de cr\u00e9dito suplementar e d\u00e1 outras provid\u00eancias."}, {"id": "2239", "ano": "2025", "numero": "1", "tipo__sigla": "EMI", "tipo__descricao": "Emenda Impositiva", "autoria": "", "texto_original": "http://sapl.riachodasalmas.pe.leg.br/media/", "ementa": "Proposi\u00e7\u00e3o de Emendas Impositivas para o Exerc\u00edcio de 2026."}]}