{"headers": {"id": "ID", "ano": "Ano", "numero": "N\u00famero", "tipo__sigla": "Tipo de Mat\u00e9ria Legislativa/Sigla", "tipo__descricao": "Tipo de Mat\u00e9ria Legislativa/Descri\u00e7\u00e3o", "autoria": "Autorias", "texto_original": "Texto Original", "ementa": "Ementa"}, "results": [{"id": "179", "ano": "2022", "numero": "1", "tipo__sigla": "PLE", "tipo__descricao": "Projeto de Lei do Executivo", "autoria": "Diocl\u00e9cio Rosendo de Lima Filho", "texto_original": "http://sapl.riachodasalmas.pe.leg.br/media/sapl/public/materialegislativa/2022/179/projeto_de_lei_01.2022_de_autoria_do_poder_executivo_que_fixa_o_valor_do_salario_minimo_dos_servidores_municipais_do_ano_de_2022..pdf", "ementa": "Fixa o valor do Sal\u00e1rio M\u00ednimo dos servidores municipais no ano de 2022, e d\u00e1 outras provid\u00eancias."}, {"id": "180", "ano": "2022", "numero": "2", "tipo__sigla": "PLE", "tipo__descricao": "Projeto de Lei do Executivo", "autoria": "Diocl\u00e9cio Rosendo de Lima Filho", "texto_original": "http://sapl.riachodasalmas.pe.leg.br/media/", "ementa": "Altera o \u00a7 3\u00ba do artigo 4\u00ba da lei n\u00ba 894/2000, e d\u00e1 outras provid\u00eancias (Altera a remunera\u00e7\u00e3o mensal dos Conselheiros Tutelares do munic\u00edpio de Riacho\r\ndas Almas/PE)."}, {"id": "183", "ano": "2022", "numero": "3", "tipo__sigla": "PLE", "tipo__descricao": "Projeto de Lei do Executivo", "autoria": "Diocl\u00e9cio Rosendo de Lima Filho", "texto_original": "http://sapl.riachodasalmas.pe.leg.br/media/sapl/public/materialegislativa/2022/183/projeto_de_lei_03.2022_executivo_-_dispoe_sobre_a_criacao_do_arquivo_publico_municipal_define_diretrizes_da_politica_municipal_de_arquivos_publicos_e_privados_de_interesse_publico.pdf", "ementa": "Disp\u00f5e sobre a cria\u00e7\u00e3o do Arquivo P\u00fablico Municipal, define diretrizes da pol\u00edtica municipal de arquivos p\u00fablicos e privados e cria o Sistema Municipal de\r\narquivos - SISMARQ."}, {"id": "185", "ano": "2022", "numero": "4", "tipo__sigla": "PLE", "tipo__descricao": "Projeto de Lei do Executivo", "autoria": "Diocl\u00e9cio Rosendo de Lima Filho", "texto_original": "http://sapl.riachodasalmas.pe.leg.br/media/sapl/public/materialegislativa/2022/185/projeto_de_lei_04.2022_executivo_que_istitui_o_regime_de_prvidencia_complemnetar_no_ambito_do_municipio_de_riacho_das_almas_pe_fixa_o_limite_maximo_para_a_coce.pdf", "ementa": "Institui o Regime de Previd\u00eancia Complementar do munic\u00edpio de Riacho das Almas/PE; Fixa o limite m\u00e1ximo para a concess\u00e3o de aposentadorias e\r\npens\u00f5es pelo regime de previd\u00eancia de que trata o Art. 40 da Constitui\u00e7\u00e3o Federal; Autoriza a ades\u00e3o a plano de benef\u00edcio de previd\u00eancia complementar;\r\nAdequa a taxa de administra\u00e7\u00e3o do RPPS \u00e0 Portaria SEPRT/ME n\u00ba 19.451/2020, e d\u00e1 outras provid\u00eancias."}, {"id": "187", "ano": "2022", "numero": "5", "tipo__sigla": "PLE", "tipo__descricao": "Projeto de Lei do Executivo", "autoria": "Diocl\u00e9cio Rosendo de Lima Filho", "texto_original": "http://sapl.riachodasalmas.pe.leg.br/media/sapl/public/materialegislativa/2022/187/projeto_de_lei_05.2022_executivo_que_dispoe_sobre_a_criacao_do_departamento_de_transito_municipal__dtm_da_junta_administrativa_de_recursos_de_infracao__jari_e.pdf", "ementa": "Disp\u00f5e sobre a Cria\u00e7\u00e3o do Departamento de Tr\u00e2nsito Municipal - DTM, da junta administrativa de recursos de infra\u00e7\u00e3o - JARI, e d\u00e1 outras provid\u00eancias."}, {"id": "189", "ano": "2022", "numero": "6", "tipo__sigla": "PLE", "tipo__descricao": "Projeto de Lei do Executivo", "autoria": "Diocl\u00e9cio Rosendo de Lima Filho", "texto_original": "http://sapl.riachodasalmas.pe.leg.br/media/sapl/public/materialegislativa/2022/189/projeto_de_lei_06.2022_-_executivo_-_institui_o_programa_de_recuperacao_fiscal_de_riacho_das_almas_-_refis_municipal_2022_e_da_outras_providencias..pdf", "ementa": "Institui o Programa de Recupera\u00e7\u00e3o Fiscal de Riacho das Almas - REFIS Municipal 2022, e d\u00e1 outras provid\u00eancias."}, {"id": "191", "ano": "2022", "numero": "7", "tipo__sigla": "PLE", "tipo__descricao": "Projeto de Lei do Executivo", "autoria": "Diocl\u00e9cio Rosendo de Lima Filho", "texto_original": "http://sapl.riachodasalmas.pe.leg.br/media/sapl/public/materialegislativa/2022/191/projeto_de_lei_07.2022_-_executivo_-_altera_a_nomenclatura_da_secretaria_de_ciencia_e_tecnologia..pdf", "ementa": "Altera a nomenclatura da Secretaria de Ci\u00eancia e Tecnologia, a qual passa a denominar-se Secretaria Executiva do Trabalho, Qualifica\u00e7\u00e3o e Empreendedorismo, e d\u00e1 outras provid\u00eancias -"}, {"id": "289", "ano": "2022", "numero": "8", "tipo__sigla": "PLE", "tipo__descricao": "Projeto de Lei do Executivo", "autoria": "Diocl\u00e9cio Rosendo de Lima Filho", "texto_original": "http://sapl.riachodasalmas.pe.leg.br/media/sapl/public/materialegislativa/2022/289/projeto_de_lei_08.2022__executivo_-_alteracao_da_lei_1.184_de_2015_cria_a_coordenadoria_da_mulher_e_da_outras_providencias..pdf", "ementa": "Altera dispositivos da Lei n\u00ba 1.184/2015 que \"Cria a Coordenadoria da Mulher, no \u00e2mbito da Secretaria Municipal de Assist\u00eancia Social; Cria o cargo de\r\nCoordenador(a) da Mulher\", e d\u00e1 outras provid\u00eancias."}, {"id": "290", "ano": "2022", "numero": "10", "tipo__sigla": "PLE", "tipo__descricao": "Projeto de Lei do Executivo", "autoria": "Diocl\u00e9cio Rosendo de Lima Filho", "texto_original": "http://sapl.riachodasalmas.pe.leg.br/media/sapl/public/materialegislativa/2022/290/projeto_de_lei_010.2022_de_autoria_do_poder_executivo_que_autoriza_abertura_de_credito_especial_e_da_outras_providencias..pdf", "ementa": "Autoriza a abertura de Cr\u00e9dito Especial e d\u00e1 outras provid\u00eancias."}, {"id": "291", "ano": "2022", "numero": "12", "tipo__sigla": "PLE", "tipo__descricao": "Projeto de Lei do Executivo", "autoria": "Diocl\u00e9cio Rosendo de Lima Filho", "texto_original": "http://sapl.riachodasalmas.pe.leg.br/media/sapl/public/materialegislativa/2022/291/projeto_de_lei_012.2022_de_autoria_do_poder_executivo_que_dispoe_sobre_a_preservacao_do_patrimonio_historico_cultural_e_natural_do_municipio_de_riacho_das_almaspe..pdf", "ementa": "Disp\u00f5e sobre a Preserva\u00e7\u00e3o do Patrim\u00f4nio Hist\u00f3rico, Cultural e Natural do munic\u00edpio de Riacho das Almas/PE."}, {"id": "292", "ano": "2022", "numero": "13", "tipo__sigla": "PLE", "tipo__descricao": "Projeto de Lei do Executivo", "autoria": "Diocl\u00e9cio Rosendo de Lima Filho", "texto_original": "http://sapl.riachodasalmas.pe.leg.br/media/sapl/public/materialegislativa/2022/292/projeto_de_lei_013.2022_de_autoria_do_poder_executivo_que_institui_o_piso_salarial_dos_profissionais_do_magisterio_publico_da_eduacao_basica.pdf", "ementa": "Institui o PISO SALARIAL dos Profissionais do Magist\u00e9rio P\u00fablico da educa\u00e7\u00e3o b\u00e1sica no munic\u00edpio de Riacho das Almas/PE."}, {"id": "293", "ano": "2022", "numero": "14", "tipo__sigla": "PLE", "tipo__descricao": "Projeto de Lei do Executivo", "autoria": "Diocl\u00e9cio Rosendo de Lima Filho", "texto_original": "http://sapl.riachodasalmas.pe.leg.br/media/sapl/public/materialegislativa/2022/293/projeto_de_lei_014.2022_de_autoria_do_poder_executivo_que_dispoe_sobre_a_criacao_do_programa_jovens_atletas..pdf", "ementa": "Disp\u00f5e sobre a CRIA\u00c7\u00c3O DO PROGRAMA JOVENS ATLETAS, no munic\u00edpio de Riacho das Almas/PE, e d\u00e1 outras provid\u00eancias."}, {"id": "294", "ano": "2022", "numero": "15", "tipo__sigla": "PLE", "tipo__descricao": "Projeto de Lei do Executivo", "autoria": "Diocl\u00e9cio Rosendo de Lima Filho", "texto_original": "http://sapl.riachodasalmas.pe.leg.br/media/sapl/public/materialegislativa/2022/294/projeto_de_lei_015.2022_de_autoria_do_poder_executivo_que_institui_o_programa_auxilio_educacao_no_municipio_de_riacho_das_almas.pdf", "ementa": "Define as Al\u00edquotas de Contribui\u00e7\u00e3o Previdenci\u00e1ria do munic\u00edpio para o RIACHO PREVID\u00caNCIA SOCIAL e demais provid\u00eancias na forma da Lei."}, {"id": "295", "ano": "2022", "numero": "16", "tipo__sigla": "PLE", "tipo__descricao": "Projeto de Lei do Executivo", "autoria": "Diocl\u00e9cio Rosendo de Lima Filho", "texto_original": "http://sapl.riachodasalmas.pe.leg.br/media/sapl/public/materialegislativa/2022/295/projeto_de_lei_016.2022_de_autoria_do_poder_executivo_que_define_as_aliquotas_de_contribuicao_previdenciaria_do_municipio_para_riacho_previdencia_social_e_deais_providencias..pdf", "ementa": "Define as Al\u00edquotas de Contribui\u00e7\u00e3o Previdenci\u00e1ria do munic\u00edpio para o RIACHO PREVID\u00caNCIA SOCIAL e demais provid\u00eancias na forma da Lei."}, {"id": "315", "ano": "2022", "numero": "17", "tipo__sigla": "PLE", "tipo__descricao": "Projeto de Lei do Executivo", "autoria": "Diocl\u00e9cio Rosendo de Lima Filho", "texto_original": "http://sapl.riachodasalmas.pe.leg.br/media/sapl/public/materialegislativa/2022/315/projeto_de_lei_017.2022_de_autoria_do_poder_executivo.pdf", "ementa": "Altera dispositivos Lei Municipal n\u00ba 1.072, de 30 de dezembro de 2009."}, {"id": "296", "ano": "2022", "numero": "18", "tipo__sigla": "PLE", "tipo__descricao": "Projeto de Lei do Executivo", "autoria": "Diocl\u00e9cio Rosendo de Lima Filho", "texto_original": "http://sapl.riachodasalmas.pe.leg.br/media/sapl/public/materialegislativa/2022/296/projeto_de_lei_018.2022_de_autoria_do_poder_executivo_que_autoriza_a_abertura_de_credito_especial_e_da_outras_providencias..pdf", "ementa": "Autoriza a abertura de Cr\u00e9dito Especial e d\u00e1 outras provid\u00eancias."}, {"id": "297", "ano": "2022", "numero": "19", "tipo__sigla": "PLE", "tipo__descricao": "Projeto de Lei do Executivo", "autoria": "Diocl\u00e9cio Rosendo de Lima Filho", "texto_original": "http://sapl.riachodasalmas.pe.leg.br/media/sapl/public/materialegislativa/2022/297/projeto_de_lei_019.2022_de_autoria_do_poder_executivo_que_autoriza_a_abertura_de_credito_especial_e_da_outras_providencias.pdf", "ementa": "Autoriza a abertura de Cr\u00e9dito Especial e d\u00e1 outras provid\u00eancias."}, {"id": "298", "ano": "2022", "numero": "20", "tipo__sigla": "PLE", "tipo__descricao": "Projeto de Lei do Executivo", "autoria": "Diocl\u00e9cio Rosendo de Lima Filho", "texto_original": "http://sapl.riachodasalmas.pe.leg.br/media/sapl/public/materialegislativa/2022/298/projeto_de_lei_020.2022_de_autoria_do_poder_executivo_que_denomina_de_rua_oracio_lucio_ferreira_a_popular_ladeira_de_patos_na_vila_patos..pdf", "ementa": "Denomina de Rua Or\u00e1cio L\u00facio Ferreira, a popular \"Ladeira de Patos\", situada na Vila Patos, munic\u00edpio de Riacho das Almas/PE, e d\u00e1 outras provid\u00eancias."}, {"id": "299", "ano": "2022", "numero": "21", "tipo__sigla": "PLE", "tipo__descricao": "Projeto de Lei do Executivo", "autoria": "Diocl\u00e9cio Rosendo de Lima Filho", "texto_original": "http://sapl.riachodasalmas.pe.leg.br/media/sapl/public/materialegislativa/2022/299/projeto_de_lei_021.2022_de_autoria_do_poder_executivo_que_dispoe_sobre__plano_de_custeio_da_nova_taxa_de_administracao_do_riachoprev_nos_termos_da_portaria_seprt.me_no_19.451.2020..pdf", "ementa": "Disp\u00f5e sobre o plano de custeio da nova Taxa de Administra\u00e7\u00e3o do Riachoprev, nos termos da Portaria SEPRT/ME n\u00ba 19.451/2000, acrescentando o art. 20-A \u00e0 Lei Municipal n\u00ba 1.344/2022, e d\u00e1 outras provid\u00eancias."}, {"id": "300", "ano": "2022", "numero": "22", "tipo__sigla": "PLE", "tipo__descricao": "Projeto de Lei do Executivo", "autoria": "Diocl\u00e9cio Rosendo de Lima Filho", "texto_original": "http://sapl.riachodasalmas.pe.leg.br/media/sapl/public/materialegislativa/2022/300/projeto_de_lei_022.2022_de_autoria_do_poder_executivo_que_dispoe_sobre_a_criacao_do_departamento_de_criacao_e_projetos_na_estrutura_da_secretaria_de_planejamento_e_d._economico.pdf", "ementa": "Disp\u00f5e sobre a cria\u00e7\u00e3o do Departamento de Cria\u00e7\u00e3o e Projetos, na estrutura da secretaria de planejamento e desenvolvimento econ\u00f4mico, extingue 3 cargos de Assistente T\u00e9cnico Administrativo, da secretaria de Finan\u00e7as, e d\u00e1 outras provid\u00eancias."}, {"id": "301", "ano": "2022", "numero": "23", "tipo__sigla": "PLE", "tipo__descricao": "Projeto de Lei do Executivo", "autoria": "Diocl\u00e9cio Rosendo de Lima Filho", "texto_original": "http://sapl.riachodasalmas.pe.leg.br/media/sapl/public/materialegislativa/2022/301/projeto_de_lei_023.2022_de_autoria_do_poder_executivo_que_regulamenta_o_servico_de_transporte_escolar_da_rede_publica_de_ensino_no_municipio_de_riacho_das_almas..pdf", "ementa": "Regulamenta o Servi\u00e7o de Transporte Escolar da Rede P\u00fablica de ensino no munic\u00edpio de Riacho das Almas/PE."}, {"id": "302", "ano": "2022", "numero": "24", "tipo__sigla": "PLE", "tipo__descricao": "Projeto de Lei do Executivo", "autoria": "Diocl\u00e9cio Rosendo de Lima Filho", "texto_original": "http://sapl.riachodasalmas.pe.leg.br/media/sapl/public/materialegislativa/2022/302/projeto_de_lei_024.2022_de_autoria_do_poder_executivo_que_dispoe_acerca_do_piso_salarial_dos_agentes_comunitarios_de_saude_-acs_e_dos_agentes_de_combate_as_endemias_-_ace.pdf", "ementa": "Disp\u00f5e acerca do Piso Salarial dos Agentes Comunit\u00e1rios de Sa\u00fade - ACS e dos Agentes de Combate \u00e0s Endemias - ACE, e d\u00e1 outras provid\u00eancias,"}, {"id": "303", "ano": "2022", "numero": "25", "tipo__sigla": "PLE", "tipo__descricao": "Projeto de Lei do Executivo", "autoria": "Diocl\u00e9cio Rosendo de Lima Filho", "texto_original": "http://sapl.riachodasalmas.pe.leg.br/media/sapl/public/materialegislativa/2022/303/projeto_de_lei_025.2022_de_autoria_do_poder_executivo_que_autoriza_a_abertura_de_credito_suplementar_e_da_outras_providencias..pdf", "ementa": "Autoriza a abertura de Cr\u00e9dito Suplementar e d\u00e1 outras provid\u00eancias."}, {"id": "304", "ano": "2022", "numero": "26", "tipo__sigla": "PLE", "tipo__descricao": "Projeto de Lei do Executivo", "autoria": "Diocl\u00e9cio Rosendo de Lima Filho", "texto_original": "http://sapl.riachodasalmas.pe.leg.br/media/sapl/public/materialegislativa/2022/304/projeto_de_lei_026.2022_de_autoria_do_poder_executivo_que_dispoe_sobre_as_diretrizes_para_a_elaboracao_e_execucao_da_lei_orcamentaria_de_2023_e_da_outras_providencias..pdf", "ementa": "LDO - Lei de Diretrizes Or\u00e7ament\u00e1rias - 2023."}, {"id": "305", "ano": "2022", "numero": "28", "tipo__sigla": "PLE", "tipo__descricao": "Projeto de Lei do Executivo", "autoria": "Diocl\u00e9cio Rosendo de Lima Filho", "texto_original": "http://sapl.riachodasalmas.pe.leg.br/media/sapl/public/materialegislativa/2022/305/projeto_de_lei_028.2022_de_autoria_do_poder_executivo_que_estabelece_normas_gerais_para_a_realizacao_do_concurso_publico_da_administracao_direta_e_indireta_do_municipio..pdf", "ementa": "Estabelece normas gerais para a realiza\u00e7\u00e3o de Concurso P\u00fablico da administra\u00e7\u00e3o direta e indireta do munic\u00edpio de Riacho das Almas/PE."}, {"id": "306", "ano": "2022", "numero": "29", "tipo__sigla": "PLE", "tipo__descricao": "Projeto de Lei do Executivo", "autoria": "Diocl\u00e9cio Rosendo de Lima Filho", "texto_original": "http://sapl.riachodasalmas.pe.leg.br/media/sapl/public/materialegislativa/2022/306/projeto_de_lei_029.2022_de_autoria_do_poder_executivo_que_dispoe_sobre_a_criacao_do_conselho_municipal_de_esporte_e_lazer_-_comel_e_da_outras_providencias_correlatas..pdf", "ementa": "Disp\u00f5e sobre a cria\u00e7\u00e3o do Conselho Municipal de Esporte e Lazer - COMEL, e d\u00e1 outras provid\u00eancias correlatas."}, {"id": "307", "ano": "2022", "numero": "30", "tipo__sigla": "PLE", "tipo__descricao": "Projeto de Lei do Executivo", "autoria": "Diocl\u00e9cio Rosendo de Lima Filho", "texto_original": "http://sapl.riachodasalmas.pe.leg.br/media/sapl/public/materialegislativa/2022/307/projeto_de_lei_030.2022_de_autoria_do_poder_executivo_que_dispoe_sobre_o_plano_de_custeio_da_nova_taxa_de_administracao_do_riachoprev_nos_termos_da_portaria_seprt.me_no_1467.2022.pdf", "ementa": "Disp\u00f5e sobre o plano de custeio da Nova Taxa de Administra\u00e7\u00e3o do RiachoPrev, nos termos da portaria SEPRT/ME n\u00ba 1.467/2022, e d\u00e1 outras provid\u00eancias."}, {"id": "308", "ano": "2022", "numero": "31", "tipo__sigla": "PLE", "tipo__descricao": "Projeto de Lei do Executivo", "autoria": "Diocl\u00e9cio Rosendo de Lima Filho", "texto_original": "http://sapl.riachodasalmas.pe.leg.br/media/sapl/public/materialegislativa/2022/308/projeto_de_lei_031.2022_de_autoria_do_poder_executivo_que_dispoe_sobre_a_criacao_da_banda_marcial_governador_eduardo_campos_no_municipio_de_riacho_das_almas..pdf", "ementa": "Disp\u00f5e sobre a cria\u00e7\u00e3o da Banda Marcial Governador Eduardo Campos, no munic\u00edpio de Riacho das Almas/PE, e d\u00e1 outras provid\u00eancias."}, {"id": "309", "ano": "2022", "numero": "32", "tipo__sigla": "PLE", "tipo__descricao": "Projeto de Lei do Executivo", "autoria": "Diocl\u00e9cio Rosendo de Lima Filho", "texto_original": "http://sapl.riachodasalmas.pe.leg.br/media/sapl/public/materialegislativa/2022/309/projeto_de_lei_032.2022_de_autoria_do_poder_executivo_que_cria_os_componentes_municipais_do_sistema_nacional_de_seguranca_alimentar_e_nutricional..pdf", "ementa": "Cria os componentes municipais do Sistema Nacional de Seguran\u00e7a Alimentar e Nutricional, define os par\u00e2metros para elabora\u00e7\u00e3o e implementa\u00e7\u00e3o do\r\nPlano Municipal de Seguran\u00e7ao Alimentar e Nutricional, e d\u00e1 outras provid\u00eancias."}, {"id": "310", "ano": "2022", "numero": "33", "tipo__sigla": "PLE", "tipo__descricao": "Projeto de Lei do Executivo", "autoria": "Diocl\u00e9cio Rosendo de Lima Filho", "texto_original": "http://sapl.riachodasalmas.pe.leg.br/media/sapl/public/materialegislativa/2022/310/projeto_de_lei_033.2022_de_autoria_do_poder_executivo_que_institui_a_revisao_da_parcela_do_plano_plurianual_do_municipio_para_o_periodo_de_2023..pdf", "ementa": "PPA - Revis\u00e3o do Plano Plurianual - 2023."}, {"id": "311", "ano": "2022", "numero": "35", "tipo__sigla": "PLE", "tipo__descricao": "Projeto de Lei do Executivo", "autoria": "Diocl\u00e9cio Rosendo de Lima Filho", "texto_original": "http://sapl.riachodasalmas.pe.leg.br/media/sapl/public/materialegislativa/2022/311/projeto_de_lei_035.2022_de_autoria_do_poder_executivo_que_fixa_valores_e_regulamenta_a_concessao_de_diarias_aos_agentes_politicos_servidores_publicos_e_colaboradores_eventuais..pdf", "ementa": "Fixa valores e Regulamenta a Concess\u00e3o de Di\u00e1rias aos Agentes Pol\u00edticos, servidores p\u00fablicos e colaboradores eventuais no munic\u00edpio de Riacho das\r\nAlmas/PE, e d\u00e1 outras provid\u00eancias correlatas."}, {"id": "312", "ano": "2022", "numero": "36", "tipo__sigla": "PLE", "tipo__descricao": "Projeto de Lei do Executivo", "autoria": "Diocl\u00e9cio Rosendo de Lima Filho", "texto_original": "http://sapl.riachodasalmas.pe.leg.br/media/sapl/public/materialegislativa/2022/312/projeto_de_lei_036.2022_de_autoria_do_poder_executivo_que_altera_a_nomenclatura_da_secretaria_de_meio_ambiente_e_da_outras_providencias..pdf", "ementa": "Altera a nomenclatura da Secretaria Municipal de Meio Ambiente, e d\u00e1 outras provid\u00eancias."}, {"id": "313", "ano": "2022", "numero": "37", "tipo__sigla": "PLE", "tipo__descricao": "Projeto de Lei do Executivo", "autoria": "Diocl\u00e9cio Rosendo de Lima Filho", "texto_original": "http://sapl.riachodasalmas.pe.leg.br/media/sapl/public/materialegislativa/2022/313/projeto_de_lei_037.2022_de_autoria_do_poder_executivo_que_autoriza_a_abertura_de_credito_suplementar_e_da_outras_providencias..pdf", "ementa": "Autoriza a abertura de Cr\u00e9dito Suplementar, e d\u00e1 outras provid\u00eancias."}, {"id": "314", "ano": "2022", "numero": "38", "tipo__sigla": "PLE", "tipo__descricao": "Projeto de Lei do Executivo", "autoria": "Diocl\u00e9cio Rosendo de Lima Filho", "texto_original": "http://sapl.riachodasalmas.pe.leg.br/media/sapl/public/materialegislativa/2022/314/projeto_de_lei_038.2022_de_autoria_do_poder_executivo_que_regulamenta_no_ambito_do_municipio_de_riacho_das_almas.pe_os_capitulos_iiiiv_e_vi_da_lei_13.460_de_26_de_junho_de_2017.pdf", "ementa": "Regulamenta, no \u00c2mbito do Munic\u00edpio de Riacho das Almas/PE, os cap\u00edtulos III, IV, e VI da Lei n\u00ba 13.460, de 26 de junho de 2017, que disp\u00f5e sobre Participa\u00e7\u00e3o, Prote\u00e7\u00e3o e Defesa dos Direitos do Usu\u00e1rio de servi\u00e7os p\u00fablicos da administra\u00e7\u00e3o p\u00fablica, de que trata o \u00a7 3\u00ba do Art. 37 da Constitui\u00e7\u00e3o Federal."}, {"id": "128", "ano": "2022", "numero": "1", "tipo__sigla": "PLL", "tipo__descricao": "Projeto de Lei do Legislativo", "autoria": "Nestor do Bordado", "texto_original": "http://sapl.riachodasalmas.pe.leg.br/media/sapl/public/materialegislativa/2022/128/projeto_de_lei_do_legislativo_-_001.2022_-_fixa_o_valor_do_salario_minimo_dos_servidores_da_camara_municipal_de_riacho_das_almas_no_ano_de_2022_e_da_outras_providencias..pdf", "ementa": "Fixa o valor do sal\u00e1rio m\u00ednimo dos servidores da C\u00e2mara Municipal de Riacho das Almas para o ano de 2022 e d\u00e1 outras provid\u00eancias."}, {"id": "129", "ano": "2022", "numero": "3", "tipo__sigla": "PLL", "tipo__descricao": "Projeto de Lei do Legislativo", "autoria": "Abenildo da Ramada", "texto_original": "http://sapl.riachodasalmas.pe.leg.br/media/sapl/public/materialegislativa/2022/129/projeto_de_lei_do_legislativo_-_003.2022_-_denomina_de_rua_severino_elias_de_olanda__biu_elias_a_rua_que_fica_na_chegada_da_vila_trapia.pdf", "ementa": "Denomina de Rua Severino Elias de Olanda ( Biu Elias), a Rua que fica na chegada da Vila Trapi\u00e1."}, {"id": "130", "ano": "2022", "numero": "4", "tipo__sigla": "PLL", "tipo__descricao": "Projeto de Lei do Legislativo", "autoria": "Abenildo da Ramada", "texto_original": "http://sapl.riachodasalmas.pe.leg.br/media/sapl/public/materialegislativa/2022/130/projeto_de_lei_do_legislativo_-_004.2022_-_denomina_de_rua_jose_amancio_sobrinho_tito_a_rua_projetada_no_01_que_vai_da_oficina_de_ze_malo_ate_a_casa_de_neto_de_povinho_na_vila_trapia..pdf", "ementa": "Denomina de Rua Jos\u00e9 Am\u00e2ncio Sobrinho (Tito), a Rua Projetada n\u00ba 01 que vai da oficina de Z\u00e9 Mal\u00f4 at\u00e9 a casa de Neto de Povinho na Vila Trapi\u00e1."}, {"id": "131", "ano": "2022", "numero": "5", "tipo__sigla": "PLL", "tipo__descricao": "Projeto de Lei do Legislativo", "autoria": "Abenildo da Ramada", "texto_original": "http://sapl.riachodasalmas.pe.leg.br/media/sapl/public/materialegislativa/2022/131/projeto_de_lei_do_legislativo_-_005.2022_-_denomina_de_praca_vereador_manoel_vicente_da_fonseca_sobrinho__nezinho_de_trapia_a_praca_localizada_na_avenida_antonio_rosendo_de_lima..pdf", "ementa": "Denomina de Pra\u00e7a Vereador Manoel Vicente da Fonseca Sobrinho ( Nezinho de Trapi\u00e1), a pra\u00e7a localizada na Avenida Ant\u00f4nio Rosendo de Lima."}, {"id": "132", "ano": "2022", "numero": "6", "tipo__sigla": "PLL", "tipo__descricao": "Projeto de Lei do Legislativo", "autoria": "Dinho da Sa\u00fade", "texto_original": "http://sapl.riachodasalmas.pe.leg.br/media/sapl/public/materialegislativa/2022/132/projeto_de_lei_do_legislativo_-_006.2022_-_institui_o_ensino_de_musica_na_rede_municipal_de_ensino_e_da_outras_providencias..pdf", "ementa": "Institui o ensino de m\u00fasica na Rede Municipal de Ensino e d\u00e1 outras provid\u00eancias."}, {"id": "133", "ano": "2022", "numero": "7", "tipo__sigla": "PLL", "tipo__descricao": "Projeto de Lei do Legislativo", "autoria": "Dr. Neto", "texto_original": "http://sapl.riachodasalmas.pe.leg.br/media/sapl/public/materialegislativa/2022/133/projeto_de_lei_do_legislativo_-_007.2022_-_que_institui_o_programa_extraordinario_de_reforco_escolar_para_alunos_matriculados_na_rede_municipal_de_ensino_e_da_outras_providencias..pdf", "ementa": "Que institui o Programa Extraordin\u00e1rio de Refor\u00e7o Escolar para alunos matriculados na rede municipal de ensino e d\u00e1 outras provid\u00eancias."}, {"id": "134", "ano": "2022", "numero": "8", "tipo__sigla": "PLL", "tipo__descricao": "Projeto de Lei do Legislativo", "autoria": "Dr. Neto", "texto_original": "http://sapl.riachodasalmas.pe.leg.br/media/sapl/public/materialegislativa/2022/134/projeto_de_lei_do_legislativo_-_008.2022_-_que_dispoe_sobre_o_direito_ao_transporte_gratuito_para_estudantes_de_cursos_profissionalizantes_o_curso_superior_do_municipio_de_riacho_das_al.pdf", "ementa": "Que disp\u00f5e sobre o direito ao transporte gratuito para estudantes de cursos profissionalizantes o curso superior do Munic\u00edpio de Riacho das Almas e d\u00e1 outras provid\u00eancias."}, {"id": "135", "ano": "2022", "numero": "9", "tipo__sigla": "PLL", "tipo__descricao": "Projeto de Lei do Legislativo", "autoria": "Dinho da Sa\u00fade", "texto_original": "http://sapl.riachodasalmas.pe.leg.br/media/sapl/public/materialegislativa/2022/135/projeto_de_lei_do_legislativo_-_009.2022_-que_denomina_nome_do_ginasio_poliesportivo_da_escola_mario_da_mota_limeira_como_jose_hipolito_de_medeiros_irmao_ze_hipolito_no_municipio_d.pdf", "ementa": "Que denomina nome do Gin\u00e1sio Poliesportivo da Escola M\u00e1rio da Mota Limeira como Jos\u00e9 Hip\u00f3lito de Medeiros Irm\u00e3o (Z\u00e9 Hip\u00f3lito), no Munic\u00edpio de Riacho das Almas e d\u00e1 outras provid\u00eancias."}, {"id": "136", "ano": "2022", "numero": "10", "tipo__sigla": "PLL", "tipo__descricao": "Projeto de Lei do Legislativo", "autoria": "Dr. Neto", "texto_original": "http://sapl.riachodasalmas.pe.leg.br/media/sapl/public/materialegislativa/2022/136/projeto_de_lei_do_legislativo_-_010.2022_-que_dispoe_sobre_o_servico_de_transporte_escolar_publico_do_municipio_de_riacho_das_almas__pe_e_da_outras_providencias..pdf", "ementa": "Que disp\u00f5e sobre o Servi\u00e7o de Transporte Escolar P\u00fablico do Munic\u00edpio de Riacho das Almas \u2013 PE, e d\u00e1 outras provid\u00eancias."}, {"id": "137", "ano": "2022", "numero": "11", "tipo__sigla": "PLL", "tipo__descricao": "Projeto de Lei do Legislativo", "autoria": "Kaio Bezerra", "texto_original": "http://sapl.riachodasalmas.pe.leg.br/media/sapl/public/materialegislativa/2022/137/projeto_de_lei_do_legislativo_-_011.2022_-_que_demomina_como_josefa_benedita_de_lima_a_1o_travessa_juvencio_quaresma_conhecida_como__rua_do_cvt_na_vila_do_vitorino_neste_muncipio_d.pdf", "ementa": "Denomina como Josefa Benedita de Lima a 1\u00aa Travessa Juv\u00eancio Quaresma, conhecida Rua do CVT, na Vila do Vitorino, neste munic\u00edpio de Riacho das Almas/PE, e d\u00e1 outras provid\u00eancias."}, {"id": "138", "ano": "2022", "numero": "12", "tipo__sigla": "PLL", "tipo__descricao": "Projeto de Lei do Legislativo", "autoria": "Jos\u00e9 Welder Ferreira", "texto_original": "http://sapl.riachodasalmas.pe.leg.br/media/sapl/public/materialegislativa/2022/138/projeto_de_lei_do_legislativo_-_012.2022_-_que_institui_o_mes_da_cultura_e_da_arte_no_municipio_de_riacho_das_almaspe_e_da_outras_providencias..pdf", "ementa": "Institui o M\u00eas da Cultura e da Arte, no munic\u00edpio de Riacho das Almas/PE, e d\u00e1 outras provid\u00eancias."}, {"id": "139", "ano": "2022", "numero": "13", "tipo__sigla": "PLL", "tipo__descricao": "Projeto de Lei do Legislativo", "autoria": "Jos\u00e9 Welder Ferreira", "texto_original": "http://sapl.riachodasalmas.pe.leg.br/media/sapl/public/materialegislativa/2022/139/projeto_de_lei_do_legislativo_-_013.2022-_que_institui_a_semana_das_artes_marciais_no_municipio_de_riacho_das_almaspe_e_da_outras_providencias..pdf", "ementa": "Institui a Semana das Artes Marciais no munic\u00edpio de Riacho das Almas/PE, e d\u00e1 outras provid\u00eancias."}, {"id": "141", "ano": "2022", "numero": "14", "tipo__sigla": "PLL", "tipo__descricao": "Projeto de Lei do Legislativo", "autoria": "Dinho da Sa\u00fade", "texto_original": "http://sapl.riachodasalmas.pe.leg.br/media/sapl/public/materialegislativa/2022/141/projeto_de_lei_do_legislativo_-_014.2022_-__de_autoria_do_vereador_leonardo_henrique_que_institui_o_programa_merenda_nas_ferias_e_fixa_outras_providencias..pdf", "ementa": "Institui o Programa Merenda nas F\u00e9rias, e fixa outras provid\u00eancias"}, {"id": "143", "ano": "2022", "numero": "15", "tipo__sigla": "PLL", "tipo__descricao": "Projeto de Lei do Legislativo", "autoria": "Dr. Neto", "texto_original": "http://sapl.riachodasalmas.pe.leg.br/media/sapl/public/materialegislativa/2022/143/projeto_de_lei_do_legislativo_-_015.2022_de_autoria_do_vereador_dr._neto_que_autoriza_a_criacao_no_ambito_municipal_do_programa_bolsa_atleta_e_da_outras_providencias..pdf", "ementa": "Autoriza a Cria\u00e7\u00e3o, no \u00c2mbito Municipal, do Programa Bolsa Atleta, e d\u00e1 outras provid\u00eancias."}, {"id": "145", "ano": "2022", "numero": "16", "tipo__sigla": "PLL", "tipo__descricao": "Projeto de Lei do Legislativo", "autoria": "Dr. Neto", "texto_original": "http://sapl.riachodasalmas.pe.leg.br/media/sapl/public/materialegislativa/2022/145/projeto_de_lei_do_legislativo_-_016.2022_-_que_autoriza_a_criacao_no_ambito_municipal_do_programa_mulher_independente_destinado_ao_apoio_na_geracao_de_emprego_e_renda.pdf", "ementa": "Ementa: Autoriza a cria\u00e7\u00e3o, no \u00c2mbito Municipal, do Programa Mulher Independente, destinado ao apoio na gera\u00e7\u00e3o de emprego e renda \u00e0s mulheres em situa\u00e7\u00e3o de viol\u00eancia dom\u00e9stica e familiar, e d\u00e1 outras provid\u00eancias"}, {"id": "147", "ano": "2022", "numero": "17", "tipo__sigla": "PLL", "tipo__descricao": "Projeto de Lei do Legislativo", "autoria": "Nestor do Bordado", "texto_original": "http://sapl.riachodasalmas.pe.leg.br/media/sapl/public/materialegislativa/2022/147/projeto_de_lei_do_legislativo_-_017.2022_-_que_declara_de_utilidade_publica_a_associacao_filantropica_e_assistencia_social__recanto_fenix..pdf", "ementa": "Declara de Utilidade P\u00fablica a Associa\u00e7\u00e3o Filantr\u00f3pica e Assist\u00eancia Social - RECANTO F\u00caNIX."}, {"id": "148", "ano": "2022", "numero": "18", "tipo__sigla": "PLL", "tipo__descricao": "Projeto de Lei do Legislativo", "autoria": "Kaio Bezerra", "texto_original": "http://sapl.riachodasalmas.pe.leg.br/media/sapl/public/materialegislativa/2022/148/projeto_de_lei_do_legislativo_-_018.2022_-_denominar_como_jasmelina_francisca_da_silva_conhecida_por_dona_jasmelina_a_cozinha_comunitaria_do_programa_ta_na_mesa_pernambuco..pdf", "ementa": "Denominar como Jasmelina Francisca da Silva, conhecida por \"Dona Jasmelina\" a Cozinha Comunit\u00e1ria do Programa T\u00e1 na Mesa Pernambuco, que ir\u00e1 funcionar no anexo do CCI na sede do munic\u00edpio de Riacho das Almas/PE, e d\u00e1 outras provid\u00eancias."}, {"id": "150", "ano": "2022", "numero": "19", "tipo__sigla": "PLL", "tipo__descricao": "Projeto de Lei do Legislativo", "autoria": "Nestor do Bordado", "texto_original": "http://sapl.riachodasalmas.pe.leg.br/media/sapl/public/materialegislativa/2022/150/projeto_de_lei_do_legislativo_-_019.2022_-_estabelece_a_estrutura_administrativa_do_poder_legislativo_do_municipio_de_riacho_das_almas..pdf", "ementa": "Estabelece a Estrutura Administrativa do poder Legislativo do munic\u00edpio e d\u00e1 outras provid\u00eancias."}, {"id": "152", "ano": "2022", "numero": "20", "tipo__sigla": "PLL", "tipo__descricao": "Projeto de Lei do Legislativo", "autoria": "Pastor Gustavo Lucena", "texto_original": "http://sapl.riachodasalmas.pe.leg.br/media/sapl/public/materialegislativa/2022/152/projeto_de_lei_do_legislativo_-_020.2022_-_denomina_de_rua_nossa_senhora_da_conceicao_a_rua_06__codigo_de_logradouro_279_localizada_no_bairro_cohab_municipio_de_riacho_das_almas.pdf", "ementa": "Denomina de Rua Nossa Senhora da Concei\u00e7\u00e3o, a Rua 06 (c\u00f3digo de logradouro 279), localizada no bairro Cohab, munic\u00edpio de Riacho das Almas/PE, e\r\nd\u00e1 outras provid\u00eancias"}, {"id": "154", "ano": "2022", "numero": "22", "tipo__sigla": "PLL", "tipo__descricao": "Projeto de Lei do Legislativo", "autoria": "Pastor Gustavo Lucena", "texto_original": "http://sapl.riachodasalmas.pe.leg.br/media/sapl/public/materialegislativa/2022/154/projeto_de_lei_do_legislativo_-_022.2022_-_denomina_de_rua_abdias_bezerra_da_silva_a_travessa_albiegio_jose_da_silva_codigo_de_logradouro_286_proximo_a_associacao_casa_rural.pdf", "ementa": "Denomina de Rua Abdias Bezerra da Silva, a travessa Albi\u00e9gio Jos\u00e9 da Silva (c\u00f3digo de logradouro 286), pr\u00f3ximo \u00e0 Associa\u00e7\u00e3o Casa das Fam\u00edlias Rurais, na Vila Rangel, munic\u00edpio de Riacho das Almas/PE, e d\u00e1 outras provid\u00eancias."}, {"id": "156", "ano": "2022", "numero": "23", "tipo__sigla": "PLL", "tipo__descricao": "Projeto de Lei do Legislativo", "autoria": "Pastor Gustavo Lucena", "texto_original": "http://sapl.riachodasalmas.pe.leg.br/media/sapl/public/materialegislativa/2022/156/projeto_de_lei_do_legislativo_-_023.2022_-_denomina_de_rua_jose_caetano_de_deus_a_rua_projetada_por_tras_do_cemiterio_frei_damiao_na_vila_trapia_municipio_de_riacho_das_almas..pdf", "ementa": "Denomina Rua Jos\u00e9 Caitano de Deus, a rua projetada por tr\u00e1s do Cemit\u00e9rio Frei Dami\u00e3o, na Vila Trapi\u00e1, munic\u00edpio de Riacho das Almas/PE, e d\u00e1 outras provid\u00eancias."}, {"id": "157", "ano": "2022", "numero": "24", "tipo__sigla": "PLL", "tipo__descricao": "Projeto de Lei do Legislativo", "autoria": "Genival da Sa\u00fade", "texto_original": "http://sapl.riachodasalmas.pe.leg.br/media/sapl/public/materialegislativa/2022/157/projeto_de_lei_do_legislativo_-_024.2022_-_regulamenta_a_colocacao_de_placas_informativas_em_todas_as_oras_publicas_realizadas_no_municipio_de_riacho_das_almas..pdf", "ementa": "Regulamenta a Coloca\u00e7\u00e3o de placas informativas em todas as obras p\u00fablicas realizadas no munic\u00edpio de Riacho das Almas/PE, e d\u00e1 outras provid\u00eancias."}, {"id": "159", "ano": "2022", "numero": "25", "tipo__sigla": "PLL", "tipo__descricao": "Projeto de Lei do Legislativo", "autoria": "Jos\u00e9 Welder Ferreira", "texto_original": "http://sapl.riachodasalmas.pe.leg.br/media/sapl/public/materialegislativa/2022/159/projeto_de_lei_do_legislativo_-_025.2022-_denomina_de_rua_dijaime_ferreira_da_silva_a_rua_principal_do_loteamento_pai_ferreira_localizada_no_loteamento_pai_ferreira_em_riacho..pdf", "ementa": "Denomina de Rua Dijaime Ferreira da Silva, a rua principal do Loteamento Pai Ferreira, localizado no Loteamento Pai Ferreira, nesta cidade de Riacho das\r\nAlmas/PE, e d\u00e1 outras provid\u00eancias."}, {"id": "161", "ano": "2022", "numero": "26", "tipo__sigla": "PLL", "tipo__descricao": "Projeto de Lei do Legislativo", "autoria": "Pastor Gustavo Lucena", "texto_original": "http://sapl.riachodasalmas.pe.leg.br/media/sapl/public/materialegislativa/2022/161/projeto_de_lei_do_legislativo_-_026.2022-_denomina_de_quadra_jose_edmilson_de_lucena_missaram_a_quadra_localizada_na_praca_do_rangel_na_vila_rangel_riacho_das_almas..pdf", "ementa": "Denomina de Quadra Jos\u00e9 Edmilson de Lucena (Missaraam), a quadra localizada na Pra\u00e7a do Rangel, neste munic\u00edpio de Riacho das Almas/PE, e\r\nd\u00e1 outras provid\u00eancias."}, {"id": "163", "ano": "2022", "numero": "27", "tipo__sigla": "PLL", "tipo__descricao": "Projeto de Lei do Legislativo", "autoria": "Pastor Gustavo Lucena", "texto_original": "http://sapl.riachodasalmas.pe.leg.br/media/sapl/public/materialegislativa/2022/163/projeto_de_lei_do_legislativo_-_027.2022_-_dispoe_acerca_da_instituicao_dos_jogos_escolares_anuais_na_rede_municipal_de_ensino_de_riacho_das_almas..pdf", "ementa": "Disp\u00f5e acerca da institui\u00e7\u00e3o dos Jogos Escolares anuais na rede municipal de ensino de Riacho das Almas/PE."}, {"id": "164", "ano": "2022", "numero": "28", "tipo__sigla": "PLL", "tipo__descricao": "Projeto de Lei do Legislativo", "autoria": "Genival da Sa\u00fade", "texto_original": "http://sapl.riachodasalmas.pe.leg.br/media/sapl/public/materialegislativa/2022/164/projeto_de_lei_do_legislativo_-_028.2022_-denomina_de_rua_severino_jorge_da_silva_a_rua_projetada_05_do_loteamento_ze_manoel_localizada_no_bairro_cohab..pdf", "ementa": "Denomina de Rua Severino Jorge da Silva, a rua projetada 05 do Loteamento Z\u00e9 Manoel, localizada no bairro Cohab, nesta cidade de Riacho das Almas/PE, e d\u00e1 outras provid\u00eancias."}, {"id": "165", "ano": "2022", "numero": "29", "tipo__sigla": "PLL", "tipo__descricao": "Projeto de Lei do Legislativo", "autoria": "Pastor Gustavo Lucena", "texto_original": "http://sapl.riachodasalmas.pe.leg.br/media/sapl/public/materialegislativa/2022/165/projeto_de_lei_do_legislativo_-_029.2022_-denomina_de_cras_higgo_cesar_silva_santos_o_centro_de_referencia_de_assistencia_a_saude_localizado_na_rua_justo_fernandes_da_mota..pdf", "ementa": "Denomina de CRAS Higgo C\u00e9sar Silva Santos, o Centro de Refer\u00eancia de Assist\u00eancia a Sa\u00fade, localizado na Rua Justo Fernandes da Mota, nesta cidade de Riacho das Almas/PE, e d\u00e1 outras provid\u00eancias."}, {"id": "166", "ano": "2022", "numero": "30", "tipo__sigla": "PLL", "tipo__descricao": "Projeto de Lei do Legislativo", "autoria": "Pastor Gustavo Lucena", "texto_original": "http://sapl.riachodasalmas.pe.leg.br/media/sapl/public/materialegislativa/2022/166/projeto_de_lei_do_legislativo_-_030.2022_-_denomina_de_ubs_jonas_ferreira_de_andrade_a_unidade_basica_de_saude_animal_localizada_na_academia_das_cidades..pdf", "ementa": "Denomina UBS Jonas Ferreira de Andrade, a Unidade B\u00e1sica de Sa\u00fade Animal, localizada na Academia das Cidades, nesta cidade de Riacho das Almas/PE, e d\u00e1 outras provid\u00eancias."}, {"id": "167", "ano": "2022", "numero": "31", "tipo__sigla": "PLL", "tipo__descricao": "Projeto de Lei do Legislativo", "autoria": "Dr. Neto", "texto_original": "http://sapl.riachodasalmas.pe.leg.br/media/sapl/public/materialegislativa/2022/167/projeto_de_lei_do_legislativo_-_031.2022_-_dispoe_sobre_a_obrigatoriedade_de_atendimento_prioritario_nos_estabelecimentos_publicos_e_privados_as_pessoas_com_fibramiologia..pdf", "ementa": "Disp\u00f5e sobre a obrigatoriedade de Atendimento Priorit\u00e1rio nos estabelecimentos p\u00fablicos e privados, as pessoas com fibromialgia no munic\u00edpio de Riacho das Almas, e d\u00e1 outras provid\u00eancias."}, {"id": "168", "ano": "2022", "numero": "32", "tipo__sigla": "PLL", "tipo__descricao": "Projeto de Lei do Legislativo", "autoria": "Dr. Neto", "texto_original": "http://sapl.riachodasalmas.pe.leg.br/media/sapl/public/materialegislativa/2022/168/projeto_de_lei_do_legislativo_-_032.2022_-_denominar_o_creas__centro_de_referencia_especializado_da_assistencia_social_municipal_como_creas_municipal_giselma_vasconcelos_mendonca..pdf", "ementa": "Denomina o CREAS ( Centro de Refer\u00eancia Especializado da Assist\u00eancia Social) Municipal como CREAS Municipal Giselma Vasconcelos Mendon\u00e7a, nesta cidade de Riacho das Almas."}, {"id": "169", "ano": "2022", "numero": "33", "tipo__sigla": "PLL", "tipo__descricao": "Projeto de Lei do Legislativo", "autoria": "Dr. Neto", "texto_original": "http://sapl.riachodasalmas.pe.leg.br/media/sapl/public/materialegislativa/2022/169/projeto_de_lei_do_legislativo_-_033.2022_-_que_institui_a_lei_lucas_que_dispoe_sobre_a_obrigatoriedade_da_realizacao_de_cursos_de_primeiros_socorros_por_professores_e_funcionarios.pdf", "ementa": "Institui a \"lei lucas\" que disp\u00f5e sobre a obrigatoriedade da realiza\u00e7\u00e3o de cursos de primeiros socorros por professores e funcion\u00e1rios que tenham contato direto com os alunos nas creches e escolas instaladas no munic\u00edpio de po\u00e1 da rede p\u00fablica municipal e particulares, e institui o selo \"lucas begalli zamora de souza\", de capacita\u00e7\u00e3o em primeiros socorros."}, {"id": "170", "ano": "2022", "numero": "34", "tipo__sigla": "PLL", "tipo__descricao": "Projeto de Lei do Legislativo", "autoria": "Genival da Sa\u00fade", "texto_original": "http://sapl.riachodasalmas.pe.leg.br/media/sapl/public/materialegislativa/2022/170/projeto_de_lei_do_legislativo_-_034.2022_-_que_denomina_de_rua_joao_amancio_sobrinho_joao_de_lo_a_rua_do_curral_por_tras_do_mercado_de_farinha_na_vila_trapia.pdf", "ementa": "Denomina de Rua Jo\u00e3o Am\u00e2ncio de Moura( Jo\u00e3o de L\u00f3), a Rua do Curral por tr\u00e1s do mercado de farinha, na Vila Trapi\u00e1, munic\u00edpio de Riacho das Almas/PE, e d\u00e1 outras provid\u00eancias."}, {"id": "171", "ano": "2022", "numero": "35", "tipo__sigla": "PLL", "tipo__descricao": "Projeto de Lei do Legislativo", "autoria": "Abenildo da Ramada", "texto_original": "http://sapl.riachodasalmas.pe.leg.br/media/", "ementa": "Denomina de Rua Ant\u00f4nio Marques dos Santos, a Travessa Ant\u00f4nio Rosendo de Lima, na Vila Trapi\u00e1, munic\u00edpio de Riacho das Almas/PE, e d\u00e1 outras\r\nprovid\u00eancias."}, {"id": "172", "ano": "2022", "numero": "36", "tipo__sigla": "PLL", "tipo__descricao": "Projeto de Lei do Legislativo", "autoria": "Dinho da Sa\u00fade", "texto_original": "http://sapl.riachodasalmas.pe.leg.br/media/sapl/public/materialegislativa/2022/172/projeto_de_lei_do_legislativo_-_036.2022_-__institui_o_programa_bom_pagador_do_iptu_no_municipio_de_riacho_das_almas_e_da_outras_providencias..pdf", "ementa": "Institui o Programa Bom Pagador no \u00e2mbito municipal, e d\u00e1 outras provid\u00eancias."}, {"id": "175", "ano": "2022", "numero": "37", "tipo__sigla": "PLL", "tipo__descricao": "Projeto de Lei do Legislativo", "autoria": "Kaio Bezerra", "texto_original": "http://sapl.riachodasalmas.pe.leg.br/media/sapl/public/materialegislativa/2022/175/projeto_de_lei_do_legislativo_-_037.2022_-_declara_utilidade_publica_a_associacao_de_pessoas_com_deficiencia_de_riacho_das_almas..pdf", "ementa": "Declara de utilidade p\u00fablica, a \"Associa\u00e7\u00e3o de Pessoas com Defici\u00eancia de Riacho das Almas."}, {"id": "176", "ano": "2022", "numero": "38", "tipo__sigla": "PLL", "tipo__descricao": "Projeto de Lei do Legislativo", "autoria": "Dr. Neto", "texto_original": "http://sapl.riachodasalmas.pe.leg.br/media/sapl/public/materialegislativa/2022/176/projeto_de_lei_do_legislativo_-_038.2022_-_disciplina_a_transferencia_de_recursos_financeiros_a_titulo_de_contribuicoes_auxilios_ou_subvencoes_sociais_as_instituicoesou_entidades..pdf", "ementa": "Disciplina \u00e0 transfer\u00eancia de recursos financeiros a t\u00edtulo de contribui\u00e7\u00f5es, aux\u00edlios ou subven\u00e7\u00f5es sociais \u00e0s Institui\u00e7\u00f5es e/ou Entidades, de car\u00e1ter\r\np\u00fablico ou privado, sem fins lucrativos, e d\u00e1 outras provid\u00eancias."}, {"id": "316", "ano": "2022", "numero": "1", "tipo__sigla": "REQ", "tipo__descricao": "Requerimento", "autoria": "Abenildo da Ramada", "texto_original": "http://sapl.riachodasalmas.pe.leg.br/media/sapl/public/materialegislativa/2022/316/requerimento_001.2022.pdf", "ementa": "No sentido de que seja feito um ponto de \u00f4nibus na entrada de Mariquinha de Joao Zidoro no sitio Trapi\u00e1."}, {"id": "317", "ano": "2022", "numero": "2", "tipo__sigla": "REQ", "tipo__descricao": "Requerimento", "autoria": "Pastor Gustavo Lucena", "texto_original": "http://sapl.riachodasalmas.pe.leg.br/media/sapl/public/materialegislativa/2022/317/requerimento_002.2022.pdf", "ementa": "No sentido de que seja feita a reabertura dos correios de todo mun\u00edcipio."}, {"id": "318", "ano": "2022", "numero": "3", "tipo__sigla": "REQ", "tipo__descricao": "Requerimento", "autoria": "Pastor Gustavo Lucena", "texto_original": "http://sapl.riachodasalmas.pe.leg.br/media/sapl/public/materialegislativa/2022/318/requerimento_003.2022.pdf", "ementa": "No sentido de que seja feita a limpeza do a\u00e7ude de Pinh\u00f5es."}, {"id": "319", "ano": "2022", "numero": "4", "tipo__sigla": "REQ", "tipo__descricao": "Requerimento", "autoria": "Abenildo da Ramada", "texto_original": "http://sapl.riachodasalmas.pe.leg.br/media/sapl/public/materialegislativa/2022/319/requerimento_004.2022.pdf", "ementa": "No sentido de que seja feita a substitui\u00e7\u00e3o da tubula\u00e7\u00e3o de 100 por 150 da rede de saneamento nas Ruas Oleg\u00e1rio Coleta e Jo\u00e3o Quirino na Vila de Trapi\u00e1."}, {"id": "320", "ano": "2022", "numero": "5", "tipo__sigla": "REQ", "tipo__descricao": "Requerimento", "autoria": "Abenildo da Ramada", "texto_original": "http://sapl.riachodasalmas.pe.leg.br/media/sapl/public/materialegislativa/2022/320/requerimento_005.2022.pdf", "ementa": "No sentido de que seja conclu\u00edda a pavimenta\u00e7\u00e3o em paralelep\u00edpedos no Sitio Lagoa de Tr\u00eas irm\u00e3os."}, {"id": "321", "ano": "2022", "numero": "6", "tipo__sigla": "REQ", "tipo__descricao": "Requerimento", "autoria": "Abenildo da Ramada", "texto_original": "http://sapl.riachodasalmas.pe.leg.br/media/sapl/public/materialegislativa/2022/321/requerimento_006.2022.pdf", "ementa": "No sentido de que seja feita a reforma nas escolas dos s\u00edtios Lagoa de tr\u00eas irm\u00e3os , ramada de trapi\u00e1 e bento."}, {"id": "322", "ano": "2022", "numero": "7", "tipo__sigla": "REQ", "tipo__descricao": "Requerimento", "autoria": "Abenildo da Ramada", "texto_original": "http://sapl.riachodasalmas.pe.leg.br/media/sapl/public/materialegislativa/2022/322/requerimento_007.2022.pdf", "ementa": "No sentido de que seja constru\u00edda uma creche/escola na vila de Trapi\u00e1."}, {"id": "323", "ano": "2022", "numero": "8", "tipo__sigla": "REQ", "tipo__descricao": "Requerimento", "autoria": "Abenildo da Ramada", "texto_original": "http://sapl.riachodasalmas.pe.leg.br/media/sapl/public/materialegislativa/2022/323/requerimento_008.2022.pdf", "ementa": "No sentido de que seja feita a pavimenta\u00e7\u00e3o em paralelep\u00edpedos em frente a igreja da Ramada de Trapi\u00e1."}, {"id": "324", "ano": "2022", "numero": "9", "tipo__sigla": "REQ", "tipo__descricao": "Requerimento", "autoria": "Abenildo da Ramada", "texto_original": "http://sapl.riachodasalmas.pe.leg.br/media/sapl/public/materialegislativa/2022/324/requerimento_009.2022.pdf", "ementa": "No sentido de que sejam instaladas c\u00e2meras de monitoramento na pra\u00e7a do livramento na vila trapi\u00e1."}, {"id": "325", "ano": "2022", "numero": "10", "tipo__sigla": "REQ", "tipo__descricao": "Requerimento", "autoria": "Abenildo da Ramada", "texto_original": "http://sapl.riachodasalmas.pe.leg.br/media/sapl/public/materialegislativa/2022/325/requerimento_010.2022.pdf", "ementa": "No sentido de que seja feita a pavimenta\u00e7\u00e3o em paralelep\u00edpedos na rua projetada per tr\u00e1s do cemit\u00e9rio Frei Dami\u00e3o na Vila de Trapj\u00e1."}, {"id": "326", "ano": "2022", "numero": "11", "tipo__sigla": "REQ", "tipo__descricao": "Requerimento", "autoria": "Abenildo da Ramada", "texto_original": "http://sapl.riachodasalmas.pe.leg.br/media/sapl/public/materialegislativa/2022/326/requerimento_011.2022.pdf", "ementa": "No sentido de que seja constru\u00edda  uma passagem molhada no sitio bento, pr\u00f3ximo a casa de Kika."}, {"id": "327", "ano": "2022", "numero": "12", "tipo__sigla": "REQ", "tipo__descricao": "Requerimento", "autoria": "Abenildo da Ramada", "texto_original": "http://sapl.riachodasalmas.pe.leg.br/media/sapl/public/materialegislativa/2022/327/requerimento_012.2022.pdf", "ementa": "No sentido de que seja constru\u00edda uma passagem molhada no sitio tanquinhos, pr\u00f3ximo a casa do sr. Z\u00e9 Silvestre."}, {"id": "328", "ano": "2022", "numero": "13", "tipo__sigla": "REQ", "tipo__descricao": "Requerimento", "autoria": "Abenildo da Ramada", "texto_original": "http://sapl.riachodasalmas.pe.leg.br/media/sapl/public/materialegislativa/2022/328/requerimento_013.2022.pdf", "ementa": "No sentido de que seja constru\u00edda uma passagem molhada no sitio dais riachos, pr\u00f3ximo a casa do sr. Z\u00e9 de Cazuza."}, {"id": "329", "ano": "2022", "numero": "14", "tipo__sigla": "REQ", "tipo__descricao": "Requerimento", "autoria": "Abenildo da Ramada", "texto_original": "http://sapl.riachodasalmas.pe.leg.br/media/sapl/public/materialegislativa/2022/329/requerimento_014.2022.pdf", "ementa": "No sentido de que seja retomada a feira livre de Trapi\u00e1."}, {"id": "330", "ano": "2022", "numero": "15", "tipo__sigla": "REQ", "tipo__descricao": "Requerimento", "autoria": "Abenildo da Ramada", "texto_original": "http://sapl.riachodasalmas.pe.leg.br/media/sapl/public/materialegislativa/2022/330/requerimento_015.2022.pdf", "ementa": "No sentido de que seja constru\u00edda uma passagem molhada no sitio carapotos, pr\u00f3ximo a fazenda de lequinho de Jo\u00e3o de L\u00f3."}, {"id": "331", "ano": "2022", "numero": "16", "tipo__sigla": "REQ", "tipo__descricao": "Requerimento", "autoria": "Abenildo da Ramada", "texto_original": "http://sapl.riachodasalmas.pe.leg.br/media/sapl/public/materialegislativa/2022/331/requerimento_016.2022.pdf", "ementa": "No sentido de que seja feita a reforma dos vesti\u00e1rios e manuten\u00e7\u00e3o dos refletores do campo da Vila de Trapi\u00e1."}, {"id": "332", "ano": "2022", "numero": "17", "tipo__sigla": "REQ", "tipo__descricao": "Requerimento", "autoria": "Abenildo da Ramada", "texto_original": "http://sapl.riachodasalmas.pe.leg.br/media/sapl/public/materialegislativa/2022/332/requerimento_017.2022.pdf", "ementa": "No sentido de que seja instalado 4 refletores em torno da quadra de areia na Vila de Trapi\u00e1."}, {"id": "333", "ano": "2022", "numero": "18", "tipo__sigla": "REQ", "tipo__descricao": "Requerimento", "autoria": "Abenildo da Ramada", "texto_original": "http://sapl.riachodasalmas.pe.leg.br/media/sapl/public/materialegislativa/2022/333/requerimento_018.2022.pdf", "ementa": "No sentido de que seja feita a pavimenta\u00e7\u00e3o em paralelep\u00edpedos na entrada do Rangel, sendo do trevo at\u00e9 a referida vila."}, {"id": "334", "ano": "2022", "numero": "19", "tipo__sigla": "REQ", "tipo__descricao": "Requerimento", "autoria": "Abenildo da Ramada", "texto_original": "http://sapl.riachodasalmas.pe.leg.br/media/sapl/public/materialegislativa/2022/334/requerimento_019.2022.pdf", "ementa": "No sentido de que seja implantada a rede de \u00e1gua no sitio Trapi\u00e1, sendo da entrada do referido sitio ate a casa do sr. Manoel Rosendo."}, {"id": "335", "ano": "2022", "numero": "20", "tipo__sigla": "REQ", "tipo__descricao": "Requerimento", "autoria": "Abenildo da Ramada", "texto_original": "http://sapl.riachodasalmas.pe.leg.br/media/sapl/public/materialegislativa/2022/335/requerimento_020.2022.pdf", "ementa": "No sentido de que seja colocado pi\u00e7arra do antigo lix\u00e3o ate a Vila do Rangel."}, {"id": "336", "ano": "2022", "numero": "21", "tipo__sigla": "REQ", "tipo__descricao": "Requerimento", "autoria": "Abenildo da Ramada", "texto_original": "http://sapl.riachodasalmas.pe.leg.br/media/sapl/public/materialegislativa/2022/336/requerimento_021.2022.pdf", "ementa": "No sentido de que seja feita a pavimenta\u00e7\u00e3o da entrada do cemit\u00e9rio Frei Dami\u00e3o at\u00e9 a igrejinha no interior do mesmo."}, {"id": "337", "ano": "2022", "numero": "22", "tipo__sigla": "REQ", "tipo__descricao": "Requerimento", "autoria": "Abenildo da Ramada", "texto_original": "http://sapl.riachodasalmas.pe.leg.br/media/sapl/public/materialegislativa/2022/337/requerimento_022.2022.pdf", "ementa": "no sentido de que seja feita a readequa\u00e7\u00e3o do a\u00e7ougue p\u00fablico da Vila de Trapi\u00e1 para que o mesmo funcione a feira livre."}, {"id": "338", "ano": "2022", "numero": "23", "tipo__sigla": "REQ", "tipo__descricao": "Requerimento", "autoria": "Abenildo da Ramada", "texto_original": "http://sapl.riachodasalmas.pe.leg.br/media/sapl/public/materialegislativa/2022/338/requerimento_023.2022.pdf", "ementa": "No sentido de que seja feita a pavimenta\u00e7\u00e3o da rua do desvio que tem inicio na oficina de z\u00e9 Malu e termino na casa de povinho, na vila Trapi\u00e1."}, {"id": "339", "ano": "2022", "numero": "24", "tipo__sigla": "REQ", "tipo__descricao": "Requerimento", "autoria": "Abenildo da Ramada", "texto_original": "http://sapl.riachodasalmas.pe.leg.br/media/sapl/public/materialegislativa/2022/339/requerimento_024.2022.pdf", "ementa": "No sentido de que seja constru\u00edda uma passagem molhada no riacho pr\u00f3ximo a casa de branc\u00e3o na Vila Pinh\u00f5es."}, {"id": "340", "ano": "2022", "numero": "25", "tipo__sigla": "REQ", "tipo__descricao": "Requerimento", "autoria": "Abenildo da Ramada", "texto_original": "http://sapl.riachodasalmas.pe.leg.br/media/sapl/public/materialegislativa/2022/340/requerimento_025.2022.pdf", "ementa": "No sentido de que seja feita a pavimentar\u00e3o em paralelep\u00edpedos na ladeira do sitio barra de Carapotos, contemplando o inicio da ponte ate a entrada da casa do sr. conhecido par velho da bolacha."}, {"id": "341", "ano": "2022", "numero": "26", "tipo__sigla": "REQ", "tipo__descricao": "Requerimento", "autoria": "Abenildo da Ramada", "texto_original": "http://sapl.riachodasalmas.pe.leg.br/media/sapl/public/materialegislativa/2022/341/requerimento_026.2022.pdf", "ementa": "No sentido de que seja feita melhorias necess\u00e1rias na ponte do sitio Barra de Caropotos, zona rural deste munic\u00edpio."}, {"id": "342", "ano": "2022", "numero": "27", "tipo__sigla": "REQ", "tipo__descricao": "Requerimento", "autoria": "Abenildo da Ramada", "texto_original": "http://sapl.riachodasalmas.pe.leg.br/media/sapl/public/materialegislativa/2022/342/requerimento_027.2022.pdf", "ementa": "No sentido de que seja feitas reposi\u00e7\u00f5es no calcamento da principal da vila de Patos, zona rural deste munic\u00edpio."}, {"id": "343", "ano": "2022", "numero": "28", "tipo__sigla": "REQ", "tipo__descricao": "Requerimento", "autoria": "Abenildo da Ramada", "texto_original": "http://sapl.riachodasalmas.pe.leg.br/media/sapl/public/materialegislativa/2022/343/requerimento_028.2022.pdf", "ementa": "No sentido de que as lombadas localizadas em frente a escola Manoel Bacelar e Escola Jos\u00e9 Joaquim de Lima sejam refeitas no estilo de rampa, para se\r\ntornar mais confort\u00e1veis para todos que transitam pelos referidos locais."}, {"id": "344", "ano": "2022", "numero": "29", "tipo__sigla": "REQ", "tipo__descricao": "Requerimento", "autoria": "Abenildo da Ramada", "texto_original": "http://sapl.riachodasalmas.pe.leg.br/media/sapl/public/materialegislativa/2022/344/requerimento_029.2022.pdf", "ementa": "No sentido de que seja constru\u00edda uma Unidade B\u00e1sica de Sa\u00fade - UBS no sitio Ramada de Trapi\u00e1."}, {"id": "345", "ano": "2022", "numero": "30", "tipo__sigla": "REQ", "tipo__descricao": "Requerimento", "autoria": "Abenildo da Ramada", "texto_original": "http://sapl.riachodasalmas.pe.leg.br/media/sapl/public/materialegislativa/2022/345/requerimento_030.2022.pdf", "ementa": "No sentido de que seja feito um chafariz com bomba e caixa no sitio Lagoa de Tr\u00eas Irm\u00e3os."}, {"id": "346", "ano": "2022", "numero": "31", "tipo__sigla": "REQ", "tipo__descricao": "Requerimento", "autoria": "Pastor Gustavo Lucena", "texto_original": "http://sapl.riachodasalmas.pe.leg.br/media/sapl/public/materialegislativa/2022/346/requerimento_031.2022.pdf", "ementa": "No sentido de que seja feita a pavimenta\u00e7\u00e3o em paralelep\u00edpedos da Rua Odilon, localizada na Vila Rangel."}, {"id": "347", "ano": "2022", "numero": "32", "tipo__sigla": "REQ", "tipo__descricao": "Requerimento", "autoria": "Pastor Gustavo Lucena", "texto_original": "http://sapl.riachodasalmas.pe.leg.br/media/sapl/public/materialegislativa/2022/347/requerimento_032.2022.pdf", "ementa": "No sentido de que seja constru\u00edda uma escola municipal na Vila Rangel."}, {"id": "348", "ano": "2022", "numero": "33", "tipo__sigla": "REQ", "tipo__descricao": "Requerimento", "autoria": "Pastor Gustavo Lucena", "texto_original": "http://sapl.riachodasalmas.pe.leg.br/media/sapl/public/materialegislativa/2022/348/requerimento_033.2022.pdf", "ementa": "No sentido de que seja feita a pavimenta\u00e7\u00e3o da Rua Manoel Ferreira, localizada na Vila Rangel, pr\u00f3ximo a casa do sr. chieba at\u00e9 a UBS."}, {"id": "349", "ano": "2022", "numero": "34", "tipo__sigla": "REQ", "tipo__descricao": "Requerimento", "autoria": "Pastor Gustavo Lucena", "texto_original": "http://sapl.riachodasalmas.pe.leg.br/media/sapl/public/materialegislativa/2022/349/requerimento_034.2022.pdf", "ementa": "No sentido de que seja feita a pavimenta\u00e7\u00e3o em paralelep\u00edpedos da Rua Jos\u00e9 Bezerra na Vila Rangel."}, {"id": "350", "ano": "2022", "numero": "35", "tipo__sigla": "REQ", "tipo__descricao": "Requerimento", "autoria": "Pastor Gustavo Lucena", "texto_original": "http://sapl.riachodasalmas.pe.leg.br/media/sapl/public/materialegislativa/2022/350/requerimento_035.2022.pdf", "ementa": "No sentido de que seja feito o asfalto da PE 121, que liga Riacho a Vila de Trapi\u00e1."}, {"id": "351", "ano": "2022", "numero": "36", "tipo__sigla": "REQ", "tipo__descricao": "Requerimento", "autoria": "Pastor Gustavo Lucena", "texto_original": "http://sapl.riachodasalmas.pe.leg.br/media/sapl/public/materialegislativa/2022/351/requerimento_036.2022.pdf", "ementa": "No sentido de que seja feita a pavimenta\u00e7\u00e3o em paralelep\u00edpedos na Rua Aroldo Batista no Bairro Santa Terezinha."}, {"id": "352", "ano": "2022", "numero": "37", "tipo__sigla": "REQ", "tipo__descricao": "Requerimento", "autoria": "Pastor Gustavo Lucena", "texto_original": "http://sapl.riachodasalmas.pe.leg.br/media/sapl/public/materialegislativa/2022/352/requerimento_037.2022.pdf", "ementa": "No sentido de que seja criado a bolsa atleta."}, {"id": "353", "ano": "2022", "numero": "38", "tipo__sigla": "REQ", "tipo__descricao": "Requerimento", "autoria": "Pastor Gustavo Lucena", "texto_original": "http://sapl.riachodasalmas.pe.leg.br/media/sapl/public/materialegislativa/2022/353/requerimento_038.2022.pdf", "ementa": "No sentido de que seja constru\u00edda uma UBS no sitio Salgado."}, {"id": "354", "ano": "2022", "numero": "39", "tipo__sigla": "REQ", "tipo__descricao": "Requerimento", "autoria": "Pastor Gustavo Lucena", "texto_original": "http://sapl.riachodasalmas.pe.leg.br/media/sapl/public/materialegislativa/2022/354/requerimento_039.2022.pdf", "ementa": "No sentido de que seja feito a reforma da quadra de esportes da Vila Rangel e que sejam instalados equipamentos esportivos ao redor da mesma."}, {"id": "355", "ano": "2022", "numero": "40", "tipo__sigla": "REQ", "tipo__descricao": "Requerimento", "autoria": "Pastor Gustavo Lucena", "texto_original": "http://sapl.riachodasalmas.pe.leg.br/media/sapl/public/materialegislativa/2022/355/requerimento_040.2022.pdf", "ementa": "No sentido de que seja feita a reforma dos vesti\u00e1rios do campo municipal da Vila Rangel."}, {"id": "356", "ano": "2022", "numero": "41", "tipo__sigla": "REQ", "tipo__descricao": "Requerimento", "autoria": "Pastor Gustavo Lucena", "texto_original": "http://sapl.riachodasalmas.pe.leg.br/media/sapl/public/materialegislativa/2022/356/requerimento_041.2022.pdf", "ementa": "No sentido de que seja feita a pavimentar\u00e3o em paralelep\u00edpedos da Rua Severino Latino Pontes, pr\u00f3ximo onde se localizava o samu, nesta cidade."}, {"id": "357", "ano": "2022", "numero": "42", "tipo__sigla": "REQ", "tipo__descricao": "Requerimento", "autoria": "Pastor Gustavo Lucena", "texto_original": "http://sapl.riachodasalmas.pe.leg.br/media/sapl/public/materialegislativa/2022/357/requerimento_042.2022.pdf", "ementa": "No sentido de que seja religada a \u00e1gua na Vila de Z\u00e9 de Cicero."}, {"id": "358", "ano": "2022", "numero": "43", "tipo__sigla": "REQ", "tipo__descricao": "Requerimento", "autoria": "Pastor Gustavo Lucena", "texto_original": "http://sapl.riachodasalmas.pe.leg.br/media/sapl/public/materialegislativa/2022/358/requerimento_043.2022.pdf", "ementa": "No sentido de que seja feita a liga\u00e7\u00e3o de \u00e1gua da compesa no loteamento Jo\u00e3o Cabral, na Vila Rangel."}, {"id": "359", "ano": "2022", "numero": "44", "tipo__sigla": "REQ", "tipo__descricao": "Requerimento", "autoria": "Pastor Gustavo Lucena", "texto_original": "http://sapl.riachodasalmas.pe.leg.br/media/sapl/public/materialegislativa/2022/359/requerimento_044.2022.pdf", "ementa": "No sentido de que na Travessa Walter Braz seja sentido \u00fanico para automoveis."}, {"id": "360", "ano": "2022", "numero": "45", "tipo__sigla": "REQ", "tipo__descricao": "Requerimento", "autoria": "Pastor Gustavo Lucena", "texto_original": "http://sapl.riachodasalmas.pe.leg.br/media/sapl/public/materialegislativa/2022/360/requerimento_045.2022.pdf", "ementa": "No sentido de que seja feita a pavimenta\u00e7\u00e3o em paralelep\u00edpedos na Rua Jos\u00e9 Felismino, no bairro Celestino Ferreira, nesta cidade."}, {"id": "361", "ano": "2022", "numero": "46", "tipo__sigla": "REQ", "tipo__descricao": "Requerimento", "autoria": "Pastor Gustavo Lucena", "texto_original": "http://sapl.riachodasalmas.pe.leg.br/media/sapl/public/materialegislativa/2022/361/requerimento_046.2022.pdf", "ementa": "No sentido de que seja feita a pavimenta\u00e7\u00e3o em paralelep\u00edpedos na Travessa Jo\u00e3o Soares, nesta cidade."}, {"id": "362", "ano": "2022", "numero": "47", "tipo__sigla": "REQ", "tipo__descricao": "Requerimento", "autoria": "Pastor Gustavo Lucena", "texto_original": "http://sapl.riachodasalmas.pe.leg.br/media/sapl/public/materialegislativa/2022/362/requerimento_047.2022.pdf", "ementa": "No sentido de realizar a implanta\u00e7\u00e3o e a apoio t\u00e9cnico necess\u00e1rio para a instala\u00e7\u00e3o de diversos biodigestores para a produ\u00e7\u00e3o de biog\u00e1s nas resid\u00eancias\r\ne escolas da zona rural do munic\u00edpio."}, {"id": "363", "ano": "2022", "numero": "48", "tipo__sigla": "REQ", "tipo__descricao": "Requerimento", "autoria": "Pastor Gustavo Lucena", "texto_original": "http://sapl.riachodasalmas.pe.leg.br/media/sapl/public/materialegislativa/2022/363/requerimento_048.2022.pdf", "ementa": "No sentido de promover o pi\u00e7arramento em determinados pontos da estrada do sitio ch\u00e3 do Bandeira nas proximidades das resid\u00eancias dos senhores\r\nEvandro, mais conhecido come Guega, e pr\u00f3ximo ao sr. Manoel de Guilherme e J\u00fanior Vilela."}, {"id": "364", "ano": "2022", "numero": "49", "tipo__sigla": "REQ", "tipo__descricao": "Requerimento", "autoria": "Pastor Gustavo Lucena", "texto_original": "http://sapl.riachodasalmas.pe.leg.br/media/sapl/public/materialegislativa/2022/364/requerimento_049.2022.pdf", "ementa": "No sentido de que seja feita uma lombada com sinaliza\u00e7\u00e3o pr\u00f3ximo a ch\u00e1cara de Janaina, na chegada da Vila Rangel."}, {"id": "365", "ano": "2022", "numero": "50", "tipo__sigla": "REQ", "tipo__descricao": "Requerimento", "autoria": "Pastor Gustavo Lucena", "texto_original": "http://sapl.riachodasalmas.pe.leg.br/media/sapl/public/materialegislativa/2022/365/requerimento_050.2022.pdf", "ementa": "No sentido de que seja feita a divulga\u00e7\u00e3o sobre a Endometriose; doen\u00e7a que tem afetado muitas mulheres e tem no m\u00eas de mar\u00e7o maior intensifica\u00e7\u00e3o e\r\ncuidados, al\u00e9m de que seja feita uma educa\u00e7\u00e3o preventiva nas escolas e conferencias de sa\u00fade, visando o suporte e conhecimento para a popula\u00e7\u00e3o."}, {"id": "366", "ano": "2022", "numero": "51", "tipo__sigla": "REQ", "tipo__descricao": "Requerimento", "autoria": "Pastor Gustavo Lucena", "texto_original": "http://sapl.riachodasalmas.pe.leg.br/media/sapl/public/materialegislativa/2022/366/requerimento_051.2022.pdf", "ementa": "No sentido de que seja feito uma lombada em frente a casa do sr. Adriano, pr\u00f3ximo ao ponto de apoio do samu, no bairro Jiquiri."}, {"id": "367", "ano": "2022", "numero": "52", "tipo__sigla": "REQ", "tipo__descricao": "Requerimento", "autoria": "Pastor Gustavo Lucena", "texto_original": "http://sapl.riachodasalmas.pe.leg.br/media/sapl/public/materialegislativa/2022/367/requerimento_052.2022.pdf", "ementa": "No sentido de que seja criado um local para pr\u00e1tica de ciclismo."}, {"id": "368", "ano": "2022", "numero": "53", "tipo__sigla": "REQ", "tipo__descricao": "Requerimento", "autoria": "Pastor Gustavo Lucena", "texto_original": "http://sapl.riachodasalmas.pe.leg.br/media/sapl/public/materialegislativa/2022/368/requerimento_053.2022.pdf", "ementa": "No sentido de que seja intensificado a combate com exames e que sejam tomadas as medidas cab\u00edveis necess\u00e1rias contra a Leishmania Visceral\r\nCanina, popularmente conhecida como Calaza em cachorros, tendo em vista o grande aumento da doen\u00e7a na cidade."}, {"id": "369", "ano": "2022", "numero": "54", "tipo__sigla": "REQ", "tipo__descricao": "Requerimento", "autoria": "Pastor Gustavo Lucena", "texto_original": "http://sapl.riachodasalmas.pe.leg.br/media/sapl/public/materialegislativa/2022/369/requerimento_054.2022.pdf", "ementa": "No sentido de que seja feita a pavimenta\u00e7\u00e3o em paralelep\u00edpedos na Rua Matias Sebasti\u00e3o Ribeiro, no bairro Santa Terezinha."}, {"id": "370", "ano": "2022", "numero": "55", "tipo__sigla": "REQ", "tipo__descricao": "Requerimento", "autoria": "Pastor Gustavo Lucena", "texto_original": "http://sapl.riachodasalmas.pe.leg.br/media/sapl/public/materialegislativa/2022/370/requerimento_055.2022.pdf", "ementa": "No sentido de que seja avaliada a possibilidade de inclus\u00e3o de um curso no Espa\u00e7o Oportunidade para manuten\u00e7\u00e3o de maquinas de costura, devido a grande demanda no munic\u00edpio."}, {"id": "371", "ano": "2022", "numero": "56", "tipo__sigla": "REQ", "tipo__descricao": "Requerimento", "autoria": "Pastor Gustavo Lucena", "texto_original": "http://sapl.riachodasalmas.pe.leg.br/media/sapl/public/materialegislativa/2022/371/requerimento_056.2022.pdf", "ementa": "No sentido de que seja promovido o pi\u00e7arramento nas ruas que n\u00e3o possuem calcamento na Vila do Rangel."}, {"id": "372", "ano": "2022", "numero": "57", "tipo__sigla": "REQ", "tipo__descricao": "Requerimento", "autoria": "Junior Miranda", "texto_original": "http://sapl.riachodasalmas.pe.leg.br/media/sapl/public/materialegislativa/2022/372/requerimento_057.2022.pdf", "ementa": "No sentido de que seja feita uma passagem molhada no sitio Bandeira, pr\u00f3ximo a casa do sr. Luiz de Z\u00e9 de Chico, neste munic\u00edpio."}, {"id": "373", "ano": "2022", "numero": "58", "tipo__sigla": "REQ", "tipo__descricao": "Requerimento", "autoria": "Junior Miranda", "texto_original": "http://sapl.riachodasalmas.pe.leg.br/media/sapl/public/materialegislativa/2022/373/requerimento_058.2022.pdf", "ementa": "No sentido de que seja reativado o servi\u00e7o odontol\u00f3gico no posto de sa\u00fade do sitio Bandeira."}, {"id": "374", "ano": "2022", "numero": "59", "tipo__sigla": "REQ", "tipo__descricao": "Requerimento", "autoria": "Junior Miranda", "texto_original": "http://sapl.riachodasalmas.pe.leg.br/media/sapl/public/materialegislativa/2022/374/requerimento_059.2022.pdf", "ementa": "No sentido de que seja feita a ilumina\u00e7\u00e3o do campo de Luiz Z\u00e9 de Chico, no sitio Bandeira."}, {"id": "375", "ano": "2022", "numero": "60", "tipo__sigla": "REQ", "tipo__descricao": "Requerimento", "autoria": "Junior Miranda", "texto_original": "http://sapl.riachodasalmas.pe.leg.br/media/sapl/public/materialegislativa/2022/375/requerimento_060.2022.pdf", "ementa": "No sentido de que seja inclu\u00eddo no cronograma do atendimento odontol\u00f3gico no posto de sa\u00fade da Atalaia."}, {"id": "376", "ano": "2022", "numero": "61", "tipo__sigla": "REQ", "tipo__descricao": "Requerimento", "autoria": "Junior Miranda", "texto_original": "http://sapl.riachodasalmas.pe.leg.br/media/sapl/public/materialegislativa/2022/376/requerimento_061.2022.pdf", "ementa": "No sentido de que seja constru\u00edda uma ponte ligando o bairro Jo\u00e3o Lula ao alto do Jiquiri."}, {"id": "377", "ano": "2022", "numero": "62", "tipo__sigla": "REQ", "tipo__descricao": "Requerimento", "autoria": "Junior Miranda", "texto_original": "http://sapl.riachodasalmas.pe.leg.br/media/sapl/public/materialegislativa/2022/377/requerimento_062.2022.pdf", "ementa": "No sentido de que seja feita a pavimenta\u00e7\u00e3o em paralelep\u00edpedos e saneamento da rua em que mora o popular lvan da oficina, na Avenida Jo\u00e3o Soares."}, {"id": "378", "ano": "2022", "numero": "63", "tipo__sigla": "REQ", "tipo__descricao": "Requerimento", "autoria": "Junior Miranda", "texto_original": "http://sapl.riachodasalmas.pe.leg.br/media/sapl/public/materialegislativa/2022/378/requerimento_063.2022.pdf", "ementa": "No sentido de que seja feita a reforma estrutural da passagem molhada do sitio Bandeira, pr\u00f3ximo a casa do sr. Jo\u00e3o Belo."}, {"id": "379", "ano": "2022", "numero": "64", "tipo__sigla": "REQ", "tipo__descricao": "Requerimento", "autoria": "Junior Miranda", "texto_original": "http://sapl.riachodasalmas.pe.leg.br/media/sapl/public/materialegislativa/2022/379/requerimento_064.2022.pdf", "ementa": "No sentido de que seja feita a reforma da escola Professor Pedro Xavier, no sitio cacimba de v\u00e1rzea, neste munic\u00edpio."}, {"id": "380", "ano": "2022", "numero": "65", "tipo__sigla": "REQ", "tipo__descricao": "Requerimento", "autoria": "Junior Miranda", "texto_original": "http://sapl.riachodasalmas.pe.leg.br/media/sapl/public/materialegislativa/2022/380/requerimento_065.2022.pdf", "ementa": "No sentido de que seja feita a limpeza do a\u00e7ude do sitio cacimba de v\u00e1rzea, neste munic\u00edpio."}, {"id": "381", "ano": "2022", "numero": "66", "tipo__sigla": "REQ", "tipo__descricao": "Requerimento", "autoria": "Junior Miranda", "texto_original": "http://sapl.riachodasalmas.pe.leg.br/media/sapl/public/materialegislativa/2022/381/requerimento_066.2022.pdf", "ementa": "No sentido de que seja constru\u00edda uma UBS no sitio Ch\u00e3 do Bandeira, neste munic\u00edpio."}, {"id": "382", "ano": "2022", "numero": "67", "tipo__sigla": "REQ", "tipo__descricao": "Requerimento", "autoria": "Junior Miranda", "texto_original": "http://sapl.riachodasalmas.pe.leg.br/media/sapl/public/materialegislativa/2022/382/requerimento_067.2022.pdf", "ementa": "No sentido de que seja contratado um agr\u00f4nomo parai auxiliar os agricultores das loca[idades dos s\u00edtios Bandeira, Lagoa Nova, Ch\u00e3 do Bandeira, Pororoca, Serra Verde, Atalaia e Salobro."}, {"id": "383", "ano": "2022", "numero": "68", "tipo__sigla": "REQ", "tipo__descricao": "Requerimento", "autoria": "Junior Miranda", "texto_original": "http://sapl.riachodasalmas.pe.leg.br/media/sapl/public/materialegislativa/2022/383/requerimento_068.2022.pdf", "ementa": "No sentido de que seja contratada uma escavadeira PC para auxiliar na limpeza de a\u00e7udes da regi\u00e3o."}, {"id": "384", "ano": "2022", "numero": "69", "tipo__sigla": "REQ", "tipo__descricao": "Requerimento", "autoria": "Junior Miranda", "texto_original": "http://sapl.riachodasalmas.pe.leg.br/media/sapl/public/materialegislativa/2022/384/requerimento_069.2022.pdf", "ementa": "No sentido de que seja implantada uma guarda municipal na cidade."}, {"id": "385", "ano": "2022", "numero": "70", "tipo__sigla": "REQ", "tipo__descricao": "Requerimento", "autoria": "Junior Miranda", "texto_original": "http://sapl.riachodasalmas.pe.leg.br/media/sapl/public/materialegislativa/2022/385/requerimento_070.2022.pdf", "ementa": "No sentido de que sejam perfurados po\u00e7os artesianos nos s\u00edtios: pororoca, lagoa nova, torr\u00f5es, atalaia, alto dos mo\u00e7os, cacimba de v\u00e1rzea, tambor,\r\nserra verde, salobro, alto do bandeira, ch\u00e3 do bandeira e pepeus."}, {"id": "386", "ano": "2022", "numero": "71", "tipo__sigla": "REQ", "tipo__descricao": "Requerimento", "autoria": "Junior Miranda", "texto_original": "http://sapl.riachodasalmas.pe.leg.br/media/sapl/public/materialegislativa/2022/386/requerimento_071.2022.pdf", "ementa": "No sentido de constru\u00edda uma barragem no sitio Bandeira, neste munic\u00edpio."}, {"id": "387", "ano": "2022", "numero": "72", "tipo__sigla": "REQ", "tipo__descricao": "Requerimento", "autoria": "Junior Miranda", "texto_original": "http://sapl.riachodasalmas.pe.leg.br/media/sapl/public/materialegislativa/2022/387/requerimento_172.2022.pdf", "ementa": "No sentido de que seja feito o abastecimento da cisterna pr\u00f3ximo ao grupo escolar Ant\u00f4nio Ant\u00e3o da Silva no sitio Bandeira."}, {"id": "388", "ano": "2022", "numero": "73", "tipo__sigla": "REQ", "tipo__descricao": "Requerimento", "autoria": "Junior Miranda", "texto_original": "http://sapl.riachodasalmas.pe.leg.br/media/sapl/public/materialegislativa/2022/388/requerimento_073.2022.pdf", "ementa": "No sentido de que sejam feitas duais lombadas na Rua S\u00e3o Judas Tadeu."}, {"id": "389", "ano": "2022", "numero": "74", "tipo__sigla": "REQ", "tipo__descricao": "Requerimento", "autoria": "Junior Miranda", "texto_original": "http://sapl.riachodasalmas.pe.leg.br/media/sapl/public/materialegislativa/2022/389/requerimento_074.2022.pdf", "ementa": "No sentido de que seja constru\u00edda uma passagem molhada no sitio pororoca, pr\u00f3ximo a casa do sr. Gercino."}, {"id": "390", "ano": "2022", "numero": "75", "tipo__sigla": "REQ", "tipo__descricao": "Requerimento", "autoria": "Junior Miranda", "texto_original": "http://sapl.riachodasalmas.pe.leg.br/media/sapl/public/materialegislativa/2022/390/requerimento_075.2022.pdf", "ementa": "No sentido de que seja colocado pi\u00e7arro de Abel do fogos at\u00e9 Z\u00e9 miuldo e de Dona Telinha at\u00e9 dona Rosa, al\u00e9m de fazer a desassoreamento do riacho de Dona telihha, no sitio Bandeira."}, {"id": "391", "ano": "2022", "numero": "76", "tipo__sigla": "REQ", "tipo__descricao": "Requerimento", "autoria": "Junior Miranda", "texto_original": "http://sapl.riachodasalmas.pe.leg.br/media/sapl/public/materialegislativa/2022/391/requerimento_076.2022.pdf", "ementa": "No sentido de que seja distribu\u00eddo nas escolas publicas um kit higi\u00eanico, composto per absorvente intimo e len\u00e7os umedecidos."}, {"id": "392", "ano": "2022", "numero": "77", "tipo__sigla": "REQ", "tipo__descricao": "Requerimento", "autoria": "Junior Miranda", "texto_original": "http://sapl.riachodasalmas.pe.leg.br/media/sapl/public/materialegislativa/2022/392/requerimento_077.2022.pdf", "ementa": "No sentido de que seja locado um muck para auxiliar o setor de ilumina\u00e7\u00e3o publica do munic\u00edpio."}, {"id": "393", "ano": "2022", "numero": "78", "tipo__sigla": "REQ", "tipo__descricao": "Requerimento", "autoria": "Junior Miranda", "texto_original": "http://sapl.riachodasalmas.pe.leg.br/media/sapl/public/materialegislativa/2022/393/requerimento_078.2022.pdf", "ementa": "No sentido de que seja avaliada a inclus\u00e3o de mais um profissional de sa\u00fade no quadro de m\u00e9dicos plantonistas na Unidade Mista Joao Soares da Fonseca."}, {"id": "394", "ano": "2022", "numero": "79", "tipo__sigla": "REQ", "tipo__descricao": "Requerimento", "autoria": "Junior Miranda", "texto_original": "http://sapl.riachodasalmas.pe.leg.br/media/sapl/public/materialegislativa/2022/394/requerimento_079.2022.pdf", "ementa": "No sentido de que seja feita a reforma da Escola Joaquim Ferreira de Lima, no sitio Tambor, pr\u00f3ximo a Alzira."}, {"id": "395", "ano": "2022", "numero": "80", "tipo__sigla": "REQ", "tipo__descricao": "Requerimento", "autoria": "Junior Miranda", "texto_original": "http://sapl.riachodasalmas.pe.leg.br/media/sapl/public/materialegislativa/2022/395/requerimento_080.2022.pdf", "ementa": "No sentido de que seja feita uma coberta para os carros no p\u00e1tio do matadouro."}, {"id": "396", "ano": "2022", "numero": "81", "tipo__sigla": "REQ", "tipo__descricao": "Requerimento", "autoria": "Junior Miranda", "texto_original": "http://sapl.riachodasalmas.pe.leg.br/media/sapl/public/materialegislativa/2022/396/requerimento_081.2022.pdf", "ementa": "No sentido de que seja reativado o atendimento domiciliar de agentes de sa\u00fade, m\u00e9dicos e enfermeiros para aquelas pessoas acamadas, com defici\u00eancia ou gestantes."}, {"id": "397", "ano": "2022", "numero": "82", "tipo__sigla": "REQ", "tipo__descricao": "Requerimento", "autoria": "Junior Miranda", "texto_original": "http://sapl.riachodasalmas.pe.leg.br/media/sapl/public/materialegislativa/2022/397/requerimento_082.2022.pdf", "ementa": "No sentido de que seja locado caminh\u00f5es pipa para abastecimento da zona rural."}, {"id": "398", "ano": "2022", "numero": "83", "tipo__sigla": "REQ", "tipo__descricao": "Requerimento", "autoria": "Junior Miranda", "texto_original": "http://sapl.riachodasalmas.pe.leg.br/media/sapl/public/materialegislativa/2022/398/requerimento_083.2022.pdf", "ementa": "No sentido de que seja inclu\u00eddo no cronograma a atendimento odontol\u00f3gico m\u00f3vel nos s\u00edtios pororoca e ch\u00e3 do bandeira, pr\u00f3ximo a casa de Z\u00e9 do can\u00e1rio e Manoel de Guilherme respectivamente."}, {"id": "399", "ano": "2022", "numero": "84", "tipo__sigla": "REQ", "tipo__descricao": "Requerimento", "autoria": "Junior Miranda", "texto_original": "http://sapl.riachodasalmas.pe.leg.br/media/sapl/public/materialegislativa/2022/399/requerimento_084.2022.pdf", "ementa": "No sentido de que seja perfurado um po\u00e7o e instalado um dessalinizador no sitio Salgado na casa de Dudu, pr\u00f3ximo a casa de Biu Teodoro."}, {"id": "400", "ano": "2022", "numero": "85", "tipo__sigla": "REQ", "tipo__descricao": "Requerimento", "autoria": "Genival da Sa\u00fade", "texto_original": "http://sapl.riachodasalmas.pe.leg.br/media/sapl/public/materialegislativa/2022/400/requerimento_085.2022.pdf", "ementa": "No sentido de que seja feita a pavimenta\u00e7\u00e3o em paralelep\u00edpedos na rua projetada por tr\u00e1s da casa do sr. Hermes, na Vila Trapi\u00e1."}, {"id": "401", "ano": "2022", "numero": "86", "tipo__sigla": "REQ", "tipo__descricao": "Requerimento", "autoria": "Genival da Sa\u00fade", "texto_original": "http://sapl.riachodasalmas.pe.leg.br/media/sapl/public/materialegislativa/2022/401/requerimento_086.2022.pdf", "ementa": "No sentido de que seja feita a pavimenta\u00e7\u00e3o em paralelep\u00edpedos na rua que liga a sa\u00edda da Vila Trapi\u00e1 at\u00e9 a Rua Oleg\u00e1rio Coleta."}, {"id": "402", "ano": "2022", "numero": "87", "tipo__sigla": "REQ", "tipo__descricao": "Requerimento", "autoria": "Genival da Sa\u00fade", "texto_original": "http://sapl.riachodasalmas.pe.leg.br/media/sapl/public/materialegislativa/2022/402/requerimento_087.2022.pdf", "ementa": "No sentido de que seja constru\u00edda uma cerca de prote\u00e7\u00e3o, a base de estacas de madeira e revestida com arame farpado no entorno do a\u00e7ude estadual da Ramada de Trapi\u00e1."}, {"id": "403", "ano": "2022", "numero": "88", "tipo__sigla": "REQ", "tipo__descricao": "Requerimento", "autoria": "Genival da Sa\u00fade", "texto_original": "http://sapl.riachodasalmas.pe.leg.br/media/sapl/public/materialegislativa/2022/403/requerimento_088.2022.pdf", "ementa": "No sentido de que seja constru\u00edda uma cerca de tijolos com estacas de concreto e arame farpado ao redor do reservat\u00f3rio comunit\u00e1rio no sitio Lagoa de Tr\u00eas irm\u00e3os."}, {"id": "404", "ano": "2022", "numero": "89", "tipo__sigla": "REQ", "tipo__descricao": "Requerimento", "autoria": "Genival da Sa\u00fade", "texto_original": "http://sapl.riachodasalmas.pe.leg.br/media/sapl/public/materialegislativa/2022/404/requerimento_089.2022.pdf", "ementa": "No sentido de que seja locada ou adquirida uma casa de apoio para os pacientes que necessitam de hospitais na cidade de Recife."}, {"id": "405", "ano": "2022", "numero": "90", "tipo__sigla": "REQ", "tipo__descricao": "Requerimento", "autoria": "Genival da Sa\u00fade", "texto_original": "http://sapl.riachodasalmas.pe.leg.br/media/sapl/public/materialegislativa/2022/405/requerimento_090.2022.pdf", "ementa": "No sentido de que sejam instalados postes e refletores no campo do sitio dois riachos."}, {"id": "406", "ano": "2022", "numero": "91", "tipo__sigla": "REQ", "tipo__descricao": "Requerimento", "autoria": "Genival da Sa\u00fade", "texto_original": "http://sapl.riachodasalmas.pe.leg.br/media/sapl/public/materialegislativa/2022/406/requerimento_091.2022.pdf", "ementa": "No sentido de que seja constru\u00edda duas passagens molhadas no sitio dois riachos, pr\u00f3ximo a casa do sr. 0liveira e outra pr\u00f3ximo a casa do sr. Z\u00e9 de Nezinho."}, {"id": "407", "ano": "2022", "numero": "92", "tipo__sigla": "REQ", "tipo__descricao": "Requerimento", "autoria": "Genival da Sa\u00fade", "texto_original": "http://sapl.riachodasalmas.pe.leg.br/media/sapl/public/materialegislativa/2022/407/requerimento_092.2022.pdf", "ementa": "No sentido de que seja feita a pavimenta\u00e7\u00e3o em paralelep\u00edpedos da Av. Ant\u00f4nio Rosendo de Lima na chegada da Vila Trapi\u00e1, da entrada do matadouro at\u00e9 a Escola Jos\u00e9 Joaquim de Lima."}, {"id": "408", "ano": "2022", "numero": "93", "tipo__sigla": "REQ", "tipo__descricao": "Requerimento", "autoria": "Genival da Sa\u00fade", "texto_original": "http://sapl.riachodasalmas.pe.leg.br/media/sapl/public/materialegislativa/2022/408/requerimento_093.2022.pdf", "ementa": "No sentido de que seja constru\u00edda uma pra\u00e7a por tr\u00e1s da igreja de Santa Luzia na Vila Trapi\u00e1."}, {"id": "409", "ano": "2022", "numero": "94", "tipo__sigla": "REQ", "tipo__descricao": "Requerimento", "autoria": "Genival da Sa\u00fade", "texto_original": "http://sapl.riachodasalmas.pe.leg.br/media/sapl/public/materialegislativa/2022/409/requerimento_094.2022.pdf", "ementa": "No sentido de que sejam instaladas placas de identifica\u00e7\u00e3o com os nomes de todas as ruas e avenidas da Vila de Trapi\u00e1."}, {"id": "410", "ano": "2022", "numero": "95", "tipo__sigla": "REQ", "tipo__descricao": "Requerimento", "autoria": "Genival da Sa\u00fade", "texto_original": "http://sapl.riachodasalmas.pe.leg.br/media/sapl/public/materialegislativa/2022/410/requerimento_095.2022.pdf", "ementa": "No sentido de que seja feita a reforma do grupo escolar Ant\u00f4nio G\u00e1villa, no s\u00edtio Dois Riachos."}, {"id": "411", "ano": "2022", "numero": "96", "tipo__sigla": "REQ", "tipo__descricao": "Requerimento", "autoria": "Genival da Sa\u00fade", "texto_original": "http://sapl.riachodasalmas.pe.leg.br/media/sapl/public/materialegislativa/2022/411/requerimento_096.2022.pdf", "ementa": "No sentido de que sejam constru\u00eddos dois pontos de \u00f4nibus, um no s\u00edtio bento e o outro pr\u00f3ximo a casa do sr. Manoel Caboco."}, {"id": "412", "ano": "2022", "numero": "97", "tipo__sigla": "REQ", "tipo__descricao": "Requerimento", "autoria": "Genival da Sa\u00fade", "texto_original": "http://sapl.riachodasalmas.pe.leg.br/media/sapl/public/materialegislativa/2022/412/requerimento_097.2022.pdf", "ementa": "No sentido de solicitar a ara\u00e7\u00e3o de terra para os s\u00edtios lagoa de tr\u00eas irm\u00e3os, carapotos, bento, bentinho, ramada, lagoa do Felipe, cachoeira da on\u00e7a e na vila Trapi\u00e1."}, {"id": "413", "ano": "2022", "numero": "98", "tipo__sigla": "REQ", "tipo__descricao": "Requerimento", "autoria": "Genival da Sa\u00fade", "texto_original": "http://sapl.riachodasalmas.pe.leg.br/media/sapl/public/materialegislativa/2022/413/requerimento_098.2022.pdf", "ementa": "No sentido de que seja feita a manuten\u00e7\u00e3o da passarela que liga a cidade a PE 95, sentido o bairro do Jiquiri."}, {"id": "414", "ano": "2022", "numero": "99", "tipo__sigla": "REQ", "tipo__descricao": "Requerimento", "autoria": "Genival da Sa\u00fade", "texto_original": "http://sapl.riachodasalmas.pe.leg.br/media/sapl/public/materialegislativa/2022/414/requerimento_099.2022.pdf", "ementa": "no sentido de que seja constru\u00edda uma \u00e1rea recreativa no terreno localizado per tr\u00e1s da Escola Municipal Ant\u00f4nio Severino dos Santos, no sitio Ramada de Trapi\u00e1."}, {"id": "415", "ano": "2022", "numero": "100", "tipo__sigla": "REQ", "tipo__descricao": "Requerimento", "autoria": "Genival da Sa\u00fade", "texto_original": "http://sapl.riachodasalmas.pe.leg.br/media/sapl/public/materialegislativa/2022/415/requerimento_100.2022.pdf", "ementa": "No sentido de que seja feita a extens\u00e3o da pavimenta\u00e7\u00e3o de paralelep\u00edpedos na Rua Oleg\u00e1rio coleta da casa do sr, Ant\u00f4nio Nestor at\u00e9 a frente da casa do sr. Mario na Lagoa de Tr\u00eas irm\u00e3os."}, {"id": "416", "ano": "2022", "numero": "101", "tipo__sigla": "REQ", "tipo__descricao": "Requerimento", "autoria": "Genival da Sa\u00fade", "texto_original": "http://sapl.riachodasalmas.pe.leg.br/media/sapl/public/materialegislativa/2022/416/requerimento_101.2022.pdf", "ementa": "No sentido de que seja feita a extens\u00e3o da pavimenta\u00e7\u00e3o em paralelep\u00edpedos na Travessa Jos\u00e9 Felismino at\u00e9 a Rua Nivaldo Ferreira da Silva no bairro Celestino Ferreira."}, {"id": "417", "ano": "2022", "numero": "102", "tipo__sigla": "REQ", "tipo__descricao": "Requerimento", "autoria": "Genival da Sa\u00fade", "texto_original": "http://sapl.riachodasalmas.pe.leg.br/media/sapl/public/materialegislativa/2022/417/requerimento_102.2022.pdf", "ementa": "No sentido de que seja colocado uma lumin\u00e1ria de Led no paste na entrada da rua Celestino Ferreira pr\u00f3ximo a casa do sr. Nailson."}, {"id": "418", "ano": "2022", "numero": "103", "tipo__sigla": "REQ", "tipo__descricao": "Requerimento", "autoria": "Genival da Sa\u00fade", "texto_original": "http://sapl.riachodasalmas.pe.leg.br/media/sapl/public/materialegislativa/2022/418/requerimento_103.2022.pdf", "ementa": "No sentido de que seja realizada a manuten\u00e7\u00e3o da passagem molhada no sitio Bento, pr\u00f3ximo a casa da sra. Rita."}, {"id": "419", "ano": "2022", "numero": "104", "tipo__sigla": "REQ", "tipo__descricao": "Requerimento", "autoria": "Genival da Sa\u00fade", "texto_original": "http://sapl.riachodasalmas.pe.leg.br/media/sapl/public/materialegislativa/2022/419/requerimento_104.2022.pdf", "ementa": "No sentido de que seja constru\u00edda uma passagem molhada na estrada que liga Trapi\u00e1 a Placas de de Frei Miguelinho, pelo Rio Capibaribe."}, {"id": "420", "ano": "2022", "numero": "105", "tipo__sigla": "REQ", "tipo__descricao": "Requerimento", "autoria": "Genival da Sa\u00fade", "texto_original": "http://sapl.riachodasalmas.pe.leg.br/media/sapl/public/materialegislativa/2022/420/requerimento_105.2022.pdf", "ementa": "No sentido de que seja feita a pavimenta\u00e7\u00e3o asf\u00e1ltica das Avenidas Ant\u00f4nio Rosendo de Lima e Artur Rosendo de Lima, localizadas na Vila Trapi\u00e1."}, {"id": "421", "ano": "2022", "numero": "106", "tipo__sigla": "REQ", "tipo__descricao": "Requerimento", "autoria": "Genival da Sa\u00fade", "texto_original": "http://sapl.riachodasalmas.pe.leg.br/media/sapl/public/materialegislativa/2022/421/requerimento_106.2022.pdf", "ementa": "No sentido de que seja contratado um m\u00e9dico vascular para atendimento na cidade."}, {"id": "422", "ano": "2022", "numero": "107", "tipo__sigla": "REQ", "tipo__descricao": "Requerimento", "autoria": "Genival da Sa\u00fade", "texto_original": "http://sapl.riachodasalmas.pe.leg.br/media/sapl/public/materialegislativa/2022/422/requerimento_107.2022.pdf", "ementa": "No sentido de que seja contratada uma t\u00e9cnica de enfermagem para a vila de Trapi\u00e1."}, {"id": "423", "ano": "2022", "numero": "108", "tipo__sigla": "REQ", "tipo__descricao": "Requerimento", "autoria": "Vandilson Barbeiro", "texto_original": "http://sapl.riachodasalmas.pe.leg.br/media/sapl/public/materialegislativa/2022/423/requerimento_108.2022.pdf", "ementa": "No sentido de que seja constru\u00edda uma parada de \u00f4nibus pr\u00f3ximo a casa do sr. Arlindo da laranja, no Sitio Alto dos Mo\u00e7os, nesta cidade"}, {"id": "424", "ano": "2022", "numero": "109", "tipo__sigla": "REQ", "tipo__descricao": "Requerimento", "autoria": "Genival da Sa\u00fade", "texto_original": "http://sapl.riachodasalmas.pe.leg.br/media/sapl/public/materialegislativa/2022/424/requerimento_109.2022.pdf", "ementa": "no sentido de que seja constru\u00edda uma unidade de Sa\u00fade da Fam\u00edlia - UBS no sitio Bento , zona rural deste munic\u00edpio."}, {"id": "425", "ano": "2022", "numero": "110", "tipo__sigla": "REQ", "tipo__descricao": "Requerimento", "autoria": "Genival da Sa\u00fade", "texto_original": "http://sapl.riachodasalmas.pe.leg.br/media/sapl/public/materialegislativa/2022/425/requerimento_110.2022.pdf", "ementa": "No sentido de que seja feita a pavimenta\u00e7\u00e3o em paralelep\u00edpedos na rua do curral, por tr\u00e1s do a\u00e7ougue pulico da Vila de Trapi\u00e1."}, {"id": "426", "ano": "2022", "numero": "111", "tipo__sigla": "REQ", "tipo__descricao": "Requerimento", "autoria": "Genival da Sa\u00fade", "texto_original": "http://sapl.riachodasalmas.pe.leg.br/media/sapl/public/materialegislativa/2022/426/requerimento_111.2022.pdf", "ementa": "No sentido de que seja feito o sistema de esgoto sanit\u00e1rio na rua do curral, per tr\u00e1s do a\u00e7ougue p\u00fablico na Vila de Trapi\u00e1."}, {"id": "427", "ano": "2022", "numero": "112", "tipo__sigla": "REQ", "tipo__descricao": "Requerimento", "autoria": "Genival da Sa\u00fade", "texto_original": "http://sapl.riachodasalmas.pe.leg.br/media/sapl/public/materialegislativa/2022/427/requerimento_112.2022.pdf", "ementa": "No sentido de que seja solucionado o abastecimento do sitio Ramada de Trapi\u00e1 e lagoa de Tr\u00eas irm\u00e3os."}, {"id": "428", "ano": "2022", "numero": "113", "tipo__sigla": "REQ", "tipo__descricao": "Requerimento", "autoria": "Genival da Sa\u00fade", "texto_original": "http://sapl.riachodasalmas.pe.leg.br/media/sapl/public/materialegislativa/2022/428/requerimento_113.2022.pdf", "ementa": "No sentido de trazer mais seguran\u00e7a para a Vila de Trapi\u00e1, neste munic\u00edpio."}, {"id": "429", "ano": "2022", "numero": "114", "tipo__sigla": "REQ", "tipo__descricao": "Requerimento", "autoria": "Kaio Bezerra", "texto_original": "http://sapl.riachodasalmas.pe.leg.br/media/sapl/public/materialegislativa/2022/429/requerimento_114.2022.pdf", "ementa": "No sentido de que seja feita uma reforma na UBS da Vila do Vitorino."}, {"id": "430", "ano": "2022", "numero": "115", "tipo__sigla": "REQ", "tipo__descricao": "Requerimento", "autoria": "Kaio Bezerra", "texto_original": "http://sapl.riachodasalmas.pe.leg.br/media/sapl/public/materialegislativa/2022/430/requerimento_115.2022.pdf", "ementa": "No sentido de que seja feita uma reforma na Escola Municipal Luiz Francisco da Silva na Vila Vitorino."}, {"id": "431", "ano": "2022", "numero": "116", "tipo__sigla": "REQ", "tipo__descricao": "Requerimento", "autoria": "Kaio Bezerra", "texto_original": "http://sapl.riachodasalmas.pe.leg.br/media/sapl/public/materialegislativa/2022/431/requerimento_116.2022.pdf", "ementa": "No sentido de que sejam feitas reformas estruturais no C\\/T da Vila do Vitorino."}, {"id": "432", "ano": "2022", "numero": "117", "tipo__sigla": "REQ", "tipo__descricao": "Requerimento", "autoria": "Kaio Bezerra", "texto_original": "http://sapl.riachodasalmas.pe.leg.br/media/sapl/public/materialegislativa/2022/432/requerimento_117.2022.pdf", "ementa": "No sentido de que seja constru\u00edda uma nova escola municipal na Vila do Vitorino."}, {"id": "433", "ano": "2022", "numero": "118", "tipo__sigla": "REQ", "tipo__descricao": "Requerimento", "autoria": "Kaio Bezerra", "texto_original": "http://sapl.riachodasalmas.pe.leg.br/media/sapl/public/materialegislativa/2022/433/requerimento_118.2022.pdf", "ementa": "No sentido de que seja constru\u00edda uma creche na Vila do Vitorino."}, {"id": "434", "ano": "2022", "numero": "119", "tipo__sigla": "REQ", "tipo__descricao": "Requerimento", "autoria": "Kaio Bezerra", "texto_original": "http://sapl.riachodasalmas.pe.leg.br/media/sapl/public/materialegislativa/2022/434/requerimento_119.2022.pdf", "ementa": "No sentido de que seja constru\u00eddo um p\u00f3rtico na entrada localizado as margens da PE - 95, que da acesso a Vila do Vitorino."}, {"id": "435", "ano": "2022", "numero": "120", "tipo__sigla": "REQ", "tipo__descricao": "Requerimento", "autoria": "Kaio Bezerra", "texto_original": "http://sapl.riachodasalmas.pe.leg.br/media/sapl/public/materialegislativa/2022/435/requerimento_120.2022.pdf", "ementa": "No sentido de que seja feita a pavimenta\u00e7\u00e3o em paralelep\u00edpedos do Povoado do Cajueiro."}, {"id": "436", "ano": "2022", "numero": "121", "tipo__sigla": "REQ", "tipo__descricao": "Requerimento", "autoria": "Kaio Bezerra", "texto_original": "http://sapl.riachodasalmas.pe.leg.br/media/sapl/public/materialegislativa/2022/436/requerimento_121.2022.pdf", "ementa": "No sentido de que seja feita a conclus\u00e3o da pavimenta\u00e7\u00e3o em paralelepipedos na Vila Atalaia."}, {"id": "437", "ano": "2022", "numero": "122", "tipo__sigla": "REQ", "tipo__descricao": "Requerimento", "autoria": "Kaio Bezerra", "texto_original": "http://sapl.riachodasalmas.pe.leg.br/media/sapl/public/materialegislativa/2022/437/requerimento_122.2022.pdf", "ementa": "No sentido de que sejam reformados os pontos de \u00f4nibus j\u00e1 existentes as margens da PE -95."}, {"id": "438", "ano": "2022", "numero": "123", "tipo__sigla": "REQ", "tipo__descricao": "Requerimento", "autoria": "Kaio Bezerra", "texto_original": "http://sapl.riachodasalmas.pe.leg.br/media/sapl/public/materialegislativa/2022/438/requerimento_123.2022.pdf", "ementa": "no sentido de que seja instalada uma antena de Telefonia movel na Vila Palmatoria."}, {"id": "439", "ano": "2022", "numero": "124", "tipo__sigla": "REQ", "tipo__descricao": "Requerimento", "autoria": "Kaio Bezerra", "texto_original": "http://sapl.riachodasalmas.pe.leg.br/media/sapl/public/materialegislativa/2022/439/requerimento_124.2022.pdf", "ementa": "No sentido de que seja constru\u00edda uma UBS na Vila Patos."}, {"id": "440", "ano": "2022", "numero": "125", "tipo__sigla": "REQ", "tipo__descricao": "Requerimento", "autoria": "Kaio Bezerra", "texto_original": "http://sapl.riachodasalmas.pe.leg.br/media/sapl/public/materialegislativa/2022/440/requerimento_125.2022.pdf", "ementa": "No sentido de que seja constru\u00edda uma nova escola municipal na Vila Patos."}, {"id": "441", "ano": "2022", "numero": "126", "tipo__sigla": "REQ", "tipo__descricao": "Requerimento", "autoria": "Kaio Bezerra", "texto_original": "http://sapl.riachodasalmas.pe.leg.br/media/sapl/public/materialegislativa/2022/441/requerimento_126.2022.pdf", "ementa": "No sentido de que seja instalado uma antena de Telefonia M\u00f3vel na Vila Patos."}, {"id": "442", "ano": "2022", "numero": "127", "tipo__sigla": "REQ", "tipo__descricao": "Requerimento", "autoria": "Kaio Bezerra", "texto_original": "http://sapl.riachodasalmas.pe.leg.br/media/sapl/public/materialegislativa/2022/442/requerimento_127.2022.pdf", "ementa": "No sentido de que seja reformada a UBS da Vila Rangel."}, {"id": "443", "ano": "2022", "numero": "128", "tipo__sigla": "REQ", "tipo__descricao": "Requerimento", "autoria": "Kaio Bezerra", "texto_original": "http://sapl.riachodasalmas.pe.leg.br/media/sapl/public/materialegislativa/2022/443/requerimento_128.2022.pdf", "ementa": "No sentido de que seja feita a aquisi\u00e7\u00e3o de uma ambul\u00e2ncia para a Vila Rangel."}, {"id": "444", "ano": "2022", "numero": "129", "tipo__sigla": "REQ", "tipo__descricao": "Requerimento", "autoria": "Kaio Bezerra", "texto_original": "http://sapl.riachodasalmas.pe.leg.br/media/sapl/public/materialegislativa/2022/444/requerimento_129.2022.pdf", "ementa": "No sentido de que seja feita a pavimenta\u00e7\u00e3o em paralelep\u00edpedos em frente a igreja cat\u00f3lica do Sitio Lagoa de Tr\u00eas irm\u00e3os."}, {"id": "445", "ano": "2022", "numero": "130", "tipo__sigla": "REQ", "tipo__descricao": "Requerimento", "autoria": "Kaio Bezerra", "texto_original": "http://sapl.riachodasalmas.pe.leg.br/media/sapl/public/materialegislativa/2022/445/requerimento_130.2022.pdf", "ementa": "No sentido de que seja constru\u00edda uma UBS no sitio Lagoa de Tr\u00eas lrm\u00e3os."}, {"id": "446", "ano": "2022", "numero": "131", "tipo__sigla": "REQ", "tipo__descricao": "Requerimento", "autoria": "Kaio Bezerra", "texto_original": "http://sapl.riachodasalmas.pe.leg.br/media/sapl/public/materialegislativa/2022/446/requerimento_131.2022.pdf", "ementa": "No sentido de que seja constru\u00edda uma pra\u00e7a p\u00fablica no sitio Lagoa de Tr\u00eas Irm\u00e3os."}, {"id": "447", "ano": "2022", "numero": "132", "tipo__sigla": "REQ", "tipo__descricao": "Requerimento", "autoria": "Kaio Bezerra", "texto_original": "http://sapl.riachodasalmas.pe.leg.br/media/sapl/public/materialegislativa/2022/447/requerimento_132.2022.pdf", "ementa": "No sentido de criar gabinetes para os vereadores desta Casa Legislativa."}, {"id": "448", "ano": "2022", "numero": "133", "tipo__sigla": "REQ", "tipo__descricao": "Requerimento", "autoria": "Kaio Bezerra", "texto_original": "http://sapl.riachodasalmas.pe.leg.br/media/sapl/public/materialegislativa/2022/448/requerimento_133.2022.pdf", "ementa": "No sentido de que seja feita uma reforma estrutural na UBS da Vila Pinh\u00f5es."}, {"id": "449", "ano": "2022", "numero": "134", "tipo__sigla": "REQ", "tipo__descricao": "Requerimento", "autoria": "Kaio Bezerra", "texto_original": "http://sapl.riachodasalmas.pe.leg.br/media/sapl/public/materialegislativa/2022/449/requerimento_134.2022.pdf", "ementa": "No sentido de que seja uma reforma estrutural na UBS da Couro Dantas."}, {"id": "450", "ano": "2022", "numero": "135", "tipo__sigla": "REQ", "tipo__descricao": "Requerimento", "autoria": "Kaio Bezerra", "texto_original": "http://sapl.riachodasalmas.pe.leg.br/media/sapl/public/materialegislativa/2022/450/requerimento_135.2022.pdf", "ementa": "No sentido de que seja feita uma reforma estrutural no Balne\u00e1rio da Vila Couro Dantas."}, {"id": "451", "ano": "2022", "numero": "136", "tipo__sigla": "REQ", "tipo__descricao": "Requerimento", "autoria": "Kaio Bezerra", "texto_original": "http://sapl.riachodasalmas.pe.leg.br/media/sapl/public/materialegislativa/2022/451/requerimento_136.2022.pdf", "ementa": "No sentido de que seja feita uma reforma estrutural na Academia das Cidades, nesta cidade."}, {"id": "452", "ano": "2022", "numero": "137", "tipo__sigla": "REQ", "tipo__descricao": "Requerimento", "autoria": "Kaio Bezerra", "texto_original": "http://sapl.riachodasalmas.pe.leg.br/media/sapl/public/materialegislativa/2022/452/requerimento_137.2022.pdf", "ementa": "No sentido de que seja feita uma reforma estrutural no a\u00e7ougue p\u00fablico municipal, nesta cidade."}, {"id": "453", "ano": "2022", "numero": "138", "tipo__sigla": "REQ", "tipo__descricao": "Requerimento", "autoria": "Kaio Bezerra", "texto_original": "http://sapl.riachodasalmas.pe.leg.br/media/sapl/public/materialegislativa/2022/453/requerimento_138.2022.pdf", "ementa": "No sentido de que sejam constru\u00eddos dois p\u00f3rticos nas entradas de acesso a cidade de Riacho das Almas."}, {"id": "454", "ano": "2022", "numero": "139", "tipo__sigla": "REQ", "tipo__descricao": "Requerimento", "autoria": "Kaio Bezerra", "texto_original": "http://sapl.riachodasalmas.pe.leg.br/media/sapl/public/materialegislativa/2022/454/requerimento_139.2022.pdf", "ementa": "No sentido de que seja feita uma reforma e limpeza no canal da Salina, nesta cidade."}, {"id": "455", "ano": "2022", "numero": "140", "tipo__sigla": "REQ", "tipo__descricao": "Requerimento", "autoria": "Kaio Bezerra", "texto_original": "http://sapl.riachodasalmas.pe.leg.br/media/sapl/public/materialegislativa/2022/455/requerimento_140.2022.pdf", "ementa": "No sentido de que sejam contratados profissionais da \u00e1rea de psicologia e servi\u00e7o social para compor o quadro da Secretaria de Educa\u00e7\u00e3o."}, {"id": "456", "ano": "2022", "numero": "141", "tipo__sigla": "REQ", "tipo__descricao": "Requerimento", "autoria": "Kaio Bezerra", "texto_original": "http://sapl.riachodasalmas.pe.leg.br/media/sapl/public/materialegislativa/2022/456/requerimento_141.2022.pdf", "ementa": "No sentido de providenciar as obras estruturais e a libera\u00e7\u00e3o do loteamento Novo Lar, pr\u00f3ximo ao bairro Celestino Ferreira."}, {"id": "457", "ano": "2022", "numero": "142", "tipo__sigla": "REQ", "tipo__descricao": "Requerimento", "autoria": "Kaio Bezerra", "texto_original": "http://sapl.riachodasalmas.pe.leg.br/media/sapl/public/materialegislativa/2022/457/requerimento_142.2022.pdf", "ementa": "No sentido de que sejam instalados postes e lumin\u00e1rias no per\u00edmetro urbano que liga as ruas Jo\u00e3o Quirino a Oleg\u00e1rio Coleta, na Vila Trapi\u00e1."}, {"id": "459", "ano": "2022", "numero": "144", "tipo__sigla": "REQ", "tipo__descricao": "Requerimento", "autoria": "Kaio Bezerra", "texto_original": "http://sapl.riachodasalmas.pe.leg.br/media/sapl/public/materialegislativa/2022/459/requerimento_144.2022.pdf", "ementa": "No sentido de implantar junto a Secretaria de Educa\u00e7\u00e3o um cursinho pr\u00e9-vestibular e preparat\u00f3rio para a exame nacional de ensino m\u00e9dio - ENEM em\r\nnossa rede municipal de ensino."}, {"id": "460", "ano": "2022", "numero": "145", "tipo__sigla": "REQ", "tipo__descricao": "Requerimento", "autoria": "Kaio Bezerra", "texto_original": "http://sapl.riachodasalmas.pe.leg.br/media/sapl/public/materialegislativa/2022/460/requerimento_145.2022.pdf", "ementa": "No sentido de disponibilizar a troca das cruzetas do modelo ``T\" para o modelo ``L\" nos postes a seguir enumerados, Localizados na Vila de Trapi\u00e1, zona rural do munic\u00edpio de Riacho das Almas/PE."}, {"id": "461", "ano": "2022", "numero": "146", "tipo__sigla": "REQ", "tipo__descricao": "Requerimento", "autoria": "Kaio Bezerra", "texto_original": "http://sapl.riachodasalmas.pe.leg.br/media/sapl/public/materialegislativa/2022/461/requerimento_146.2022.pdf", "ementa": "No sentido de locar ou adquirir um veiculo para promover o transporte de pessoas com defici\u00eancias f\u00edsicas para fazer o tratamento fisioterapico em\r\nnosso munic\u00edpio."}, {"id": "462", "ano": "2022", "numero": "147", "tipo__sigla": "REQ", "tipo__descricao": "Requerimento", "autoria": "Kaio Bezerra", "texto_original": "http://sapl.riachodasalmas.pe.leg.br/media/sapl/public/materialegislativa/2022/462/requerimento_147.2022.pdf", "ementa": "No sentido de que seja colocado um totem de concreto com canteiro de plantas e refletores para ilumina\u00e7\u00e3o, al\u00e9m do nome \" S\u00edtio Cajueiro\" na entrada do referido sitio, neste munic\u00edpio."}, {"id": "463", "ano": "2022", "numero": "148", "tipo__sigla": "REQ", "tipo__descricao": "Requerimento", "autoria": "Kaio Bezerra", "texto_original": "http://sapl.riachodasalmas.pe.leg.br/media/sapl/public/materialegislativa/2022/463/requerimento_148.2022.pdf", "ementa": "No sentido de que sejam instaladas placas de sinaliza\u00e7\u00e3o de  \u00e1rea escolar e que seja feita uma faixa de pedestres em frente a Escola Luiz Francisco da\r\nSilva, na Vila Vitorino."}, {"id": "464", "ano": "2022", "numero": "149", "tipo__sigla": "REQ", "tipo__descricao": "Requerimento", "autoria": "Kaio Bezerra", "texto_original": "http://sapl.riachodasalmas.pe.leg.br/media/sapl/public/materialegislativa/2022/464/requerimento_149.2022.pdf", "ementa": "No sentido de que seja feita a pavimenta\u00e7\u00e3o asf\u00e1ltica nas ruas Agamenon Magalh\u00e3es, Conego Ant\u00f4nio Faustino e Jos\u00e9 Felismino, nesta cidade."}, {"id": "465", "ano": "2022", "numero": "150", "tipo__sigla": "REQ", "tipo__descricao": "Requerimento", "autoria": "Jos\u00e9 Welder Ferreira", "texto_original": "http://sapl.riachodasalmas.pe.leg.br/media/sapl/public/materialegislativa/2022/465/requerimento_150.2022.pdf", "ementa": "No sentido de implantar um poste de ilumina\u00e7\u00e3o p\u00fablica nas proximidades do canteiro central de fronte a Casa Real Recep\u00e7\u00f5es, entre a Rua da Saudade e a Rua Jos\u00e9 Felismiho."}, {"id": "466", "ano": "2022", "numero": "151", "tipo__sigla": "REQ", "tipo__descricao": "Requerimento", "autoria": "Jos\u00e9 Welder Ferreira", "texto_original": "http://sapl.riachodasalmas.pe.leg.br/media/sapl/public/materialegislativa/2022/466/requerimento_151.2022.pdf", "ementa": "No sentido de que seja recuperada a lombada em frente a casa de Valter do gesso, na rua Floro Alves."}, {"id": "467", "ano": "2022", "numero": "152", "tipo__sigla": "REQ", "tipo__descricao": "Requerimento", "autoria": "Jos\u00e9 Welder Ferreira", "texto_original": "http://sapl.riachodasalmas.pe.leg.br/media/sapl/public/materialegislativa/2022/467/requerimento_152.2022.pdf", "ementa": "No sentido de que seja feita a limpeza dos canais e riachos no entorno da cidade."}, {"id": "468", "ano": "2022", "numero": "153", "tipo__sigla": "REQ", "tipo__descricao": "Requerimento", "autoria": "Jos\u00e9 Welder Ferreira", "texto_original": "http://sapl.riachodasalmas.pe.leg.br/media/sapl/public/materialegislativa/2022/468/requerimento_153.2022.pdf", "ementa": "No sentido de que seja feita a reposi\u00e7\u00e3o de cal\u00e7amento na Rua Jos\u00e9 Felismino."}, {"id": "469", "ano": "2022", "numero": "154", "tipo__sigla": "REQ", "tipo__descricao": "Requerimento", "autoria": "Jos\u00e9 Welder Ferreira", "texto_original": "http://sapl.riachodasalmas.pe.leg.br/media/sapl/public/materialegislativa/2022/469/requerimento_154.2022.pdf", "ementa": "No sentido de que sejam instaladas telas ou redes de prote\u00e7\u00e3o por tr\u00e1s das barras na quadra da Academia das Cidades, nesta cidade."}, {"id": "470", "ano": "2022", "numero": "155", "tipo__sigla": "REQ", "tipo__descricao": "Requerimento", "autoria": "Jos\u00e9 Welder Ferreira", "texto_original": "http://sapl.riachodasalmas.pe.leg.br/media/sapl/public/materialegislativa/2022/470/requerimento_155.2022.pdf", "ementa": "No sentido de que seja feita uma reforma e pintura no espa\u00e7o Kids na Academia das Cidades, nesta cidade."}, {"id": "471", "ano": "2022", "numero": "156", "tipo__sigla": "REQ", "tipo__descricao": "Requerimento", "autoria": "Jos\u00e9 Welder Ferreira", "texto_original": "http://sapl.riachodasalmas.pe.leg.br/media/sapl/public/materialegislativa/2022/471/requerimento_156.2022.pdf", "ementa": "No sentido de feita uma reforma e pintura do espa\u00e7o Fitness na Academia das Cidades, nesta cidade."}, {"id": "472", "ano": "2022", "numero": "157", "tipo__sigla": "REQ", "tipo__descricao": "Requerimento", "autoria": "Jos\u00e9 Welder Ferreira", "texto_original": "http://sapl.riachodasalmas.pe.leg.br/media/sapl/public/materialegislativa/2022/472/requerimento_157.2022.pdf", "ementa": "No sentido de que seja feita uma revitaliza\u00e7\u00e3o nos moldes do Beco de lnacio de Lica, no Beco do sindicato, na Rua Anacleto Braz."}, {"id": "473", "ano": "2022", "numero": "158", "tipo__sigla": "REQ", "tipo__descricao": "Requerimento", "autoria": "Jos\u00e9 Welder Ferreira", "texto_original": "http://sapl.riachodasalmas.pe.leg.br/media/sapl/public/materialegislativa/2022/473/requerimento_158.2022.pdf", "ementa": "No sentido de que seja implantada uma grade de prote\u00e7\u00e3o, cal\u00e7adas laterais e um sistema de ilumina\u00e7\u00e3o na ponte pr\u00f3ximo ao cemit\u00e9rio da cidade."}, {"id": "474", "ano": "2022", "numero": "159", "tipo__sigla": "REQ", "tipo__descricao": "Requerimento", "autoria": "Jos\u00e9 Welder Ferreira", "texto_original": "http://sapl.riachodasalmas.pe.leg.br/media/sapl/public/materialegislativa/2022/474/requerimento_159.2022.pdf", "ementa": "No sentido de que os servi\u00e7os de castra\u00e7\u00e3o sejam priorit\u00e1rios para animais de rua."}, {"id": "475", "ano": "2022", "numero": "160", "tipo__sigla": "REQ", "tipo__descricao": "Requerimento", "autoria": "Jos\u00e9 Welder Ferreira", "texto_original": "http://sapl.riachodasalmas.pe.leg.br/media/sapl/public/materialegislativa/2022/475/requerimento_160.2022.pdf", "ementa": "No sentido de que seja criado um abrigo para acolhimento dos animais de rua."}, {"id": "476", "ano": "2022", "numero": "161", "tipo__sigla": "REQ", "tipo__descricao": "Requerimento", "autoria": "Jos\u00e9 Welder Ferreira", "texto_original": "http://sapl.riachodasalmas.pe.leg.br/media/sapl/public/materialegislativa/2022/476/requerimento_161.2022.pdf", "ementa": "No sentido de que sejam feitas manuten\u00e7\u00f5es nas lumin\u00e1rias e substitui\u00e7\u00f5es de l\u00e2mpadas queimadas na cidade."}, {"id": "477", "ano": "2022", "numero": "162", "tipo__sigla": "REQ", "tipo__descricao": "Requerimento", "autoria": "Jos\u00e9 Welder Ferreira", "texto_original": "http://sapl.riachodasalmas.pe.leg.br/media/sapl/public/materialegislativa/2022/477/requerimento_162.2022.pdf", "ementa": "No sentido de que seja feita uma revitaliza\u00e7\u00e3o na pra\u00e7a Dr. Manoel Borba, localizada no centre da cidade."}, {"id": "478", "ano": "2022", "numero": "163", "tipo__sigla": "REQ", "tipo__descricao": "Requerimento", "autoria": "Jos\u00e9 Welder Ferreira", "texto_original": "http://sapl.riachodasalmas.pe.leg.br/media/sapl/public/materialegislativa/2022/478/requerimento_163.2022.pdf", "ementa": "No sentido de que sejam doados fardamentos (bon\u00e9s, botinas e jalecos) para uso dos marchantes do a\u00e7ougue p\u00fablico em nossa cidade."}, {"id": "479", "ano": "2022", "numero": "164", "tipo__sigla": "REQ", "tipo__descricao": "Requerimento", "autoria": "Jos\u00e9 Welder Ferreira", "texto_original": "http://sapl.riachodasalmas.pe.leg.br/media/sapl/public/materialegislativa/2022/479/requerimento_164.2022.pdf", "ementa": "No sentido de que seja constru\u00eddo um canteiro central as margens da PE - 95, entre a pista de rolamento e a via de acesso local a Cohab."}, {"id": "480", "ano": "2022", "numero": "165", "tipo__sigla": "REQ", "tipo__descricao": "Requerimento", "autoria": "Jos\u00e9 Welder Ferreira", "texto_original": "http://sapl.riachodasalmas.pe.leg.br/media/sapl/public/materialegislativa/2022/480/requerimento_165.2022.pdf", "ementa": "No sentido de providenciar a manuten\u00e7\u00e3o de uma lombada em frente a casa do sr. Bega e implanta\u00e7\u00e3o de outra ao lado da casa da sra. Lulu , na Agamenon Magalh\u00e3es, nesta cidade."}, {"id": "481", "ano": "2022", "numero": "166", "tipo__sigla": "REQ", "tipo__descricao": "Requerimento", "autoria": "Jos\u00e9 Welder Ferreira", "texto_original": "http://sapl.riachodasalmas.pe.leg.br/media/sapl/public/materialegislativa/2022/481/requerimento_166.2022.pdf", "ementa": "No sentido de que seja enviado a Casa Legislativa Jo\u00e3o Soares o mais breve poss\u00edvel o Projeto de Lei que reajusta o piso salarial dos professores do munic\u00edpio."}, {"id": "482", "ano": "2022", "numero": "167", "tipo__sigla": "REQ", "tipo__descricao": "Requerimento", "autoria": "Jos\u00e9 Welder Ferreira", "texto_original": "http://sapl.riachodasalmas.pe.leg.br/media/sapl/public/materialegislativa/2022/482/requerimento_167.2022.pdf", "ementa": "No sentido de que sejam feitos reparos nas grades de ferro na quadra da Escola Santos Cardoso, na Vila Pihh\u00f5es."}, {"id": "483", "ano": "2022", "numero": "168", "tipo__sigla": "REQ", "tipo__descricao": "Requerimento", "autoria": "Jos\u00e9 Welder Ferreira", "texto_original": "http://sapl.riachodasalmas.pe.leg.br/media/sapl/public/materialegislativa/2022/483/requerimento_168.2022.pdf", "ementa": "No sentido de que seja colocado uma lixeira grande em frente ao cemit\u00e9rio."}, {"id": "484", "ano": "2022", "numero": "169", "tipo__sigla": "REQ", "tipo__descricao": "Requerimento", "autoria": "Jos\u00e9 Welder Ferreira", "texto_original": "http://sapl.riachodasalmas.pe.leg.br/media/sapl/public/materialegislativa/2022/484/requerimento_169.2022.pdf", "ementa": "No sentido de que seja feito 0 saneamento da Vila de Z\u00e9 de Cicero."}, {"id": "485", "ano": "2022", "numero": "170", "tipo__sigla": "REQ", "tipo__descricao": "Requerimento", "autoria": "Jos\u00e9 Welder Ferreira", "texto_original": "http://sapl.riachodasalmas.pe.leg.br/media/sapl/public/materialegislativa/2022/485/requerimento_170.2022.pdf", "ementa": "No sentido de que seja feita a pavimenta\u00e7\u00e3o asf\u00e1ltica na via principal da Vila de Pinh\u00f5es e requalifica\u00e7\u00e3o do canteiro central da referida Vila."}, {"id": "486", "ano": "2022", "numero": "171", "tipo__sigla": "REQ", "tipo__descricao": "Requerimento", "autoria": "Jos\u00e9 Welder Ferreira", "texto_original": "http://sapl.riachodasalmas.pe.leg.br/media/sapl/public/materialegislativa/2022/486/requerimento_171.2022.pdf", "ementa": "No sentido de que seja constru\u00edda uma mureta de prote\u00e7\u00e3o na ponte sobre o riacho pr\u00f3ximo a Vila Rangel."}, {"id": "487", "ano": "2022", "numero": "172", "tipo__sigla": "REQ", "tipo__descricao": "Requerimento", "autoria": "Dinho da Sa\u00fade", "texto_original": "http://sapl.riachodasalmas.pe.leg.br/media/sapl/public/materialegislativa/2022/487/requerimento_172.2022.pdf", "ementa": "No sentido de que seja feita a amplia\u00e7\u00e3o da rede de saneamento na Vila Patos."}, {"id": "488", "ano": "2022", "numero": "173", "tipo__sigla": "REQ", "tipo__descricao": "Requerimento", "autoria": "Dinho da Sa\u00fade", "texto_original": "http://sapl.riachodasalmas.pe.leg.br/media/sapl/public/materialegislativa/2022/488/requerimento_173.2022.pdf", "ementa": "No sentido de que sejam feitas reformas estruturais na Escola Municipal Santos Cardoso, na Vila Pinh\u00f5es."}, {"id": "489", "ano": "2022", "numero": "174", "tipo__sigla": "REQ", "tipo__descricao": "Requerimento", "autoria": "Dinho da Sa\u00fade", "texto_original": "http://sapl.riachodasalmas.pe.leg.br/media/sapl/public/materialegislativa/2022/489/requerimento_174.2022.pdf", "ementa": "No sentido de que sejam feitas reformas estruturais no PAM, situado na Jani Mota."}, {"id": "490", "ano": "2022", "numero": "175", "tipo__sigla": "REQ", "tipo__descricao": "Requerimento", "autoria": "Dinho da Sa\u00fade", "texto_original": "http://sapl.riachodasalmas.pe.leg.br/media/sapl/public/materialegislativa/2022/490/requerimento_175.2022.pdf", "ementa": "No sentido de que sejam feitas reformas estruturais no A\u00e7ougue P\u00fablico Municipal da Vila Pinh\u00f5es."}, {"id": "491", "ano": "2022", "numero": "176", "tipo__sigla": "REQ", "tipo__descricao": "Requerimento", "autoria": "Dinho da Sa\u00fade", "texto_original": "http://sapl.riachodasalmas.pe.leg.br/media/sapl/public/materialegislativa/2022/491/requerimento_176.2022.pdf", "ementa": "No sentido de que seja colocado duas caixas de \u00e1gua de 5000L para abastecimento na Vila Patos."}, {"id": "492", "ano": "2022", "numero": "177", "tipo__sigla": "REQ", "tipo__descricao": "Requerimento", "autoria": "Dinho da Sa\u00fade", "texto_original": "http://sapl.riachodasalmas.pe.leg.br/media/sapl/public/materialegislativa/2022/492/requerimento_177.2022.pdf", "ementa": "No sentido de que seja feita a pavimenta\u00e7\u00e3o em paralelep\u00edpedos na Rua Jos\u00e9 Carlos Gomes de Lima, no bairro Cohab."}, {"id": "493", "ano": "2022", "numero": "178", "tipo__sigla": "REQ", "tipo__descricao": "Requerimento", "autoria": "Dinho da Sa\u00fade", "texto_original": "http://sapl.riachodasalmas.pe.leg.br/media/sapl/public/materialegislativa/2022/493/requerimento_178.2022.pdf", "ementa": "No sentido de que seja feita a pavimenta\u00e7\u00e3o em paralelep\u00edpedos na rua onde mora o sr. Sandro da lavanderia, na Vila Patos."}, {"id": "494", "ano": "2022", "numero": "179", "tipo__sigla": "REQ", "tipo__descricao": "Requerimento", "autoria": "Dinho da Sa\u00fade", "texto_original": "http://sapl.riachodasalmas.pe.leg.br/media/sapl/public/materialegislativa/2022/494/requerimento_179.2022.pdf", "ementa": "No sentido de que seja feita uma rede de saneamento na rua onde mora o popular sr. Nilton na Vila Patos."}, {"id": "495", "ano": "2022", "numero": "180", "tipo__sigla": "REQ", "tipo__descricao": "Requerimento", "autoria": "Dinho da Sa\u00fade", "texto_original": "http://sapl.riachodasalmas.pe.leg.br/media/sapl/public/materialegislativa/2022/495/requerimento_180.2022.pdf", "ementa": "No sentido de que seja feita a pavimeta\u00e7\u00e3o da Rua Maria Estelita da Mota, no Bairro Limeira, nesta cidade."}, {"id": "496", "ano": "2022", "numero": "181", "tipo__sigla": "REQ", "tipo__descricao": "Requerimento", "autoria": "Dinho da Sa\u00fade", "texto_original": "http://sapl.riachodasalmas.pe.leg.br/media/sapl/public/materialegislativa/2022/496/requerimento_181.2022.pdf", "ementa": "No sentido de que seja realizada a reforma na estrutura do ponto de \u00f4nibus que fica no sitio Alto dos Mo\u00e7os, em frente a casa do sr. Abel dos fogos, as margens da PE- 95, neste munic\u00edpio."}, {"id": "497", "ano": "2022", "numero": "182", "tipo__sigla": "REQ", "tipo__descricao": "Requerimento", "autoria": "Dinho da Sa\u00fade", "texto_original": "http://sapl.riachodasalmas.pe.leg.br/media/sapl/public/materialegislativa/2022/497/requerimento_182.2022.pdf", "ementa": "No sentido de que seja constru\u00edda uma UBS no Bairro Nova Esperan\u00e7a."}, {"id": "498", "ano": "2022", "numero": "183", "tipo__sigla": "REQ", "tipo__descricao": "Requerimento", "autoria": "Dinho da Sa\u00fade", "texto_original": "http://sapl.riachodasalmas.pe.leg.br/media/sapl/public/materialegislativa/2022/498/requerimento_183.2022.pdf", "ementa": "No sentido de que seja feita uma pra\u00e7a com bancos, canteiro de arvores, brinquedos e Ilumina\u00e7\u00e3o de LED No Povoado da Atalaia."}, {"id": "499", "ano": "2022", "numero": "184", "tipo__sigla": "REQ", "tipo__descricao": "Requerimento", "autoria": "Dinho da Sa\u00fade", "texto_original": "http://sapl.riachodasalmas.pe.leg.br/media/sapl/public/materialegislativa/2022/499/requerimento_184.2022.pdf", "ementa": "no sentido de que seja feita uma pra\u00e7a com bancos, canteiro de arvores, brinquedos e ilumina\u00e7\u00e3o de LED na \u00e1rea verde localizada no bairro M\u00e3e Rainha, de fronte ao Clube Pallace."}, {"id": "500", "ano": "2022", "numero": "185", "tipo__sigla": "REQ", "tipo__descricao": "Requerimento", "autoria": "Dr. Neto", "texto_original": "http://sapl.riachodasalmas.pe.leg.br/media/sapl/public/materialegislativa/2022/500/requerimento_185.2022.pdf", "ementa": "No sentido de construir um cetro de Fisioterapia e Reabilita\u00e7\u00e3o na Vila Trapi\u00e1, afim de otimizar os resultados e prognosticos dos pacientes que\r\nnecessitam desse tratamento."}, {"id": "501", "ano": "2022", "numero": "186", "tipo__sigla": "REQ", "tipo__descricao": "Requerimento", "autoria": "Dr. Neto", "texto_original": "http://sapl.riachodasalmas.pe.leg.br/media/sapl/public/materialegislativa/2022/501/requerimento_186.2022.pdf", "ementa": "No sentido de ampliar os profissionais do Centro de Reabilita\u00e7\u00e3o de Riacho das Almas, a exemplo de Terapeutas Ocupacionais e Fonoaudi\u00f3logos, afim de\r\notimizar os resultados e progn\u00f3sticos dos pacientes que necessitam dessa terceira fase do processo sa\u00fade-doen\u00e7a."}, {"id": "502", "ano": "2022", "numero": "187", "tipo__sigla": "REQ", "tipo__descricao": "Requerimento", "autoria": "Dr. Neto", "texto_original": "http://sapl.riachodasalmas.pe.leg.br/media/sapl/public/materialegislativa/2022/502/requerimento_187.2022.pdf", "ementa": "No sentido de construir uma pra\u00e7a de divers\u00e3o na Vila Patos, com equipamentos de divers\u00e3o infantil e equipamentos para socializa\u00e7\u00e3o e entretenimento da comunidade."}, {"id": "503", "ano": "2022", "numero": "188", "tipo__sigla": "REQ", "tipo__descricao": "Requerimento", "autoria": "Dr. Neto", "texto_original": "http://sapl.riachodasalmas.pe.leg.br/media/sapl/public/materialegislativa/2022/503/requerimento_188.2022.pdf", "ementa": "No sentido de construir uma pra\u00e7a no Bairro Jiquiri, no terreno localizado as margens da PE 95, com equipamentos de divers\u00e3o infantil e equipamentos para socializa\u00e7\u00e3o e entretenimento da comunidade."}, {"id": "504", "ano": "2022", "numero": "189", "tipo__sigla": "REQ", "tipo__descricao": "Requerimento", "autoria": "Dr. Neto", "texto_original": "http://sapl.riachodasalmas.pe.leg.br/media/sapl/public/materialegislativa/2022/504/requerimento_189.2022.pdf", "ementa": "No sentido de pavimentar a estrada que liga a Vila Ju\u00e1 a Vila Patos, numa log\u00edstica de otimiza\u00e7\u00e3o da malha vi\u00e1ria local."}, {"id": "505", "ano": "2022", "numero": "190", "tipo__sigla": "REQ", "tipo__descricao": "Requerimento", "autoria": "Dr. Neto", "texto_original": "http://sapl.riachodasalmas.pe.leg.br/media/sapl/public/materialegislativa/2022/505/requerimento_190.2022.pdf", "ementa": "No sentido de otimizar a estrutura de toda rede municipal de ensino afim de receber as demandas de ber\u00e7\u00e1rio."}, {"id": "506", "ano": "2022", "numero": "191", "tipo__sigla": "REQ", "tipo__descricao": "Requerimento", "autoria": "Dr. Neto", "texto_original": "http://sapl.riachodasalmas.pe.leg.br/media/sapl/public/materialegislativa/2022/506/requerimento_191.2022.pdf", "ementa": "No sentido de que seja inclu\u00eddo a ovo \"in natura\" no card\u00e1pio da merenda escolar da rede municipal de ensino."}, {"id": "507", "ano": "2022", "numero": "192", "tipo__sigla": "REQ", "tipo__descricao": "Requerimento", "autoria": "Dr. Neto", "texto_original": "http://sapl.riachodasalmas.pe.leg.br/media/sapl/public/materialegislativa/2022/507/requerimento_192.2022.pdf", "ementa": "No sentido de implantar o Programa Rem\u00e9dio em Case, que visa beneficial em especial, os idosos e pacientes acamados de Riacho das Almas, que fa\u00e7am use de medica\u00e7\u00e3o especial controlada que esteja dispon\u00edvel no RENAME (Rela\u00e7\u00e3o Nacional de Medicamentos Essenciais) e estejam devidamente cadastradas no Programa Sa\u00fade da Fam\u00edlia."}, {"id": "508", "ano": "2022", "numero": "193", "tipo__sigla": "REQ", "tipo__descricao": "Requerimento", "autoria": "Dr. Neto", "texto_original": "http://sapl.riachodasalmas.pe.leg.br/media/sapl/public/materialegislativa/2022/508/requerimento_193.2022.pdf", "ementa": "No sentido de construir uma Quadra Poliesportiva na Vila Patos."}, {"id": "509", "ano": "2022", "numero": "194", "tipo__sigla": "REQ", "tipo__descricao": "Requerimento", "autoria": "Dr. Neto", "texto_original": "http://sapl.riachodasalmas.pe.leg.br/media/sapl/public/materialegislativa/2022/509/requerimento_194.2022.pdf", "ementa": "No sentido de requalificar a Escola Municipal Janu\u00e1rio Ferreira, da Comunidade da Pend\u00eancia."}, {"id": "510", "ano": "2022", "numero": "195", "tipo__sigla": "REQ", "tipo__descricao": "Requerimento", "autoria": "Dr. Neto", "texto_original": "http://sapl.riachodasalmas.pe.leg.br/media/sapl/public/materialegislativa/2022/510/requerimento_195.2022.pdf", "ementa": "No sentido de requalificar a Terminal Rodovi\u00e1rio deste munic\u00edpio, afim de atender as necessidades urban\u00edsticas e condi\u00e7\u00f5es de transporte em Riacho\r\ndas Almas."}, {"id": "511", "ano": "2022", "numero": "196", "tipo__sigla": "REQ", "tipo__descricao": "Requerimento", "autoria": "Dr. Neto", "texto_original": "http://sapl.riachodasalmas.pe.leg.br/media/sapl/public/materialegislativa/2022/511/requerimento_196.2022.pdf", "ementa": "No sentido de firmar uma parceria com a Associa\u00e7\u00e3o de Pais e Amigos dos Excepcionais (APAE), afim de atender as necessidades terap\u00eauticas e pedag\u00f3gicas para as crian\u00e7as, jovens e adultos especiais de Riacho das Almas."}, {"id": "512", "ano": "2022", "numero": "197", "tipo__sigla": "REQ", "tipo__descricao": "Requerimento", "autoria": "Dr. Neto", "texto_original": "http://sapl.riachodasalmas.pe.leg.br/media/sapl/public/materialegislativa/2022/512/requerimento_197.2022.pdf", "ementa": "No sentido de reformar e requalificar o vel\u00f3rio municipal de Riacho das Almas."}, {"id": "513", "ano": "2022", "numero": "198", "tipo__sigla": "REQ", "tipo__descricao": "Requerimento", "autoria": "Dr. Neto", "texto_original": "http://sapl.riachodasalmas.pe.leg.br/media/sapl/public/materialegislativa/2022/513/requerimento_198.2022.pdf", "ementa": "No sentido de implantar uma piscina com acessibilidade e aquecida no Centro de Conviv\u00eancia de idosos (CCI) afim de otimizar as atividades l\u00fadicas e terap\u00eauticas para nossos idosos."}, {"id": "514", "ano": "2022", "numero": "199", "tipo__sigla": "REQ", "tipo__descricao": "Requerimento", "autoria": "Leandro da Sa\u00fade", "texto_original": "http://sapl.riachodasalmas.pe.leg.br/media/sapl/public/materialegislativa/2022/514/requerimento_199.2022.pdf", "ementa": "No sentido de que seja inclu\u00eddo no cronograma o atendimento odontol\u00f3gico m\u00f3vel no sitio Cajueiro."}, {"id": "515", "ano": "2022", "numero": "200", "tipo__sigla": "REQ", "tipo__descricao": "Requerimento", "autoria": "Vandilson Barbeiro", "texto_original": "http://sapl.riachodasalmas.pe.leg.br/media/sapl/public/materialegislativa/2022/515/requerimento_200.2022.pdf", "ementa": "No sentido de que seja finalizado o vesti\u00e1rio do campo do Sitio Guaritas ( cisterna, caixa de agua e 4 postes)."}, {"id": "516", "ano": "2022", "numero": "201", "tipo__sigla": "REQ", "tipo__descricao": "Requerimento", "autoria": "Vandilson Barbeiro", "texto_original": "http://sapl.riachodasalmas.pe.leg.br/media/sapl/public/materialegislativa/2022/516/requerimento_201.2022.pdf", "ementa": "No sentido de que seja implantada uma nova sala de lazer no Grupo Escolar do Sitio Guaritas."}, {"id": "517", "ano": "2022", "numero": "202", "tipo__sigla": "REQ", "tipo__descricao": "Requerimento", "autoria": "Vandilson Barbeiro", "texto_original": "http://sapl.riachodasalmas.pe.leg.br/media/sapl/public/materialegislativa/2022/517/requerimento_202.2022.pdf", "ementa": "No sentido de instalar uma mureta de prote\u00e7\u00e3o na passagem molhada do sitio Atalaia."}, {"id": "518", "ano": "2022", "numero": "203", "tipo__sigla": "REQ", "tipo__descricao": "Requerimento", "autoria": "Vandilson Barbeiro", "texto_original": "http://sapl.riachodasalmas.pe.leg.br/media/sapl/public/materialegislativa/2022/518/requerimento_203.2022.pdf", "ementa": "No sentido de empi\u00e7arrar   a estrada que liga a sa\u00edda de Riacho das Almas at\u00e9 o Sitio Gavi\u00e3o."}, {"id": "519", "ano": "2022", "numero": "204", "tipo__sigla": "REQ", "tipo__descricao": "Requerimento", "autoria": "Vandilson Barbeiro", "texto_original": "http://sapl.riachodasalmas.pe.leg.br/media/sapl/public/materialegislativa/2022/519/requerimento_204.2022.pdf", "ementa": "No sentido de melhorar a sinaliza\u00e7\u00e3o da PE-95."}, {"id": "520", "ano": "2022", "numero": "205", "tipo__sigla": "REQ", "tipo__descricao": "Requerimento", "autoria": "Vandilson Barbeiro", "texto_original": "http://sapl.riachodasalmas.pe.leg.br/media/sapl/public/materialegislativa/2022/520/requerimento_205.2022.pdf", "ementa": "No sentido de construir um canal no bairro Jo\u00e3o Chico com liga\u00e7\u00e3o ao canal da Salina."}, {"id": "521", "ano": "2022", "numero": "206", "tipo__sigla": "REQ", "tipo__descricao": "Requerimento", "autoria": "Vandilson Barbeiro", "texto_original": "http://sapl.riachodasalmas.pe.leg.br/media/sapl/public/materialegislativa/2022/521/requerimento_206.2022.pdf", "ementa": "No sentido de construir uma passagem molhada no Sitio Caldeir\u00e3o, pr\u00f3ximo a casa do professor Z\u00e9 Carlos, neste munic\u00edpio."}, {"id": "522", "ano": "2022", "numero": "207", "tipo__sigla": "REQ", "tipo__descricao": "Requerimento", "autoria": "Vandilson Barbeiro", "texto_original": "http://sapl.riachodasalmas.pe.leg.br/media/sapl/public/materialegislativa/2022/522/requerimento_207.2022.pdf", "ementa": "No sentido de construir uma passagem molhada na grota do bigod\u00e3o, pr\u00f3ximo a casa de Severino de Ant\u00f4nio Passinho, no sitio Cachoeira da On\u00e7a, divisa com a sitio logradouro."}, {"id": "523", "ano": "2022", "numero": "208", "tipo__sigla": "REQ", "tipo__descricao": "Requerimento", "autoria": "Vandilson Barbeiro", "texto_original": "http://sapl.riachodasalmas.pe.leg.br/media/sapl/public/materialegislativa/2022/523/requerimento_208.2022.pdf", "ementa": "No sentido de que seja implantado ventiladores nos quartos da Unidade Mista Jo\u00e3o Soares da Fonseca, neste munic\u00edpio."}, {"id": "524", "ano": "2022", "numero": "209", "tipo__sigla": "REQ", "tipo__descricao": "Requerimento", "autoria": "Vandilson Barbeiro", "texto_original": "http://sapl.riachodasalmas.pe.leg.br/media/sapl/public/materialegislativa/2022/524/requerimento_209.2022.pdf", "ementa": "No sentido de que seja feita uma reforma e substitui\u00e7\u00e3o de caixa d' \u00e1gua do po\u00e7o artesiano, pr\u00f3ximo a casa de Miro no sitio Ramada de Trapi\u00e1."}, {"id": "525", "ano": "2022", "numero": "210", "tipo__sigla": "REQ", "tipo__descricao": "Requerimento", "autoria": "Vandilson Barbeiro", "texto_original": "http://sapl.riachodasalmas.pe.leg.br/media/sapl/public/materialegislativa/2022/525/requerimento_210.2022.pdf", "ementa": "No sentido de que seja feito a solicita\u00e7\u00e3o a Celpe de altera\u00e7\u00e3o do endere\u00e7o do Sitio Lagoa dos Pinh\u00f5es, zona rural de Cumaru/PE, para sitio Lagoa dos Pinh\u00f5es, endere\u00e7o pertencente a Riacho das Almas/PE."}, {"id": "526", "ano": "2022", "numero": "211", "tipo__sigla": "REQ", "tipo__descricao": "Requerimento", "autoria": "Vandilson Barbeiro", "texto_original": "http://sapl.riachodasalmas.pe.leg.br/media/sapl/public/materialegislativa/2022/526/requerimento_211.2022.pdf", "ementa": "No sentido de que seja finalizada a reforma da Quadra da Vila Vitorino."}, {"id": "527", "ano": "2022", "numero": "212", "tipo__sigla": "REQ", "tipo__descricao": "Requerimento", "autoria": "Vandilson Barbeiro", "texto_original": "http://sapl.riachodasalmas.pe.leg.br/media/", "ementa": "No sentido de que sejam instalados refletores na quadra descoberta da Vila Vitorino."}, {"id": "528", "ano": "2022", "numero": "213", "tipo__sigla": "REQ", "tipo__descricao": "Requerimento", "autoria": "Vandilson Barbeiro", "texto_original": "http://sapl.riachodasalmas.pe.leg.br/media/sapl/public/materialegislativa/2022/528/requerimento_213.2022.pdf", "ementa": "No sentido de que seja constru\u00eddo um vesti\u00e1rio no campo do Chic\u00e3o, localizada no sitio Chic\u00e3o, neste munic\u00edpio."}, {"id": "529", "ano": "2022", "numero": "214", "tipo__sigla": "REQ", "tipo__descricao": "Requerimento", "autoria": "Vandilson Barbeiro", "texto_original": "http://sapl.riachodasalmas.pe.leg.br/media/sapl/public/materialegislativa/2022/529/requerimento_214.2022.pdf", "ementa": "No sentido de que seja realizado a pavimenta\u00e7\u00e3o em paralelep\u00edpedos da denominada rua da creche, localizada no bairro Celestino Ferreira, neste munic\u00edpio."}, {"id": "530", "ano": "2022", "numero": "215", "tipo__sigla": "REQ", "tipo__descricao": "Requerimento", "autoria": "Vandilson Barbeiro", "texto_original": "http://sapl.riachodasalmas.pe.leg.br/media/sapl/public/materialegislativa/2022/530/requerimento_215.2022.pdf", "ementa": "No sentido de que seja feito a pavimenta\u00e7\u00e3o em paralelep\u00edpedos na Travessa Agamenon Magalh\u00e3es, ao lado da casa do sr. Nejaim Corr\u00eaa, neste munic\u00edpio."}, {"id": "531", "ano": "2022", "numero": "216", "tipo__sigla": "REQ", "tipo__descricao": "Requerimento", "autoria": "Vandilson Barbeiro", "texto_original": "http://sapl.riachodasalmas.pe.leg.br/media/sapl/public/materialegislativa/2022/531/requerimento_216.2022.pdf", "ementa": "No sentido de que seja feita a limpeza do a\u00e7ude comunit\u00e1rio no Sitio Bento, pr\u00f3ximo ao Grupo Escolar."}, {"id": "532", "ano": "2022", "numero": "217", "tipo__sigla": "REQ", "tipo__descricao": "Requerimento", "autoria": "Genival da Sa\u00fade", "texto_original": "http://sapl.riachodasalmas.pe.leg.br/media/sapl/public/materialegislativa/2022/532/requerimento_217.2022.pdf", "ementa": "No sentido de que seja feita a rede de saneamento na rua projetada por tr\u00e1s do cemit\u00e9rio Frei Dami\u00e3o, na Vila Trapi\u00e1."}, {"id": "533", "ano": "2022", "numero": "218", "tipo__sigla": "REQ", "tipo__descricao": "Requerimento", "autoria": "Genival da Sa\u00fade", "texto_original": "http://sapl.riachodasalmas.pe.leg.br/media/sapl/public/materialegislativa/2022/533/requerimento_218.2022.pdf", "ementa": "No sentido de que sejam constru\u00eddas duas lombadas na Rua Geremias Ferreira de Souza, na Vila Trapi\u00e1."}, {"id": "534", "ano": "2022", "numero": "219", "tipo__sigla": "REQ", "tipo__descricao": "Requerimento", "autoria": "Vandilson Barbeiro", "texto_original": "http://sapl.riachodasalmas.pe.leg.br/media/sapl/public/materialegislativa/2022/534/requerimento_219.2022.pdf", "ementa": "No sentido de que seja feito o desassoreamento no riacho que corta o terreno do sr. Marluce, por tr\u00e1s da Coronel Joaquim Bezerra."}, {"id": "535", "ano": "2022", "numero": "220", "tipo__sigla": "REQ", "tipo__descricao": "Requerimento", "autoria": "Jos\u00e9 Welder Ferreira", "texto_original": "http://sapl.riachodasalmas.pe.leg.br/media/sapl/public/materialegislativa/2022/535/requerimento_220.2022.pdf", "ementa": "No sentido de que seja feita uma reforma e instala\u00e7\u00e3o de novos equipamentos de lazer na pra\u00e7a Joao Bernardo de Melo, de fronte a Cadeia P\u00fablica do mun\u00edcipio, no bairro Bras\u00edlia Teimosa, nesta cidade."}, {"id": "536", "ano": "2022", "numero": "221", "tipo__sigla": "REQ", "tipo__descricao": "Requerimento", "autoria": "Pastor Gustavo Lucena", "texto_original": "http://sapl.riachodasalmas.pe.leg.br/media/sapl/public/materialegislativa/2022/536/requerimento_221.2022.pdf", "ementa": "No sentido de que seja feita uma parada de \u00f4nibus no sitio Areias, pr\u00f3ximo a casa do sr. Bar\u00e3o."}, {"id": "537", "ano": "2022", "numero": "222", "tipo__sigla": "REQ", "tipo__descricao": "Requerimento", "autoria": "Junior Miranda", "texto_original": "http://sapl.riachodasalmas.pe.leg.br/media/sapl/public/materialegislativa/2022/537/requerimento_222.2022.pdf", "ementa": "No sentido de que seja feita uma canaleta na Rua Jos\u00e9 Francisco, de fronte a Adeildo do Corte."}, {"id": "538", "ano": "2022", "numero": "223", "tipo__sigla": "REQ", "tipo__descricao": "Requerimento", "autoria": "Junior Miranda", "texto_original": "http://sapl.riachodasalmas.pe.leg.br/media/sapl/public/materialegislativa/2022/538/requerimento_223.2022.pdf", "ementa": "No sentido de que seja colocado pi\u00e7arra nas entradas dos s\u00edtios Bandeira, Atalaia, Salobro e Tambor, as margens da PE 95."}, {"id": "539", "ano": "2022", "numero": "224", "tipo__sigla": "REQ", "tipo__descricao": "Requerimento", "autoria": "Junior Miranda", "texto_original": "http://sapl.riachodasalmas.pe.leg.br/media/sapl/public/materialegislativa/2022/539/requerimento_224.2022.pdf", "ementa": "No sentido de que sejam feitas mais salas no N\u00facleo da Fam\u00edlia, al\u00e9m de uma coberta na entrada do referido local."}, {"id": "540", "ano": "2022", "numero": "225", "tipo__sigla": "REQ", "tipo__descricao": "Requerimento", "autoria": "Jos\u00e9 Welder Ferreira", "texto_original": "http://sapl.riachodasalmas.pe.leg.br/media/sapl/public/materialegislativa/2022/540/requerimento_225.2022.pdf", "ementa": "No sentido de que seja feita a pavimenta\u00e7\u00e3o asf\u00e1ltica na Rua Jose Felismino, nesta cidade."}, {"id": "541", "ano": "2022", "numero": "226", "tipo__sigla": "REQ", "tipo__descricao": "Requerimento", "autoria": "Jos\u00e9 Welder Ferreira", "texto_original": "http://sapl.riachodasalmas.pe.leg.br/media/sapl/public/materialegislativa/2022/541/requerimento_226.2022.pdf", "ementa": "No sentido de que seja feita a pavimenta\u00e7\u00e3o em paralelep\u00edpedos na rua Pe. Edson, ao lado da compesa, nesta cidade."}, {"id": "542", "ano": "2022", "numero": "227", "tipo__sigla": "REQ", "tipo__descricao": "Requerimento", "autoria": "Jos\u00e9 Welder Ferreira", "texto_original": "http://sapl.riachodasalmas.pe.leg.br/media/sapl/public/materialegislativa/2022/542/requerimento_227.2022.pdf", "ementa": "No sentido de que seja criado um espa\u00e7o adequado para ai pratica esportiva de Skate (Pista e Rampa) ao lado da quadra de areia, pr\u00f3ximo ao antigo Clube Municipal."}, {"id": "543", "ano": "2022", "numero": "228", "tipo__sigla": "REQ", "tipo__descricao": "Requerimento", "autoria": "Jos\u00e9 Welder Ferreira", "texto_original": "http://sapl.riachodasalmas.pe.leg.br/media/sapl/public/materialegislativa/2022/543/requerimento_228.2022.pdf", "ementa": "No sentido de que seja feita uma adapta\u00e7\u00e3o com remarca\u00e7\u00e3o e pintura na quadra da Academia das Cidades para a pratica Basquete e Handebol, nesta cidade."}, {"id": "544", "ano": "2022", "numero": "229", "tipo__sigla": "REQ", "tipo__descricao": "Requerimento", "autoria": "Genival da Sa\u00fade", "texto_original": "http://sapl.riachodasalmas.pe.leg.br/media/sapl/public/materialegislativa/2022/544/requerimento_229.2022.pdf", "ementa": "No sentido de que sejam colocadas lixeiras em frente a casa da sra. Rosa e outra em frente a Z\u00e9 Boi, no s\u00edtio Bento."}, {"id": "545", "ano": "2022", "numero": "230", "tipo__sigla": "REQ", "tipo__descricao": "Requerimento", "autoria": "Leandro da Sa\u00fade", "texto_original": "http://sapl.riachodasalmas.pe.leg.br/media/sapl/public/materialegislativa/2022/545/requerimento_230.2022.pdf", "ementa": "No sentido de disponibilizar tratores para ara\u00e7\u00e3o de terra no Vitorino, cajueiro e s\u00edtios vizinhos."}, {"id": "546", "ano": "2022", "numero": "231", "tipo__sigla": "REQ", "tipo__descricao": "Requerimento", "autoria": "Leandro da Sa\u00fade", "texto_original": "http://sapl.riachodasalmas.pe.leg.br/media/sapl/public/materialegislativa/2022/546/requerimento_231.2022.pdf", "ementa": "No sentido de empi\u00e7arrar a estrada do Cajueiro."}, {"id": "547", "ano": "2022", "numero": "232", "tipo__sigla": "REQ", "tipo__descricao": "Requerimento", "autoria": "Nestor do Bordado", "texto_original": "http://sapl.riachodasalmas.pe.leg.br/media/sapl/public/materialegislativa/2022/547/requerimento_232.2022.pdf", "ementa": "No sentido que seja feita a requalifica\u00e7\u00e3o da Pra\u00e7a da Vila Couro Dantas."}, {"id": "548", "ano": "2022", "numero": "233", "tipo__sigla": "REQ", "tipo__descricao": "Requerimento", "autoria": "Nestor do Bordado", "texto_original": "http://sapl.riachodasalmas.pe.leg.br/media/sapl/public/materialegislativa/2022/548/requerimento_233.2022.pdf", "ementa": "No sentido que sejam instalados refletores no Campo da Vila Couro Dantas, por tr\u00e1s do bar de Heleno."}, {"id": "549", "ano": "2022", "numero": "234", "tipo__sigla": "REQ", "tipo__descricao": "Requerimento", "autoria": "", "texto_original": "http://sapl.riachodasalmas.pe.leg.br/media/sapl/public/materialegislativa/2022/549/requerimento_234.2022.pdf", "ementa": "No sentido que sejam fixadas telas de prote\u00e7\u00e3o no Campo da Vila Couro Dantas, por tr\u00e1s do bar de Helena."}, {"id": "550", "ano": "2022", "numero": "235", "tipo__sigla": "REQ", "tipo__descricao": "Requerimento", "autoria": "Vandilson Barbeiro", "texto_original": "http://sapl.riachodasalmas.pe.leg.br/media/sapl/public/materialegislativa/2022/550/requerimento_235.2022.pdf", "ementa": "No sentido que sejam recuperados os pisos dos currais localizados no Matadouro P\u00fablico da Cidade."}, {"id": "551", "ano": "2022", "numero": "236", "tipo__sigla": "REQ", "tipo__descricao": "Requerimento", "autoria": "Vandilson Barbeiro", "texto_original": "http://sapl.riachodasalmas.pe.leg.br/media/sapl/public/materialegislativa/2022/551/requerimento_236.2022.pdf", "ementa": "No sentido de que seja feita a amplia\u00e7\u00e3o da Escola Municipal Manoel Soares da Costa com a constru\u00e7\u00e3o de 3 novas salas de aula. 1 banheiro. 1 cozinha. amplia\u00e7\u00e3o da secretaria e sala dos Professores e demais espa\u00e7os, localizada no s\u00edtio Guarita. Zorra Rural, neste munic\u00edpio."}, {"id": "552", "ano": "2022", "numero": "237", "tipo__sigla": "REQ", "tipo__descricao": "Requerimento", "autoria": "Junior Miranda", "texto_original": "http://sapl.riachodasalmas.pe.leg.br/media/sapl/public/materialegislativa/2022/552/requerimento_237.2022.pdf", "ementa": "No sentido de que seja feita a pavimenta\u00e7\u00e3o da Rua ao lado de Pedro do Bar, na Cohab."}, {"id": "553", "ano": "2022", "numero": "238", "tipo__sigla": "REQ", "tipo__descricao": "Requerimento", "autoria": "Vandilson Barbeiro", "texto_original": "http://sapl.riachodasalmas.pe.leg.br/media/sapl/public/materialegislativa/2022/553/requerimento_238.2022.pdf", "ementa": "No sentido de que seja constru\u00eddo dois quebra-molas na Rua Barnab\u00e9  Lu\u00eds da Silva, Localizada no Bairro Nova Esperan\u00e7a, Zona Urbana, neste munic\u00edpio."}, {"id": "554", "ano": "2022", "numero": "239", "tipo__sigla": "REQ", "tipo__descricao": "Requerimento", "autoria": "Dinho da Sa\u00fade", "texto_original": "http://sapl.riachodasalmas.pe.leg.br/media/sapl/public/materialegislativa/2022/554/requerimento_239.2022.pdf", "ementa": "No sentido de que seja implantado na rede de ensino municipal a oferta de cursos e oficinas com Interprete de Libras."}, {"id": "555", "ano": "2022", "numero": "240", "tipo__sigla": "REQ", "tipo__descricao": "Requerimento", "autoria": "Vandilson Barbeiro", "texto_original": "http://sapl.riachodasalmas.pe.leg.br/media/sapl/public/materialegislativa/2022/555/requerimento_240.2022.pdf", "ementa": "No sentido de que seja feita a recupera\u00e7\u00e3o do cal\u00e7amento de fronte ao estabelecimento do senhor Erondir, situado a Rua Jos\u00e9 Felismino, Zona Urbana, neste munic\u00edpio."}, {"id": "556", "ano": "2022", "numero": "241", "tipo__sigla": "REQ", "tipo__descricao": "Requerimento", "autoria": "Vandilson Barbeiro", "texto_original": "http://sapl.riachodasalmas.pe.leg.br/media/sapl/public/materialegislativa/2022/556/requerimento_241.2022.pdf", "ementa": "No sentido de que seja feito o desentupimento das bueiras da ponte pr\u00f3ximo a casa do sr. Manoel cabloco, Localizada no Sitio Ramada de Trapi\u00e1, Zona\r\nrural, neste mun\u00edcipio."}, {"id": "558", "ano": "2022", "numero": "243", "tipo__sigla": "REQ", "tipo__descricao": "Requerimento", "autoria": "Dinho da Sa\u00fade", "texto_original": "http://sapl.riachodasalmas.pe.leg.br/media/sapl/public/materialegislativa/2022/558/requerimento_243.2022.pdf", "ementa": "No sentido de que seja implantado trocadores/frald\u00e1rios nas Unidades de Sa\u00fade e Hospital do nosso munic\u00edpio."}, {"id": "559", "ano": "2022", "numero": "244", "tipo__sigla": "REQ", "tipo__descricao": "Requerimento", "autoria": "Dr. Neto", "texto_original": "http://sapl.riachodasalmas.pe.leg.br/media/sapl/public/materialegislativa/2022/559/requerimento_244.2022.pdf", "ementa": "No sentido de que seja feito o cal\u00e7amento ou na impossibilidade deste, o pi\u00e7arra mento das ladeiras que d\u00e3o acesso a passagem molhada do Sitio Carapotos que, com as fortes chuvas, inviabiliza o tr\u00e1fego daquela regi\u00e3o."}, {"id": "560", "ano": "2022", "numero": "245", "tipo__sigla": "REQ", "tipo__descricao": "Requerimento", "autoria": "", "texto_original": "http://sapl.riachodasalmas.pe.leg.br/media/sapl/public/materialegislativa/2022/560/requerimento_245.2022.pdf", "ementa": "No sentido de que seja feita a entrega dos fardamentos aos alunos das escolas p\u00fablicas municipal."}, {"id": "561", "ano": "2022", "numero": "246", "tipo__sigla": "REQ", "tipo__descricao": "Requerimento", "autoria": "Dr. Neto", "texto_original": "http://sapl.riachodasalmas.pe.leg.br/media/sapl/public/materialegislativa/2022/561/requerimento_246.2022.pdf", "ementa": "No sentido de que seja feita a entrega dos fardamentos aos alunos das escolas p\u00fablicas municipal."}, {"id": "562", "ano": "2022", "numero": "247", "tipo__sigla": "REQ", "tipo__descricao": "Requerimento", "autoria": "Leandro da Sa\u00fade", "texto_original": "http://sapl.riachodasalmas.pe.leg.br/media/sapl/public/materialegislativa/2022/562/requerimento_247.2022.pdf", "ementa": "No sentido solicitar da prefeitura uma campanha de vacina\u00e7\u00e3o para c\u00e3es e gatos na Vila do Vitorino e Cajueiro e s\u00edtios vizinhos."}, {"id": "563", "ano": "2022", "numero": "248", "tipo__sigla": "REQ", "tipo__descricao": "Requerimento", "autoria": "Leandro da Sa\u00fade", "texto_original": "http://sapl.riachodasalmas.pe.leg.br/media/sapl/public/materialegislativa/2022/563/requerimento_248.2022.pdf", "ementa": "No sentido de que sejam colocadas placas de sinaliza\u00e7\u00e3o refletidas no desvio do cal\u00e7amento do Vitorino."}, {"id": "564", "ano": "2022", "numero": "249", "tipo__sigla": "REQ", "tipo__descricao": "Requerimento", "autoria": "Leandro da Sa\u00fade", "texto_original": "http://sapl.riachodasalmas.pe.leg.br/media/sapl/public/materialegislativa/2022/564/requerimento_249.2022.pdf", "ementa": "No sentido de que seja feito um reparo na caixa de agua pr\u00f3ximo ao Cemit\u00e9rio que abastece a Vila do Vitorino, pois quando chega \u00e1gua a caixa\r\ntransborda."}, {"id": "565", "ano": "2022", "numero": "250", "tipo__sigla": "REQ", "tipo__descricao": "Requerimento", "autoria": "Genival da Sa\u00fade", "texto_original": "http://sapl.riachodasalmas.pe.leg.br/media/sapl/public/materialegislativa/2022/565/requerimento_250.2022.pdf", "ementa": "No sentido de firmar uma parceria ou convenio entre o nosso munic\u00edpio e a FAV ( Funda\u00e7\u00e3o Altino Ventura) , para atrav\u00e9s do atendimento m\u00f3vel (com o \u00f4nibus), realizar consultas para diagnostico de sa\u00fade dos olhos, come tamb\u00e9m exames, tratamento e cirurgia de catarata e carnosidade nos olhos das\r\npessoas do nosso munic\u00edpio que precisem desse atendimento."}, {"id": "566", "ano": "2022", "numero": "251", "tipo__sigla": "REQ", "tipo__descricao": "Requerimento", "autoria": "Dr. Neto", "texto_original": "http://sapl.riachodasalmas.pe.leg.br/media/sapl/public/materialegislativa/2022/566/requerimento_251.2022.pdf", "ementa": "No sentido de construir uma quadra poliesportiva na Escola Enedina-Vila Atalaia, afim de estimular a pratica de esportes e otimizar a conviv\u00eancia dos alunos e comunidade da Atalaia."}, {"id": "567", "ano": "2022", "numero": "252", "tipo__sigla": "REQ", "tipo__descricao": "Requerimento", "autoria": "Dr. Neto", "texto_original": "http://sapl.riachodasalmas.pe.leg.br/media/sapl/public/materialegislativa/2022/567/requerimento_252.2022.pdf", "ementa": "No sentido de reestruturar a ponte que da acesso a Vila Atalaia, fim de proporcionar mais seguran\u00e7a as pessoas e o trafego local."}, {"id": "568", "ano": "2022", "numero": "253", "tipo__sigla": "REQ", "tipo__descricao": "Requerimento", "autoria": "Dr. Neto", "texto_original": "http://sapl.riachodasalmas.pe.leg.br/media/sapl/public/materialegislativa/2022/568/requerimento_253.2022.pdf", "ementa": "No sentido de empi\u00e7arrar a estrada que liga a vila do Vitorino at\u00e9 o sitio Guaritas, afim de proporcionar mais seguran\u00e7a as pessoas e o tr\u00e1fego\r\nlocal."}, {"id": "569", "ano": "2022", "numero": "254", "tipo__sigla": "REQ", "tipo__descricao": "Requerimento", "autoria": "Dinho da Sa\u00fade", "texto_original": "http://sapl.riachodasalmas.pe.leg.br/media/sapl/public/materialegislativa/2022/569/requerimento_254.2022.pdf", "ementa": "No sentido de implantar cursos de requalifica\u00e7\u00e3o profissional gratuita, direcionados a desempregados de baixa renda com mais de 45 anos de idade."}, {"id": "570", "ano": "2022", "numero": "255", "tipo__sigla": "REQ", "tipo__descricao": "Requerimento", "autoria": "Dinho da Sa\u00fade", "texto_original": "http://sapl.riachodasalmas.pe.leg.br/media/sapl/public/materialegislativa/2022/570/requerimento_255.2022.pdf", "ementa": "No sentido de criar um centro de Referencia Especializado ao Atendimento das Pessoas com Defici\u00eancia."}, {"id": "571", "ano": "2022", "numero": "256", "tipo__sigla": "REQ", "tipo__descricao": "Requerimento", "autoria": "Pastor Gustavo Lucena", "texto_original": "http://sapl.riachodasalmas.pe.leg.br/media/sapl/public/materialegislativa/2022/571/requerimento_256.2022.pdf", "ementa": "No sentido de que seja feita a pavimenta\u00e7\u00e3o da Rua Nossa Senhora da Concei\u00e7\u00e3o, C\u00f3digo 279, localizada no bairro Cohab."}, {"id": "572", "ano": "2022", "numero": "257", "tipo__sigla": "REQ", "tipo__descricao": "Requerimento", "autoria": "Pastor Gustavo Lucena", "texto_original": "http://sapl.riachodasalmas.pe.leg.br/media/sapl/public/materialegislativa/2022/572/requerimento_257.2022.pdf", "ementa": "No sentido de que seja feita a pavimenta\u00e7\u00e3o da Rua Abdias Bezerra da Silva, C\u00f3digo 286, Localizada na Vila Rangel."}, {"id": "573", "ano": "2022", "numero": "258", "tipo__sigla": "REQ", "tipo__descricao": "Requerimento", "autoria": "Genival da Sa\u00fade", "texto_original": "http://sapl.riachodasalmas.pe.leg.br/media/sapl/public/materialegislativa/2022/573/requerimento_258.2022.pdf", "ementa": "No sentido de que seja enviado para a Casa Jo\u00e3o Soares da Fonseca um projeto de Lei que trate do reajuste salarial dos agentes de sa\u00fade e endemias."}, {"id": "574", "ano": "2022", "numero": "259", "tipo__sigla": "REQ", "tipo__descricao": "Requerimento", "autoria": "Junior Miranda", "texto_original": "http://sapl.riachodasalmas.pe.leg.br/media/sapl/public/materialegislativa/2022/574/requerimento_259.2022.pdf", "ementa": "No sentido de que seja feita a pavimenta\u00e7\u00e3o de 100 metros no Alto dos Mo\u00e7os."}, {"id": "575", "ano": "2022", "numero": "260", "tipo__sigla": "REQ", "tipo__descricao": "Requerimento", "autoria": "Vandilson Barbeiro", "texto_original": "http://sapl.riachodasalmas.pe.leg.br/media/sapl/public/materialegislativa/2022/575/requerimento_260.2022.pdf", "ementa": "No sentido de que seja  feita a sinaliza\u00e7\u00e3o nos quebra - molas do cal\u00e7amento  novo da ladeira do Vitorino."}, {"id": "576", "ano": "2022", "numero": "261", "tipo__sigla": "REQ", "tipo__descricao": "Requerimento", "autoria": "Vandilson Barbeiro", "texto_original": "http://sapl.riachodasalmas.pe.leg.br/media/sapl/public/materialegislativa/2022/576/requerimento_261.2022.pdf", "ementa": "No sentido de que seja feita a substitui\u00e7\u00e3o da grade de ferro da galeria no cal\u00e7amento novo da ladeira do Vitorino."}, {"id": "577", "ano": "2022", "numero": "262", "tipo__sigla": "REQ", "tipo__descricao": "Requerimento", "autoria": "Dr. Neto", "texto_original": "http://sapl.riachodasalmas.pe.leg.br/media/sapl/public/materialegislativa/2022/577/requerimento_262.2022.pdf", "ementa": "No sentido de que seja feita a substitui\u00e7\u00e3o das l\u00e2mpadas queimadas na pra\u00e7a da Vila Couro Dantas."}, {"id": "578", "ano": "2022", "numero": "263", "tipo__sigla": "REQ", "tipo__descricao": "Requerimento", "autoria": "", "texto_original": "http://sapl.riachodasalmas.pe.leg.br/media/sapl/public/materialegislativa/2022/578/requerimento_263.2022.pdf", "ementa": "No sentido de que seja feita a pavimenta\u00e7\u00e3o em frente a igreja Cat\u00f3lica, no Sitio Guaritas."}, {"id": "579", "ano": "2022", "numero": "264", "tipo__sigla": "REQ", "tipo__descricao": "Requerimento", "autoria": "Leandro da Sa\u00fade", "texto_original": "http://sapl.riachodasalmas.pe.leg.br/media/sapl/public/materialegislativa/2022/579/requerimento_264.2022.pdf", "ementa": "No sentido de que seja feito o pi\u00e7arramento da Pe-95 ate a Vila do Vitorino, al\u00e9m dos S\u00edtios Cajueiro e Modesto."}, {"id": "580", "ano": "2022", "numero": "265", "tipo__sigla": "REQ", "tipo__descricao": "Requerimento", "autoria": "Leandro da Sa\u00fade", "texto_original": "http://sapl.riachodasalmas.pe.leg.br/media/sapl/public/materialegislativa/2022/580/requerimento_265.2022.pdf", "ementa": "No sentido de que seja feito a pavimenta\u00e7\u00e3o em paralelep\u00edpedos da rua Vitorino, Localizada na Vila Vitorino."}, {"id": "581", "ano": "2022", "numero": "266", "tipo__sigla": "REQ", "tipo__descricao": "Requerimento", "autoria": "Leandro da Sa\u00fade", "texto_original": "http://sapl.riachodasalmas.pe.leg.br/media/sapl/public/materialegislativa/2022/581/requerimento_266.2022.pdf", "ementa": "No sentido de que seja feito a pavimenta\u00e7\u00e3o em paralelep\u00edpedos da PE 95 at\u00e9 a Vila Atalaia."}, {"id": "582", "ano": "2022", "numero": "267", "tipo__sigla": "REQ", "tipo__descricao": "Requerimento", "autoria": "Vandilson Barbeiro", "texto_original": "http://sapl.riachodasalmas.pe.leg.br/media/sapl/public/materialegislativa/2022/582/requerimento_267.2022.pdf", "ementa": "No sentido de que seja colocada uma lixeira por tr\u00e1s da loja de Adalva na entrada do terreno do sr. Marluce."}, {"id": "583", "ano": "2022", "numero": "268", "tipo__sigla": "REQ", "tipo__descricao": "Requerimento", "autoria": "Vandilson Barbeiro", "texto_original": "http://sapl.riachodasalmas.pe.leg.br/media/sapl/public/materialegislativa/2022/583/requerimento_268.2022.pdf", "ementa": "No sentido de que sejam feitos dois banheiros p\u00fablicos (masculino e feminino) na esquina por tr\u00e1s da Secretaria de Educa\u00e7\u00e3o."}, {"id": "584", "ano": "2022", "numero": "269", "tipo__sigla": "REQ", "tipo__descricao": "Requerimento", "autoria": "Jos\u00e9 Welder Ferreira", "texto_original": "http://sapl.riachodasalmas.pe.leg.br/media/sapl/public/materialegislativa/2022/584/requerimento_269.2022.pdf", "ementa": "No sentido de que seja feita a substitui\u00e7\u00e3o das l\u00e2mpadas queimadas na Rua Jos\u00e9 Felismino."}, {"id": "585", "ano": "2022", "numero": "270", "tipo__sigla": "REQ", "tipo__descricao": "Requerimento", "autoria": "Dr. Neto", "texto_original": "http://sapl.riachodasalmas.pe.leg.br/media/sapl/public/materialegislativa/2022/585/requerimento_270.2022.pdf", "ementa": "No sentido  que seja colocado material de pigarro ou p\u00f3 de brita, em regi\u00f5es bastantes criticas na Estrada de Trapi\u00e1 e Vitorino, vista o per\u00edodo chuvoso e intrafegabilidade das determinadas \u00e1reas."}, {"id": "586", "ano": "2022", "numero": "271", "tipo__sigla": "REQ", "tipo__descricao": "Requerimento", "autoria": "Dr. Neto", "texto_original": "http://sapl.riachodasalmas.pe.leg.br/media/sapl/public/materialegislativa/2022/586/requerimento_271.2022.pdf", "ementa": "No sentido de que seja remodulado as normas do Conselho Nacional de Tr\u00e2nsito (CONTRAN) as lombadas do calcamento novo da Vila do Vitorino."}, {"id": "587", "ano": "2022", "numero": "272", "tipo__sigla": "REQ", "tipo__descricao": "Requerimento", "autoria": "Pastor Gustavo Lucena", "texto_original": "http://sapl.riachodasalmas.pe.leg.br/media/sapl/public/materialegislativa/2022/587/requerimento_272.2022.pdf", "ementa": "No sentido de que seja feita a pavimenta\u00e7\u00e3o da Rua Caetano de Deus, na Vila Trapi\u00e1."}, {"id": "588", "ano": "2022", "numero": "273", "tipo__sigla": "REQ", "tipo__descricao": "Requerimento", "autoria": "Pastor Gustavo Lucena", "texto_original": "http://sapl.riachodasalmas.pe.leg.br/media/sapl/public/materialegislativa/2022/588/requerimento_273.2022.pdf", "ementa": "No sentido de que seja feito o saneamento da Rua Caetano de Deus, na Vila Trapi\u00e1."}, {"id": "589", "ano": "2022", "numero": "274", "tipo__sigla": "REQ", "tipo__descricao": "Requerimento", "autoria": "Genival da Sa\u00fade", "texto_original": "http://sapl.riachodasalmas.pe.leg.br/media/sapl/public/materialegislativa/2022/589/requerimento_274.2022.pdf", "ementa": "No sentido de que seja feita uma passagem molhada no riacho que fica perto da casa do sr. Biu Marques no Sitio Ramada de Trapi\u00e1, na estrada que liga Riacho a Trapi\u00e1."}, {"id": "590", "ano": "2022", "numero": "275", "tipo__sigla": "REQ", "tipo__descricao": "Requerimento", "autoria": "Genival da Sa\u00fade", "texto_original": "http://sapl.riachodasalmas.pe.leg.br/media/sapl/public/materialegislativa/2022/590/requerimento_275.2022.pdf", "ementa": "No sentido de que sejam feitos os reparos necess\u00e1rios na ponte conhecida por Z\u00e9 Pojuca, antes da entrada da Ramada de Trapi\u00e1."}, {"id": "591", "ano": "2022", "numero": "276", "tipo__sigla": "REQ", "tipo__descricao": "Requerimento", "autoria": "Junior Miranda", "texto_original": "http://sapl.riachodasalmas.pe.leg.br/media/sapl/public/materialegislativa/2022/591/requerimento_276.2022.pdf", "ementa": "No sentido de que seja feito o pi\u00e7arramento da casa do sr. Dede Juli\u00e3o at\u00e9 a casa de Braz."}, {"id": "592", "ano": "2022", "numero": "277", "tipo__sigla": "REQ", "tipo__descricao": "Requerimento", "autoria": "Junior Miranda", "texto_original": "http://sapl.riachodasalmas.pe.leg.br/media/sapl/public/materialegislativa/2022/592/requerimento_277.2022.pdf", "ementa": "No sentido de que seja feito um audit\u00f3rio na Escola Enedina na Atalaia."}, {"id": "593", "ano": "2022", "numero": "278", "tipo__sigla": "REQ", "tipo__descricao": "Requerimento", "autoria": "Leandro da Sa\u00fade", "texto_original": "http://sapl.riachodasalmas.pe.leg.br/media/sapl/public/materialegislativa/2022/593/requerimento_278.2022.pdf", "ementa": "No sentido de que seja adquirido um novo \u00f4nibus TFD."}, {"id": "594", "ano": "2022", "numero": "279", "tipo__sigla": "REQ", "tipo__descricao": "Requerimento", "autoria": "Pastor Gustavo Lucena", "texto_original": "http://sapl.riachodasalmas.pe.leg.br/media/sapl/public/materialegislativa/2022/594/requerimento_279.2022.pdf", "ementa": "No sentido de que seja feita a instala\u00e7\u00e3o de lumin\u00e1rias de ilumina\u00e7\u00e3o P\u00fablica no Loteamento Nossa Senhora de Fatima."}, {"id": "595", "ano": "2022", "numero": "280", "tipo__sigla": "REQ", "tipo__descricao": "Requerimento", "autoria": "Pastor Gustavo Lucena", "texto_original": "http://sapl.riachodasalmas.pe.leg.br/media/sapl/public/materialegislativa/2022/595/requerimento_280.2022.pdf", "ementa": "No sentido de que sejam feitos os reparos no saneamento e cal\u00e7amento na rua Floro Alves."}, {"id": "596", "ano": "2022", "numero": "281", "tipo__sigla": "REQ", "tipo__descricao": "Requerimento", "autoria": "Pastor Gustavo Lucena", "texto_original": "http://sapl.riachodasalmas.pe.leg.br/media/sapl/public/materialegislativa/2022/596/requerimento_281.2022.pdf", "ementa": "No sentido de que seja feita a pavimenta\u00e7\u00e3o da Rua Sebasti\u00e3o Monteiro da Silva, no loteamento Enoc."}, {"id": "597", "ano": "2022", "numero": "282", "tipo__sigla": "REQ", "tipo__descricao": "Requerimento", "autoria": "Pastor Gustavo Lucena", "texto_original": "http://sapl.riachodasalmas.pe.leg.br/media/sapl/public/materialegislativa/2022/597/requerimento_282.2022.pdf", "ementa": "No sentido de que seja feito o saneamento da casa do Sr. Ziel at\u00e9 a Posto de sa\u00fade da Vila Rangel afim de atender as diversas casas de ambos os lados da estrada."}, {"id": "598", "ano": "2022", "numero": "283", "tipo__sigla": "REQ", "tipo__descricao": "Requerimento", "autoria": "Dinho da Sa\u00fade", "texto_original": "http://sapl.riachodasalmas.pe.leg.br/media/sapl/public/materialegislativa/2022/598/requerimento_283.2022.pdf", "ementa": "No sentido de que sejam feitos quebra-molas com placas indicativas no Sitio Guaritas, em frente a Z\u00e9 de Zuzinha, em frente a escola e pr\u00f3ximo ao mercado de Douglas."}, {"id": "599", "ano": "2022", "numero": "284", "tipo__sigla": "REQ", "tipo__descricao": "Requerimento", "autoria": "Genival da Sa\u00fade", "texto_original": "http://sapl.riachodasalmas.pe.leg.br/media/sapl/public/materialegislativa/2022/599/requerimento_284.2022.pdf", "ementa": "No sentido de que seja feita a pavimenta\u00e7\u00e3o da Rua Projetada 05, no Loteamento Z\u00e9 Manoel, bairro Cohab."}, {"id": "600", "ano": "2022", "numero": "285", "tipo__sigla": "REQ", "tipo__descricao": "Requerimento", "autoria": "Vandilson Barbeiro", "texto_original": "http://sapl.riachodasalmas.pe.leg.br/media/sapl/public/materialegislativa/2022/600/requerimento_285.2022.pdf", "ementa": "No sentido de reivindicar o Requerimento 235.2022, o qual foi solicitado que fossem recuperados os pisos dos currais localizados no Matadouro\r\nP\u00fablico da Cidade e acrescentar uma rampa para descarga de su\u00ednos."}, {"id": "601", "ano": "2022", "numero": "286", "tipo__sigla": "REQ", "tipo__descricao": "Requerimento", "autoria": "Dinho da Sa\u00fade", "texto_original": "http://sapl.riachodasalmas.pe.leg.br/media/sapl/public/materialegislativa/2022/601/requerimento_286.2022.pdf", "ementa": "No sentido de que seja criado um abrigo de acolhimento especial para mulheres em situa\u00e7\u00e3o de viol\u00eancia."}, {"id": "602", "ano": "2022", "numero": "287", "tipo__sigla": "REQ", "tipo__descricao": "Requerimento", "autoria": "Pastor Gustavo Lucena", "texto_original": "http://sapl.riachodasalmas.pe.leg.br/media/sapl/public/materialegislativa/2022/602/requerimento_287.2022.pdf", "ementa": "No sentido de indicar ao poder executivo que encaminhe para a Casa Jo\u00e3o Soares da Fonseca um Projeto de Lei alterando o per\u00edodo de Licen\u00e7a Maternidade com base na Lei Federal 10.770, de 09 de setembro de 2008."}, {"id": "603", "ano": "2022", "numero": "288", "tipo__sigla": "REQ", "tipo__descricao": "Requerimento", "autoria": "Junior Miranda", "texto_original": "http://sapl.riachodasalmas.pe.leg.br/media/sapl/public/materialegislativa/2022/603/requerimento_288.2022.pdf", "ementa": "No sentido de que seja feita a coberta da imagem de Nossa Senhora do Livramento na Vila Trapi\u00e1."}, {"id": "604", "ano": "2022", "numero": "289", "tipo__sigla": "REQ", "tipo__descricao": "Requerimento", "autoria": "Junior Miranda", "texto_original": "http://sapl.riachodasalmas.pe.leg.br/media/sapl/public/materialegislativa/2022/604/requerimento_289.2022.pdf", "ementa": "No sentido de que seja colocada uma lixeira na Vila Patos, ao lado do bar de Paulo."}, {"id": "605", "ano": "2022", "numero": "290", "tipo__sigla": "REQ", "tipo__descricao": "Requerimento", "autoria": "Dinho da Sa\u00fade", "texto_original": "http://sapl.riachodasalmas.pe.leg.br/media/sapl/public/materialegislativa/2022/605/requerimento_290.2022.pdf", "ementa": "No sentido de que seja feita a manuten\u00e7\u00e3o da estrada que tem inicio ap\u00f3s a escola Enedina na Atalaia, passando em frente a casa do popular Siv\u00e3o e Pedro de Z\u00e9 Pedro no sitio Salobro ate a PE 95."}, {"id": "606", "ano": "2022", "numero": "291", "tipo__sigla": "REQ", "tipo__descricao": "Requerimento", "autoria": "Abenildo da Ramada", "texto_original": "http://sapl.riachodasalmas.pe.leg.br/media/sapl/public/materialegislativa/2022/606/requerimento_291.2022.pdf", "ementa": "No sentido de que seja feito a saneamento da Primeira Travessa Manoel Rosendo de Lima, da casa de Fernando at\u00e9 a padaria de Nata, na Vila Trapi\u00e1."}, {"id": "607", "ano": "2022", "numero": "292", "tipo__sigla": "REQ", "tipo__descricao": "Requerimento", "autoria": "Abenildo da Ramada", "texto_original": "http://sapl.riachodasalmas.pe.leg.br/media/sapl/public/materialegislativa/2022/607/requerimento_292.2022.pdf", "ementa": "No sentido de que seja feita a pavimenta\u00e7\u00e3o da Primeira Travessa Manoel Rosendo de Lima, da casa de Frernando at\u00e9 a padaria de Nata, na Vila Trapi\u00e1."}, {"id": "608", "ano": "2022", "numero": "293", "tipo__sigla": "REQ", "tipo__descricao": "Requerimento", "autoria": "Abenildo da Ramada", "texto_original": "http://sapl.riachodasalmas.pe.leg.br/media/sapl/public/materialegislativa/2022/608/requerimento_293.2022.pdf", "ementa": "No sentido de que seja feito o saneamento da Rua Severino Elias (Biu Elias), da casa de Regis at\u00e9 a casa de Annalycy, na Vila Trapi\u00e1."}, {"id": "609", "ano": "2022", "numero": "294", "tipo__sigla": "REQ", "tipo__descricao": "Requerimento", "autoria": "Pastor Gustavo Lucena", "texto_original": "http://sapl.riachodasalmas.pe.leg.br/media/sapl/public/materialegislativa/2022/609/requerimento_294.2022.pdf", "ementa": "No sentido de que sejam feitas paradas de \u00f4nibus nos acostamentos novos da Pe 95 no per\u00edmetro de Riacho das Almas."}, {"id": "610", "ano": "2022", "numero": "295", "tipo__sigla": "REQ", "tipo__descricao": "Requerimento", "autoria": "Leandro da Sa\u00fade", "texto_original": "http://sapl.riachodasalmas.pe.leg.br/media/sapl/public/materialegislativa/2022/610/requerimento_295.2022.pdf", "ementa": "No sentido de que seja feita uma bueira com corrim\u00e3o na chegada da Atalaia."}, {"id": "611", "ano": "2022", "numero": "296", "tipo__sigla": "REQ", "tipo__descricao": "Requerimento", "autoria": "Junior Miranda", "texto_original": "http://sapl.riachodasalmas.pe.leg.br/media/sapl/public/materialegislativa/2022/611/requerimento_296.2022.pdf", "ementa": "No sentido de que seja feita uma coberta na Santa da pra\u00e7a do Santa Terezinha."}, {"id": "612", "ano": "2022", "numero": "297", "tipo__sigla": "REQ", "tipo__descricao": "Requerimento", "autoria": "Junior Miranda", "texto_original": "http://sapl.riachodasalmas.pe.leg.br/media/sapl/public/materialegislativa/2022/612/requerimento_297.2022.pdf", "ementa": "No sentido de que seja vista a possibilidade de contrata\u00e7\u00e3o de uma ginecologista."}, {"id": "613", "ano": "2022", "numero": "298", "tipo__sigla": "REQ", "tipo__descricao": "Requerimento", "autoria": "Genival da Sa\u00fade", "texto_original": "http://sapl.riachodasalmas.pe.leg.br/media/sapl/public/materialegislativa/2022/613/requerimento_298.2022.pdf", "ementa": "No sentido de que seja feita a estrada de dois riachos at\u00e9 o povoado do Ju\u00e1."}, {"id": "614", "ano": "2022", "numero": "299", "tipo__sigla": "REQ", "tipo__descricao": "Requerimento", "autoria": "Genival da Sa\u00fade", "texto_original": "http://sapl.riachodasalmas.pe.leg.br/media/sapl/public/materialegislativa/2022/614/requerimento_299.2022.pdf", "ementa": "No sentido de que seja feita a estrada de dois riachos, passando peta empresa at\u00e9 a Palmatoria."}, {"id": "615", "ano": "2022", "numero": "300", "tipo__sigla": "REQ", "tipo__descricao": "Requerimento", "autoria": "Genival da Sa\u00fade", "texto_original": "http://sapl.riachodasalmas.pe.leg.br/media/sapl/public/materialegislativa/2022/615/requerimento_300.2022.pdf", "ementa": "No sentido de que seja feita a estrada que tem inicio pr\u00f3ximo ao grupo do sitio Bento at\u00e9 a Lagoa Comprida."}, {"id": "616", "ano": "2022", "numero": "301", "tipo__sigla": "REQ", "tipo__descricao": "Requerimento", "autoria": "Nestor do Bordado", "texto_original": "http://sapl.riachodasalmas.pe.leg.br/media/sapl/public/materialegislativa/2022/616/requerimento_301.2022.pdf", "ementa": "No sentido de que seja feita a pavimenta\u00e7\u00e3o da rua Severino Timotio da Silva."}, {"id": "617", "ano": "2022", "numero": "302", "tipo__sigla": "REQ", "tipo__descricao": "Requerimento", "autoria": "Vandilson Barbeiro", "texto_original": "http://sapl.riachodasalmas.pe.leg.br/media/sapl/public/materialegislativa/2022/617/requerimento_302.2022.pdf", "ementa": "No sentido de que sejam feitas duas lombadas na sa\u00edda da Pe 95, sentido a Vila Vitorino, uma depois do mercado de Nico e outra depois da quitanda de Biu, pr\u00f3ximo a curva."}, {"id": "618", "ano": "2022", "numero": "303", "tipo__sigla": "REQ", "tipo__descricao": "Requerimento", "autoria": "Kaio Bezerra", "texto_original": "http://sapl.riachodasalmas.pe.leg.br/media/sapl/public/materialegislativa/2022/618/requerimento_303.2022.pdf", "ementa": "No sentido de que seja constru\u00edda uma pra\u00e7a no loteamento Gold Park."}, {"id": "619", "ano": "2022", "numero": "304", "tipo__sigla": "REQ", "tipo__descricao": "Requerimento", "autoria": "Dr. Neto", "texto_original": "http://sapl.riachodasalmas.pe.leg.br/media/sapl/public/materialegislativa/2022/619/requerimento_304.2022.pdf", "ementa": "No sentido de que seja disponibilizado um carro de apoio a sa\u00fade para os moradores dos s\u00edtios Lagoa Comprida, Alto Vermelho e Uru\u00e7\u00fa."}, {"id": "620", "ano": "2022", "numero": "305", "tipo__sigla": "REQ", "tipo__descricao": "Requerimento", "autoria": "Jos\u00e9 Welder Ferreira", "texto_original": "http://sapl.riachodasalmas.pe.leg.br/media/sapl/public/materialegislativa/2022/620/requerimento_306.2022.pdf", "ementa": "No sentido de que seja inclu\u00eddo no cronograma do carro fumac\u00ea o bairro Celestino Ferreira."}, {"id": "621", "ano": "2022", "numero": "306", "tipo__sigla": "REQ", "tipo__descricao": "Requerimento", "autoria": "Jos\u00e9 Welder Ferreira", "texto_original": "http://sapl.riachodasalmas.pe.leg.br/media/sapl/public/materialegislativa/2022/621/requerimento_307.2022.pdf", "ementa": "No sentido de que seja colocada uma lixeira em frente ao bar de piaca."}, {"id": "622", "ano": "2022", "numero": "307", "tipo__sigla": "REQ", "tipo__descricao": "Requerimento", "autoria": "Jos\u00e9 Welder Ferreira", "texto_original": "http://sapl.riachodasalmas.pe.leg.br/media/sapl/public/materialegislativa/2022/622/requerimento_308.2022.pdf", "ementa": "No sentido de que seja constru\u00eddo um coreto na pra\u00e7a da Matriz, nesta cidade."}, {"id": "623", "ano": "2022", "numero": "308", "tipo__sigla": "REQ", "tipo__descricao": "Requerimento", "autoria": "Jos\u00e9 Welder Ferreira", "texto_original": "http://sapl.riachodasalmas.pe.leg.br/media/sapl/public/materialegislativa/2022/623/requerimento_309.2022.pdf", "ementa": "No sentido de que seja feito o conserto do saneamento na Travessa Jo\u00e3o Ferreira da Silva, no loteamento Pai Ferreira, pr\u00f3ximo a Daniel da tapioca."}, {"id": "624", "ano": "2022", "numero": "309", "tipo__sigla": "REQ", "tipo__descricao": "Requerimento", "autoria": "Nestor do Bordado", "texto_original": "http://sapl.riachodasalmas.pe.leg.br/media/sapl/public/materialegislativa/2022/624/requerimento_310.2022.pdf", "ementa": "No sentido de que sejam feitas as pavimenta\u00e7\u00f5es das ruas Erica Jeane de Lucena e Erimendes Ant\u00f4nio de Moura."}, {"id": "625", "ano": "2022", "numero": "310", "tipo__sigla": "REQ", "tipo__descricao": "Requerimento", "autoria": "Dinho da Sa\u00fade", "texto_original": "http://sapl.riachodasalmas.pe.leg.br/media/sapl/public/materialegislativa/2022/625/requerimento_311.2022.pdf", "ementa": "No  sentido de que sejam colocadas lixeiras em todos pontos de \u00f4nibus do munic\u00edpio."}, {"id": "626", "ano": "2022", "numero": "311", "tipo__sigla": "REQ", "tipo__descricao": "Requerimento", "autoria": "Nestor do Bordado", "texto_original": "http://sapl.riachodasalmas.pe.leg.br/media/sapl/public/materialegislativa/2022/626/requerimento_312.2022.pdf", "ementa": "No sentido de que seja constru\u00eddo um vel\u00f3rio p\u00fablico na Vila Vitorino."}, {"id": "628", "ano": "2022", "numero": "312", "tipo__sigla": "REQ", "tipo__descricao": "Requerimento", "autoria": "Nestor do Bordado", "texto_original": "http://sapl.riachodasalmas.pe.leg.br/media/sapl/public/materialegislativa/2022/628/requerimento_312.2022.pdf", "ementa": "No sentido de que seja constru\u00eddo um vel\u00f3rio p\u00fablico na Vila Vitorino."}, {"id": "629", "ano": "2022", "numero": "313", "tipo__sigla": "REQ", "tipo__descricao": "Requerimento", "autoria": "Abenildo da Ramada", "texto_original": "http://sapl.riachodasalmas.pe.leg.br/media/sapl/public/materialegislativa/2022/629/requerimento_313.2022.pdf", "ementa": "No sentido de que seja feita a pavimenta\u00e7\u00e3o em paralelep\u00edpedos da casa de Neguinho de lol\u00f3 at\u00e9 a casa do ex-vereador Nezinho."}, {"id": "630", "ano": "2022", "numero": "314", "tipo__sigla": "REQ", "tipo__descricao": "Requerimento", "autoria": "Dinho da Sa\u00fade", "texto_original": "http://sapl.riachodasalmas.pe.leg.br/media/sapl/public/materialegislativa/2022/630/requerimento_314.2022.pdf", "ementa": "No sentido de que sejam oferecidos cursos de reciclagem aos servidores que atendam diretamente a popula\u00e7\u00e3o de nosso munic\u00edpio."}, {"id": "631", "ano": "2022", "numero": "315", "tipo__sigla": "REQ", "tipo__descricao": "Requerimento", "autoria": "Dinho da Sa\u00fade", "texto_original": "http://sapl.riachodasalmas.pe.leg.br/media/sapl/public/materialegislativa/2022/631/requerimento_315.2022.pdf", "ementa": "No sentido de que seja realizada limpeza anual das caixas d'agua, cisternas e demais reservat\u00f3rios das escolas do munic\u00edpio."}, {"id": "632", "ano": "2022", "numero": "316", "tipo__sigla": "REQ", "tipo__descricao": "Requerimento", "autoria": "Genival da Sa\u00fade", "texto_original": "http://sapl.riachodasalmas.pe.leg.br/media/sapl/public/materialegislativa/2022/632/requerimento_316.2022.pdf", "ementa": "No sentido de que seja constru\u00eddo um vel\u00f3rio p\u00fablico na Vila Trapi\u00e1."}, {"id": "633", "ano": "2022", "numero": "317", "tipo__sigla": "REQ", "tipo__descricao": "Requerimento", "autoria": "Nestor do Bordado", "texto_original": "http://sapl.riachodasalmas.pe.leg.br/media/sapl/public/materialegislativa/2022/633/requerimento_317.2022.pdf", "ementa": "No sentido de que sejam reiniciados os cursos profissionalizantes do CVT."}, {"id": "634", "ano": "2022", "numero": "318", "tipo__sigla": "REQ", "tipo__descricao": "Requerimento", "autoria": "Dinho da Sa\u00fade", "texto_original": "http://sapl.riachodasalmas.pe.leg.br/media/sapl/public/materialegislativa/2022/634/requerimento_318.2022.pdf", "ementa": "No sentido de que sejam feitas as recupera\u00e7\u00f5es das estradas dos S\u00edtios: Bandeira, Alto Bandeira, Ch\u00e3 do Bandeira, Cacimba de V\u00e1rzea e Salobro."}, {"id": "635", "ano": "2022", "numero": "319", "tipo__sigla": "REQ", "tipo__descricao": "Requerimento", "autoria": "Dinho da Sa\u00fade", "texto_original": "http://sapl.riachodasalmas.pe.leg.br/media/sapl/public/materialegislativa/2022/635/requerimento_319.2022.pdf", "ementa": "No sentido de que seja colocado material e passado a m\u00e1quina na rua ao lado da oficina de Deda, no bairro Cohab."}, {"id": "636", "ano": "2022", "numero": "320", "tipo__sigla": "REQ", "tipo__descricao": "Requerimento", "autoria": "Nestor do Bordado", "texto_original": "http://sapl.riachodasalmas.pe.leg.br/media/sapl/public/materialegislativa/2022/636/requerimento_320.2022.pdf", "ementa": "No sentido de que seja feita a recupera\u00e7\u00e3o da passagem molhada no Sitio Pau Ferro, pr\u00f3ximo ao Po\u00e7o Artesiano, sentido Vila Couro Dantas."}, {"id": "637", "ano": "2022", "numero": "321", "tipo__sigla": "REQ", "tipo__descricao": "Requerimento", "autoria": "Genival da Sa\u00fade", "texto_original": "http://sapl.riachodasalmas.pe.leg.br/media/sapl/public/materialegislativa/2022/637/requerimento_321.2022.pdf", "ementa": "No sentido de que seja feita a pavimenta\u00e7\u00e3o da Rua Sebasti\u00e3o Monteiro da Silva, no bairro Nova Esperan\u00e7a."}, {"id": "638", "ano": "2022", "numero": "322", "tipo__sigla": "REQ", "tipo__descricao": "Requerimento", "autoria": "Leandro da Sa\u00fade", "texto_original": "http://sapl.riachodasalmas.pe.leg.br/media/sapl/public/materialegislativa/2022/638/requerimento_322.2022.pdf", "ementa": "No sentido de que seja colocado uma mureta de prote\u00e7\u00e3o na Ponte de Carapot\u00f3s."}, {"id": "639", "ano": "2022", "numero": "323", "tipo__sigla": "REQ", "tipo__descricao": "Requerimento", "autoria": "Leandro da Sa\u00fade", "texto_original": "http://sapl.riachodasalmas.pe.leg.br/media/sapl/public/materialegislativa/2022/639/requerimento_323.2022.pdf", "ementa": "No sentido de que seja feita a desobstru\u00e7\u00e3o das manilhas que fazem a escoamento da agua da chuva que se acumula em frente a Carlos do Som, pr\u00f3ximo a placa \"Eu Amo Riacho\" na chegada da cidade."}, {"id": "640", "ano": "2022", "numero": "324", "tipo__sigla": "REQ", "tipo__descricao": "Requerimento", "autoria": "Leandro da Sa\u00fade", "texto_original": "http://sapl.riachodasalmas.pe.leg.br/media/sapl/public/materialegislativa/2022/640/requerimento_324.2022.pdf", "ementa": "No sentido de que seja feita a retirada de pedras que dificultam a passagem de carros na estrada que tem inicio ao lado do grupo escolar do Sitio Bento,\r\nsentido ao bar do sr. Luiz."}]}