{"headers": {"id": "ID", "ano": "Ano", "numero": "N\u00famero", "tipo__sigla": "Tipo de Mat\u00e9ria Legislativa/Sigla", "tipo__descricao": "Tipo de Mat\u00e9ria Legislativa/Descri\u00e7\u00e3o", "autoria": "Autorias", "texto_original": "Texto Original", "ementa": "Ementa"}, "results": [{"id": "1092", "ano": "2021", "numero": "1", "tipo__sigla": "PLE", "tipo__descricao": "Projeto de Lei do Executivo", "autoria": "Diocl\u00e9cio Rosendo de Lima Filho", "texto_original": "http://sapl.riachodasalmas.pe.leg.br/media/sapl/public/materialegislativa/2021/1092/projeto_de_lei_01.2021._salario_minimo.pdf", "ementa": "Fixa o valor do sal\u00e1rio m\u00ednimo dos servidores municipais no ano de 2021."}, {"id": "1093", "ano": "2021", "numero": "2", "tipo__sigla": "PLE", "tipo__descricao": "Projeto de Lei do Executivo", "autoria": "Diocl\u00e9cio Rosendo de Lima Filho", "texto_original": "http://sapl.riachodasalmas.pe.leg.br/media/sapl/public/materialegislativa/2021/1093/projeto_de_lei_02.2021.gratifiacoes_cci.pdf", "ementa": "Gratifca\u00e7\u00f5es CCI."}, {"id": "1094", "ano": "2021", "numero": "3", "tipo__sigla": "PLE", "tipo__descricao": "Projeto de Lei do Executivo", "autoria": "Diocl\u00e9cio Rosendo de Lima Filho", "texto_original": "http://sapl.riachodasalmas.pe.leg.br/media/sapl/public/materialegislativa/2021/1094/projeto_de_lei_03.2021._ajuda_de_custo_pocos_artesianos.pdf", "ementa": "Ajuda de Custo Po\u00e7os Artesianos."}, {"id": "1095", "ano": "2021", "numero": "4", "tipo__sigla": "PLE", "tipo__descricao": "Projeto de Lei do Executivo", "autoria": "Diocl\u00e9cio Rosendo de Lima Filho", "texto_original": "http://sapl.riachodasalmas.pe.leg.br/media/sapl/public/materialegislativa/2021/1095/projeto_de_lei_04.2021.concessao_dos_beneficios_eventuais_da_politica_da_assistencia.pdf", "ementa": "Restringe a circula\u00e7\u00e3o de ve\u00edculos pesados nas vias urbanas da cidade."}, {"id": "1096", "ano": "2021", "numero": "5", "tipo__sigla": "PLE", "tipo__descricao": "Projeto de Lei do Executivo", "autoria": "Diocl\u00e9cio Rosendo de Lima Filho", "texto_original": "http://sapl.riachodasalmas.pe.leg.br/media/sapl/public/materialegislativa/2021/1096/projeto_de_lei_05.2021-_restringe_a_circulacao_de_veiculos_pesados_nas_vias_urbanas_da_cidade..pdf", "ementa": "Restringe a circula\u00e7\u00e3o de ve\u00edculos pesados nas vias urbanas da cidade."}, {"id": "1097", "ano": "2021", "numero": "6", "tipo__sigla": "PLE", "tipo__descricao": "Projeto de Lei do Executivo", "autoria": "Diocl\u00e9cio Rosendo de Lima Filho", "texto_original": "http://sapl.riachodasalmas.pe.leg.br/media/sapl/public/materialegislativa/2021/1097/projeto_de_lei_06.2021-_institui_o_programa_auxilio_educacao_no_municipio_de_riacho_das_almas_revoga_a_lei_municipal_no_831.1997_e_da_outras_providencias_correlativas..pdf", "ementa": "Institui o Programa Aux\u00edlio Educa\u00e7\u00e3o no Munic\u00edpio de Riacho das Almas, Revoga a Lei Municipal n\u00ba 831.1997 e d\u00e1 outras provid\u00eancias correlativas."}, {"id": "1098", "ano": "2021", "numero": "7", "tipo__sigla": "PLE", "tipo__descricao": "Projeto de Lei do Executivo", "autoria": "Diocl\u00e9cio Rosendo de Lima Filho", "texto_original": "http://sapl.riachodasalmas.pe.leg.br/media/sapl/public/materialegislativa/2021/1098/projeto_de_lei_07.2021._conselho_municipal_antidrogas_-_comad.pdf", "ementa": "Conselho Municipal Antidrogas - COMAD."}, {"id": "1099", "ano": "2021", "numero": "8", "tipo__sigla": "PLE", "tipo__descricao": "Projeto de Lei do Executivo", "autoria": "Diocl\u00e9cio Rosendo de Lima Filho", "texto_original": "http://sapl.riachodasalmas.pe.leg.br/media/sapl/public/materialegislativa/2021/1099/projeto_de_lei_08.2021._criacao_de_conselho_municipal_dos_direitos_da_mulher_-_comdim.pdf", "ementa": "Cria\u00e7\u00e3o de Conselho Municipal dos Direitos da Mulher - COMDIM."}, {"id": "1100", "ano": "2021", "numero": "9", "tipo__sigla": "PLE", "tipo__descricao": "Projeto de Lei do Executivo", "autoria": "Diocl\u00e9cio Rosendo de Lima Filho", "texto_original": "http://sapl.riachodasalmas.pe.leg.br/media/sapl/public/materialegislativa/2021/1100/projeto_de_lei_09.2021._dispoe_sobre_a_criacao_do_departamento_de_transito_municipal_-_dtm_da_junta_administrativa_de_recursos_de_infracao_-_jari.pdf", "ementa": "Disp\u00f5e Sobre a Cria\u00e7\u00e3o do Departamento de Tr\u00e2nsito Municipal - DTM, Da Junta Administrativa de Recursos de Infra\u00e7\u00e3o - JARI."}, {"id": "1101", "ano": "2021", "numero": "10", "tipo__sigla": "PLE", "tipo__descricao": "Projeto de Lei do Executivo", "autoria": "Diocl\u00e9cio Rosendo de Lima Filho", "texto_original": "http://sapl.riachodasalmas.pe.leg.br/media/sapl/public/materialegislativa/2021/1101/projeto_de_lei_010.2021_-_altera_a_lei_municipal_no1.081_de_30d_julho_de_2010_adequando-a_ao_decreto_federal_no_10.178_de_18_de_dezembro_de_2019_a_lei_complementar_155..pdf", "ementa": "Altera a Lei Municipal n\u00ba1.081 de 30 de julho de 2010 adequando-a ao Decreto Federal n\u00ba 10.178 de 18 de dezembro de 2019 \u00e0 Lei Complementar 155, de 27 de Outubro de 2016."}, {"id": "1102", "ano": "2021", "numero": "11", "tipo__sigla": "PLE", "tipo__descricao": "Projeto de Lei do Executivo", "autoria": "Diocl\u00e9cio Rosendo de Lima Filho", "texto_original": "http://sapl.riachodasalmas.pe.leg.br/media/sapl/public/materialegislativa/2021/1102/projeto_de_lei_011.2021_de_autoria_do_excelentissimo_prefeito_do_municipio_de_riacho_das_almas_que_autoriza_o_poder_executivo_a_criar_a_assistencia_judiciaria_gratuita_no_.pdf", "ementa": "Autoriza o Poder Executivo a criar a Assist\u00eancia Judici\u00e1ria Gratuita no munic\u00edpio de Riacho das Almas/PE."}, {"id": "1103", "ano": "2021", "numero": "12", "tipo__sigla": "PLE", "tipo__descricao": "Projeto de Lei do Executivo", "autoria": "Diocl\u00e9cio Rosendo de Lima Filho", "texto_original": "http://sapl.riachodasalmas.pe.leg.br/media/sapl/public/materialegislativa/2021/1103/projeto_de_lei_012.2021_de_autoria_do_excelentissimo_prefeito_do_municipio_de_riacho_das_almas_que_cria_o_fundo_municipal_do_meio_ambiente_-_fmma_e_da_outras_providencias..pdf", "ementa": "Cria o Fundo Municipal do Meio Ambiente - FMMA, e d\u00e1 outras provid\u00eancias."}, {"id": "1104", "ano": "2021", "numero": "13", "tipo__sigla": "PLE", "tipo__descricao": "Projeto de Lei do Executivo", "autoria": "Diocl\u00e9cio Rosendo de Lima Filho", "texto_original": "http://sapl.riachodasalmas.pe.leg.br/media/sapl/public/materialegislativa/2021/1104/projeto_de_lei_013.2021_de_autoria_do_excelentissimo_prefeito_do_municipio_de_riacho_das_almas_que_dispoe_sobre_as_diretrizes_para_a_elaboracao_e_execucao_da_lei_orcamentar.pdf", "ementa": "Disp\u00f5e sobre as diretrizes para a elabora\u00e7\u00e3o e execu\u00e7\u00e3o da lei or\u00e7ament\u00e1ria de 2022 e d\u00e1 outras provid\u00eancias."}, {"id": "1105", "ano": "2021", "numero": "14", "tipo__sigla": "PLE", "tipo__descricao": "Projeto de Lei do Executivo", "autoria": "Diocl\u00e9cio Rosendo de Lima Filho", "texto_original": "http://sapl.riachodasalmas.pe.leg.br/media/sapl/public/materialegislativa/2021/1105/projeto_de_lei_014.2021_-_cria_o_fundo_municipal_de_direitos_do_idoso_e_da_outras_providencias..pdf", "ementa": "\u201cCria o Fundo Municipal de Direitos do Idoso e d\u00e1 outras provid\u00eancias\u201d."}, {"id": "1106", "ano": "2021", "numero": "15", "tipo__sigla": "PLE", "tipo__descricao": "Projeto de Lei do Executivo", "autoria": "Diocl\u00e9cio Rosendo de Lima Filho", "texto_original": "http://sapl.riachodasalmas.pe.leg.br/media/sapl/public/materialegislativa/2021/1106/projeto_de_lei_015.2021_de_autoria_do_excelentissimo_prefeito_do_municipio_de_riacho_das_almas_que_institui_a_unidade_fiscal_municipal__ufm_como_valor_referencia_para_efe.pdf", "ementa": "Institui a Unidade Fiscal Municipal \u2013 UFM como valor refer\u00eancia para efeito de c\u00e1lculo de atualiza\u00e7\u00e3o monet\u00e1ria e de convers\u00e3o de valores pertencentes \u00e0 fazenda p\u00fablica municipal."}, {"id": "1107", "ano": "2021", "numero": "16", "tipo__sigla": "PLE", "tipo__descricao": "Projeto de Lei do Executivo", "autoria": "Diocl\u00e9cio Rosendo de Lima Filho", "texto_original": "http://sapl.riachodasalmas.pe.leg.br/media/sapl/public/materialegislativa/2021/1107/projeto_de_lei_016.2021_de_autoria_do_excelentissimo_prefeito_do_municipio_de_riacho_das_almas_que_autoriza_a_abertura_de_credito_especial_e_da_outras_providencias..pdf", "ementa": "Autoriza a abertura de cr\u00e9dito especial e d\u00e1 outras provid\u00eancias."}, {"id": "1108", "ano": "2021", "numero": "17", "tipo__sigla": "PLE", "tipo__descricao": "Projeto de Lei do Executivo", "autoria": "Diocl\u00e9cio Rosendo de Lima Filho", "texto_original": "http://sapl.riachodasalmas.pe.leg.br/media/sapl/public/materialegislativa/2021/1108/projeto_de_lei_017.2021_de_iniciativa_do_excelentissimo_chefe_do_poder_executivo_municipal_o_sr._dioclecio_rosendo_de_lima_filho_altera_a_lei_municipal_no653_de_10_de_novembro_de.pdf", "ementa": "Altera a Lei municipal n\u00ba653 de 10 de novembro de 1989."}, {"id": "1109", "ano": "2021", "numero": "18", "tipo__sigla": "PLE", "tipo__descricao": "Projeto de Lei do Executivo", "autoria": "Diocl\u00e9cio Rosendo de Lima Filho", "texto_original": "http://sapl.riachodasalmas.pe.leg.br/media/sapl/public/materialegislativa/2021/1109/projeto_de_lei_018a.2021_de_autoria_do_excelentissimo_prefeito_do_municipio_de_riacho_das_almas_que_dispoe_sobre_a_data-base_para_fins_de_revisao_geral_anual_da_remuneracao.pdf", "ementa": "Disp\u00f5e sobre a data-base para fins de revis\u00e3o geral anual da remunera\u00e7\u00e3o."}, {"id": "1110", "ano": "2021", "numero": "19", "tipo__sigla": "PLE", "tipo__descricao": "Projeto de Lei do Executivo", "autoria": "Diocl\u00e9cio Rosendo de Lima Filho", "texto_original": "http://sapl.riachodasalmas.pe.leg.br/media/sapl/public/materialegislativa/2021/1110/projeto_de_lei_019.2021_de_autoria_do_excelentissimo_prefeito_do_municipio_de_riacho_das_almas_que_dispoe_sobre_a_autorizacao_para_abertura_de_credito_adicional_especia_1.pdf", "ementa": "Disp\u00f5e sobre a autoriza\u00e7\u00e3o para abertura de Cr\u00e9dito Adicional Especial."}, {"id": "1111", "ano": "2021", "numero": "20", "tipo__sigla": "PLE", "tipo__descricao": "Projeto de Lei do Executivo", "autoria": "Diocl\u00e9cio Rosendo de Lima Filho", "texto_original": "http://sapl.riachodasalmas.pe.leg.br/media/sapl/public/materialegislativa/2021/1111/projeto_de_lei_020.2021_de_autoria_do_excelentissimo_prefeito_do_municipio_de_riacho_das_almas_que_altera_a_lei_municipal_no_1.263_de_10_de_marco_de_2021..pdf", "ementa": "Altera a Lei Municipal n\u00ba 1.263 de 10 de mar\u00e7o de 2021."}, {"id": "1112", "ano": "2021", "numero": "21", "tipo__sigla": "PLE", "tipo__descricao": "Projeto de Lei do Executivo", "autoria": "Diocl\u00e9cio Rosendo de Lima Filho", "texto_original": "http://sapl.riachodasalmas.pe.leg.br/media/sapl/public/materialegislativa/2021/1112/projeto_de_lei_021.2021_de_autoria_do_excelentissimo_prefeito_do_municipio_de_riacho_das_almas_que_institui_o_regime_de_previdencia_complementar_no_ambito_do_municipio_de_r.pdf", "ementa": "Institui o Regime de Previd\u00eancia Complementar no \u00e2mbito do Munic\u00edpio de Riacho das Almas/PE."}, {"id": "1113", "ano": "2021", "numero": "22", "tipo__sigla": "PLE", "tipo__descricao": "Projeto de Lei do Executivo", "autoria": "Diocl\u00e9cio Rosendo de Lima Filho", "texto_original": "http://sapl.riachodasalmas.pe.leg.br/media/sapl/public/materialegislativa/2021/1113/projeto_de_lei_022.2021_de_autoria_do_chefe_do_executivo_que__estima_a_receita_e_fixa_a_despesa_do_municipio_para_o_exercicio_financeiro_de_2022..pdf", "ementa": "Estima a receita e fixa a despesa do Munic\u00edpio para o exerc\u00edcio financeiro de 2022."}, {"id": "1114", "ano": "2021", "numero": "23", "tipo__sigla": "PLE", "tipo__descricao": "Projeto de Lei do Executivo", "autoria": "Diocl\u00e9cio Rosendo de Lima Filho", "texto_original": "http://sapl.riachodasalmas.pe.leg.br/media/sapl/public/materialegislativa/2021/1114/projeto_de_lei_023.2021_de_autoria_do_prefeito_do_municipio_que_institui_o_plano_plurianual_do_municipio_para_o_periodo_de_2022_a_2025..pdf", "ementa": "Institui o Plano Plurianual do Munic\u00edpio para o per\u00edodo de 2022 a 2025."}, {"id": "1115", "ano": "2021", "numero": "24", "tipo__sigla": "PLE", "tipo__descricao": "Projeto de Lei do Executivo", "autoria": "Diocl\u00e9cio Rosendo de Lima Filho", "texto_original": "http://sapl.riachodasalmas.pe.leg.br/media/sapl/public/materialegislativa/2021/1115/projeto_de_lei_024.2021_de_autoria_do_prefeito_municipal_que_fixa_o_valor_minimo_para_ajuizamento_de_acao_de_execucao_fiscal_de_natureza_tributaria_objetivando_a_cobranca_d.pdf", "ementa": "Fixa o valor m\u00ednimo para ajuizamento de a\u00e7\u00e3o de execu\u00e7\u00e3o fiscal de natureza tribut\u00e1ria objetivando a cobran\u00e7a de d\u00edvida fiscal de natureza tribut\u00e1ria da Fazenda P\u00fablica Municipal."}, {"id": "1116", "ano": "2021", "numero": "25", "tipo__sigla": "PLE", "tipo__descricao": "Projeto de Lei do Executivo", "autoria": "Diocl\u00e9cio Rosendo de Lima Filho", "texto_original": "http://sapl.riachodasalmas.pe.leg.br/media/sapl/public/materialegislativa/2021/1116/projeto_de_lei_025.2021_de_autoria_do_excelentissimo_prefeito_do_municipio_que_torna_obrigatorio_para_os_servidores_efetivos_comissionados_e_temporarios_agentes_publicos_e_.pdf", "ementa": "Torna obrigat\u00f3rio para os servidores efetivos, comissionados e tempor\u00e1rios, agentes p\u00fablicos e prestadores de servi\u00e7os contratados pelos \u00f3rg\u00e3os e poderes do Munic\u00edpio de Riacho das Almas/PE a imuniza\u00e7\u00e3o contra a COVID-19."}, {"id": "1117", "ano": "2021", "numero": "26", "tipo__sigla": "PLE", "tipo__descricao": "Projeto de Lei do Executivo", "autoria": "Diocl\u00e9cio Rosendo de Lima Filho", "texto_original": "http://sapl.riachodasalmas.pe.leg.br/media/sapl/public/materialegislativa/2021/1117/projeto_de_lei_026.2021_de_autoria_do_excelentissimo_prefeito_dioclecio_rosendo_de_lima_filho_que_autoriza_a_abertura_de_credito_especial_e_da_outras_providencias..pdf", "ementa": "Autoriza a abertura de Cr\u00e9dito Especial, e d\u00e1 outras provid\u00eancias."}, {"id": "1118", "ano": "2021", "numero": "27", "tipo__sigla": "PLE", "tipo__descricao": "Projeto de Lei do Executivo", "autoria": "Diocl\u00e9cio Rosendo de Lima Filho", "texto_original": "http://sapl.riachodasalmas.pe.leg.br/media/sapl/public/materialegislativa/2021/1118/projeto_de_lei_027.2021_de_autoria_do_poder_executivo_que_autoriza_a_declarar_patimonio_municipal_e_imunes_de_corte_as_arvores_consideradas_de_preservaco_necessaria....pdf", "ementa": "Autoriza a declarar patrim\u00f4nio municipal e imunes de Corte as \u00e1rvores consideradas de preserva\u00e7\u00e3o necess\u00e1ria por sua localiza\u00e7\u00e3o, raridade, beleza ou condi\u00e7\u00e3o de porta sementes, e suas infra\u00e7\u00f5es."}, {"id": "1043", "ano": "2021", "numero": "1", "tipo__sigla": "PLL", "tipo__descricao": "Projeto de Lei do Legislativo", "autoria": "Nestor do Bordado", "texto_original": "http://sapl.riachodasalmas.pe.leg.br/media/sapl/public/materialegislativa/2021/1043/projeto_de_lei_001.2021-_fixa_o_salario_minimo_dos_servidores_da_camara_municipal_de_riacho_das_almas.pdf", "ementa": "Fixa o valor do sal\u00e1rio m\u00ednimo dos servidores da C\u00e2mara Municipal de Riacho das Almas e d\u00e1 outras provid\u00eancias."}, {"id": "1044", "ano": "2021", "numero": "2", "tipo__sigla": "PLL", "tipo__descricao": "Projeto de Lei do Legislativo", "autoria": "Kaio Bezerra", "texto_original": "http://sapl.riachodasalmas.pe.leg.br/media/sapl/public/materialegislativa/2021/1044/projeto_de_lei_002.2021-_denominar_como_jose_ronildo_da_silva_deinha_de_inacio_braz_a_rua_nova_por_tras_da_escola_jose_joaquim_de_lima..pdf", "ementa": "Denominar como Jos\u00e9 Ronildo da Silva (Deinha de In\u00e1cio Braz) a Rua Nova por tr\u00e1s da Escola Jos\u00e9 Joaquim de Lima."}, {"id": "1045", "ano": "2021", "numero": "3", "tipo__sigla": "PLL", "tipo__descricao": "Projeto de Lei do Legislativo", "autoria": "Dr. Neto", "texto_original": "http://sapl.riachodasalmas.pe.leg.br/media/sapl/public/materialegislativa/2021/1045/projeto_de_lei_003.2021-_incluir_as_praticas_de_educacao_fisica_como_essenciais_durante_a_pandemia..pdf", "ementa": "Incluir as pr\u00e1ticas de Educa\u00e7\u00e3o F\u00edsica como essenciais durante a pandemia."}, {"id": "1046", "ano": "2021", "numero": "4", "tipo__sigla": "PLL", "tipo__descricao": "Projeto de Lei do Legislativo", "autoria": "Dinho da Sa\u00fade", "texto_original": "http://sapl.riachodasalmas.pe.leg.br/media/sapl/public/materialegislativa/2021/1046/projeto_de_lei_004.2021-_dispoe_sobre_a_disponibilizacao_de_cadeiras_de_rodas_em_todas_reparticoes_publicas_no_municipio_de_riacho_das_almas..pdf", "ementa": "Disp\u00f5e sobre a disponibiliza\u00e7\u00e3o de cadeiras de rodas em todas reparti\u00e7\u00f5es p\u00fablicas no munic\u00edpio de Riacho das Almas."}, {"id": "1047", "ano": "2021", "numero": "5", "tipo__sigla": "PLL", "tipo__descricao": "Projeto de Lei do Legislativo", "autoria": "Genival da Sa\u00fade", "texto_original": "http://sapl.riachodasalmas.pe.leg.br/media/sapl/public/materialegislativa/2021/1047/projeto_de_lei_005.2021-_dispoe_sobre_a_denominacao_da_quadra_poliesportiva_da_escola_jose_joaquim_de_lima..pdf", "ementa": "Disp\u00f5e sobre a Denomina\u00e7\u00e3o da quadra Poliesportiva da Escola Jos\u00e9 Joaquim de Lima."}, {"id": "1048", "ano": "2021", "numero": "6", "tipo__sigla": "PLL", "tipo__descricao": "Projeto de Lei do Legislativo", "autoria": "Dr. Neto", "texto_original": "http://sapl.riachodasalmas.pe.leg.br/media/sapl/public/materialegislativa/2021/1048/projeto_de_lei_006.2021-_incluir_as_atividades_religiosas_cultos_igrejas_e_templos_como_atividades_essenciais_no_ambito_municipal_em_situacoes_de_calamidade_publica..pdf", "ementa": "Incluir as atividades religiosas, cultos, igrejas e templos como atividades essenciais no \u00e2mbito municipal em situa\u00e7\u00f5es de calamidade p\u00fablica."}, {"id": "1049", "ano": "2021", "numero": "7", "tipo__sigla": "PLL", "tipo__descricao": "Projeto de Lei do Legislativo", "autoria": "Dinho da Sa\u00fade", "texto_original": "http://sapl.riachodasalmas.pe.leg.br/media/sapl/public/materialegislativa/2021/1049/projeto_de_lei_007.2021-_institui_o_programa_de_prevencao_e_controle_de_diabetes_mellitus_na_rede_publica_municipal_de_riacho_das_almas..pdf", "ementa": "Institui o programa de preven\u00e7\u00e3o e controle de diabetes mellitus na rede p\u00fablica municipal de Riacho das Almas."}, {"id": "1050", "ano": "2021", "numero": "8", "tipo__sigla": "PLL", "tipo__descricao": "Projeto de Lei do Legislativo", "autoria": "Dr. Neto", "texto_original": "http://sapl.riachodasalmas.pe.leg.br/media/sapl/public/materialegislativa/2021/1050/projeto_de_lei_008.2021-_dispoe_sobre_a_contratacao_de_mao_de_obra_do_municipio_de_riacho_das_almas_pelas_empresas_que_irao_prestar_servico..pdf", "ementa": "Disp\u00f5e sobre a contrata\u00e7\u00e3o de m\u00e3o de obra do munic\u00edpio de Riacho das Almas pelas empresas que ir\u00e3o prestar servi\u00e7o."}, {"id": "1051", "ano": "2021", "numero": "9", "tipo__sigla": "PLL", "tipo__descricao": "Projeto de Lei do Legislativo", "autoria": "Dr. Neto", "texto_original": "http://sapl.riachodasalmas.pe.leg.br/media/sapl/public/materialegislativa/2021/1051/projeto_de_lei_009.2021-_dispoe_sobre_a_divulgacao_no_site_oficial_da_prefeitura_de_riacho_das_almas_sobre_todos_medicamentos_disponiveis_na_rede_de_saude..pdf", "ementa": "Disp\u00f5e sobre a divulga\u00e7\u00e3o no site oficial da Prefeitura de Riacho das Almas sobre todos medicamentos dispon\u00edveis na rede de sa\u00fade."}, {"id": "1052", "ano": "2021", "numero": "10", "tipo__sigla": "PLL", "tipo__descricao": "Projeto de Lei do Legislativo", "autoria": "Pastor Gustavo Lucena", "texto_original": "http://sapl.riachodasalmas.pe.leg.br/media/sapl/public/materialegislativa/2021/1052/pll_010_2021.pdf", "ementa": "Institui a Carteira de Identifica\u00e7\u00e3o da Pessoa com Transtorno do Espectro Autista - CIPTEA."}, {"id": "1053", "ano": "2021", "numero": "11", "tipo__sigla": "PLL", "tipo__descricao": "Projeto de Lei do Legislativo", "autoria": "Jos\u00e9 Welder Ferreira", "texto_original": "http://sapl.riachodasalmas.pe.leg.br/media/sapl/public/materialegislativa/2021/1053/projeto_de_lei_011.2021_-_institurar_a_politica_municipal_de_protecao_aos_direitos_das_pessoas_com_transtorno_do_espectro_autista_e_da_outras_providencias..pdf", "ementa": "Instituir a Pol\u00edtica Municipal de Prote\u00e7\u00e3o aos Direitos das Pessoas com Transtorno do Espectro Autista e d\u00e1 outras provid\u00eancias."}, {"id": "1054", "ano": "2021", "numero": "12", "tipo__sigla": "PLL", "tipo__descricao": "Projeto de Lei do Legislativo", "autoria": "Jos\u00e9 Welder Ferreira", "texto_original": "http://sapl.riachodasalmas.pe.leg.br/media/sapl/public/materialegislativa/2021/1054/projeto_de_lei_012.2021-_cria_um_centro_de_assistencia_ao_animal_de_rua-_espaco_publico_para_acolhimento_de_caes_e_gatos..pdf", "ementa": "Cria um centro de assist\u00eancia ao animal de rua- Espa\u00e7o P\u00fablico para acolhimento de C\u00e3es e Gatos."}, {"id": "1055", "ano": "2021", "numero": "13", "tipo__sigla": "PLL", "tipo__descricao": "Projeto de Lei do Legislativo", "autoria": "Dinho da Sa\u00fade", "texto_original": "http://sapl.riachodasalmas.pe.leg.br/media/sapl/public/materialegislativa/2021/1055/projeto_de_lei_013.2021_-_denomina_nome_de_rua_vereador_valdemiro_correia_de_lima_no_municipio_de_riacho_das_almas.pdf", "ementa": "Denomina nome de Rua Vereador Valdemiro Correia de Lima no munic\u00edpio de Riacho das Almas."}, {"id": "1056", "ano": "2021", "numero": "14", "tipo__sigla": "PLL", "tipo__descricao": "Projeto de Lei do Legislativo", "autoria": "Dinho da Sa\u00fade", "texto_original": "http://sapl.riachodasalmas.pe.leg.br/media/sapl/public/materialegislativa/2021/1056/projeto_de_lei_014.2021_-_denomina_nome_de_avenida_vereador_jose_hipolito_de_medeiros_irmao.pdf", "ementa": "Denomina nome de Avenida Vereador Jos\u00e9 Hip\u00f3lito de Medeiros Irm\u00e3o."}, {"id": "1057", "ano": "2021", "numero": "15", "tipo__sigla": "PLL", "tipo__descricao": "Projeto de Lei do Legislativo", "autoria": "Jos\u00e9 Welder Ferreira", "texto_original": "http://sapl.riachodasalmas.pe.leg.br/media/sapl/public/materialegislativa/2021/1057/projeto_de_lei_015.2021_-_denomina_nome_de_rua_professora_alcione_maria_sales_da_costa_no_municipio_de_riacho_das_almas.pdf", "ementa": "Denomina nome de Rua Professora Alcione Maria Sales da Costa no munic\u00edpio de Riacho das Almas."}, {"id": "1058", "ano": "2021", "numero": "16", "tipo__sigla": "PLL", "tipo__descricao": "Projeto de Lei do Legislativo", "autoria": "Jos\u00e9 Welder Ferreira", "texto_original": "http://sapl.riachodasalmas.pe.leg.br/media/sapl/public/materialegislativa/2021/1058/projeto_de_lei_016.2021-_denomina_nome_de_rua_elpidio_jose_cardoso_no_municipio_de_riacho_das_almas.pdf", "ementa": "Denomina nome de Rua Elpidio Jos\u00e9 Cardoso no munic\u00edpio de Riacho das Almas."}, {"id": "1059", "ano": "2021", "numero": "17", "tipo__sigla": "PLL", "tipo__descricao": "Projeto de Lei do Legislativo", "autoria": "Jos\u00e9 Welder Ferreira", "texto_original": "http://sapl.riachodasalmas.pe.leg.br/media/sapl/public/materialegislativa/2021/1059/projeto_de_lei_017.2021-_denomina_nome_de_avenida_jose_ferreira_neto_ze_branco_no_municipio_de_riacho_das_almas.pdf", "ementa": "Denomina nome de Avenida Jos\u00e9 Ferreira Neto (Z\u00e9 Branco) no munic\u00edpio de Riacho das Almas."}, {"id": "1060", "ano": "2021", "numero": "18", "tipo__sigla": "PLL", "tipo__descricao": "Projeto de Lei do Legislativo", "autoria": "Dinho da Sa\u00fade", "texto_original": "http://sapl.riachodasalmas.pe.leg.br/media/sapl/public/materialegislativa/2021/1060/projeto_de_lei_018.2021_-_denomina_nome_de_avenida_vereador_manoel_joao_de_melo_no_municipio_de_riacho_das_almas.pdf", "ementa": "Denomina nome de Avenida Vereador Manoel Jo\u00e3o de Melo no munic\u00edpio de Riacho das Almas."}, {"id": "1061", "ano": "2021", "numero": "19", "tipo__sigla": "PLL", "tipo__descricao": "Projeto de Lei do Legislativo", "autoria": "Dinho da Sa\u00fade", "texto_original": "http://sapl.riachodasalmas.pe.leg.br/media/sapl/public/materialegislativa/2021/1061/projeto_de_lei_019.2021_-_denomina_nome_de_avenida_severino_basio_do_nascimento_no_municipio_de_riacho_das_almas.pdf", "ementa": "Denomina nome de Avenida Severino Basio do Nascimento no munic\u00edpio de Riacho das Almas."}, {"id": "1062", "ano": "2021", "numero": "20", "tipo__sigla": "PLL", "tipo__descricao": "Projeto de Lei do Legislativo", "autoria": "Dinho da Sa\u00fade", "texto_original": "http://sapl.riachodasalmas.pe.leg.br/media/sapl/public/materialegislativa/2021/1062/projeto_de_lei_020.2021_-_denomina_nome_de_rua_isac_francisco_da_silva_no_municipio_de_riacho_das_almas.pdf", "ementa": "Denomina nome de Rua Isac Francisco da Silva no munic\u00edpio de Riacho das Almas."}, {"id": "1063", "ano": "2021", "numero": "21", "tipo__sigla": "PLL", "tipo__descricao": "Projeto de Lei do Legislativo", "autoria": "Dinho da Sa\u00fade", "texto_original": "http://sapl.riachodasalmas.pe.leg.br/media/sapl/public/materialegislativa/2021/1063/projeto_de_lei_021.2021_-__denomina_nome_de_rua_jose_soares_filho_no_municipio_de_riacho_das_almas.pdf", "ementa": "Denomina nome de Rua Jos\u00e9 Soares Filho no munic\u00edpio de Riacho das Almas."}, {"id": "1064", "ano": "2021", "numero": "22", "tipo__sigla": "PLL", "tipo__descricao": "Projeto de Lei do Legislativo", "autoria": "Dinho da Sa\u00fade", "texto_original": "http://sapl.riachodasalmas.pe.leg.br/media/sapl/public/materialegislativa/2021/1064/projeto_de_lei_022.2021-_denomina_nome_de_rua_jose_carlos_gomes_de_lima_no_municipio_de_riacho_das_almas.pdf", "ementa": "Denomina nome de Rua JOS\u00c9 CARLOS GOMES DE LIMA no munic\u00edpio de Riacho das Almas."}, {"id": "1065", "ano": "2021", "numero": "23", "tipo__sigla": "PLL", "tipo__descricao": "Projeto de Lei do Legislativo", "autoria": "Pastor Gustavo Lucena", "texto_original": "http://sapl.riachodasalmas.pe.leg.br/media/sapl/public/materialegislativa/2021/1065/projeto_de_lei_023.2021-dispoe_sobre_a__inclusao_de_pessoas_com_fissura_labio_palatina_e_ou_anomalias_cranio_faciais_como_pessoa_com_deficiencia_no_municipio_de_riacho_das_almas.pdf", "ementa": "Disp\u00f5e sobre a inclus\u00e3o de pessoas com fissura l\u00e1bio palatina e ou anomalias cr\u00e2nio faciais, como pessoa com defici\u00eancia no Munic\u00edpio de Riacho das Almas."}, {"id": "1066", "ano": "2021", "numero": "24", "tipo__sigla": "PLL", "tipo__descricao": "Projeto de Lei do Legislativo", "autoria": "Dinho da Sa\u00fade", "texto_original": "http://sapl.riachodasalmas.pe.leg.br/media/sapl/public/materialegislativa/2021/1066/projeto_de_lei_024.2021_do_legislativo_de_autoria_do_vereador_leonardo_henrique_que_denomina_nome_de_rua_alaide_ferreira_da_silva_no_municipio_de_riacho_das_almas..pdf", "ementa": "Denomina nome de Rua Ala\u00edde Ferreira da Silva no munic\u00edpio de Riacho das Almas."}, {"id": "1067", "ano": "2021", "numero": "25", "tipo__sigla": "PLL", "tipo__descricao": "Projeto de Lei do Legislativo", "autoria": "Dr. Neto", "texto_original": "http://sapl.riachodasalmas.pe.leg.br/media/sapl/public/materialegislativa/2021/1067/projeto_de_lei_025.2021_-_de_autoria_do_vereador_dr._neto_combate_ao_machismo.pdf", "ementa": "Institui a Campanha Permanente de Combate ao Machismo e Valoriza\u00e7\u00e3o das Mulheres nas escolas p\u00fablicas do munic\u00edpio de Riacho das Almas-PE e d\u00e1 outras provid\u00eancias."}, {"id": "1068", "ano": "2021", "numero": "26", "tipo__sigla": "PLL", "tipo__descricao": "Projeto de Lei do Legislativo", "autoria": "Pastor Gustavo Lucena", "texto_original": "http://sapl.riachodasalmas.pe.leg.br/media/sapl/public/materialegislativa/2021/1068/projeto_de_lei_026.2021_do_legislativo_de_autoria_do_vereador_gustavo_lucena_que_dispoe_sobre_a_criacao_do_ambiente_exclusivo_ao_tratamento_da_saudemental.pdf", "ementa": "Disp\u00f5e sobre a cria\u00e7\u00e3o do ambiente exclusivo ao tratamento da Sa\u00fade Mental."}, {"id": "1069", "ano": "2021", "numero": "27", "tipo__sigla": "PLL", "tipo__descricao": "Projeto de Lei do Legislativo", "autoria": "Nestor do Bordado", "texto_original": "http://sapl.riachodasalmas.pe.leg.br/media/sapl/public/materialegislativa/2021/1069/projeto_de_lei_027.2021_do_legislativo_de_autoria_do_vereador_nestor_de_lira_que_denomina_nome_de_rua_vereador_jose_bezerra_da_silva_na_vila_rangel.pdf", "ementa": "Denomina nome de Rua Vereador Jos\u00e9 Bezerra da Silva na Vila Rangel, zona rural do Munic\u00edpio de Riacho das Almas/PE, e das outras provid\u00eancias."}, {"id": "1070", "ano": "2021", "numero": "28", "tipo__sigla": "PLL", "tipo__descricao": "Projeto de Lei do Legislativo", "autoria": "Pastor Gustavo Lucena", "texto_original": "http://sapl.riachodasalmas.pe.leg.br/media/sapl/public/materialegislativa/2021/1070/projeto_de_lei_028.2021_de_autoria_do_vereador_gustavo_andre_de_lucena_sousa_que_denomina_nome_de_rua_severina_maria_de_arruda_na_vila_rangel.pdf", "ementa": "Denomina nome de Rua SEVERINA MARIA DE ARRUDA, na Vila Rangel, munic\u00edpio de Riacho das Almas/PE, e da outras provid\u00eancias."}, {"id": "1071", "ano": "2021", "numero": "29", "tipo__sigla": "PLL", "tipo__descricao": "Projeto de Lei do Legislativo", "autoria": "Dinho da Sa\u00fade", "texto_original": "http://sapl.riachodasalmas.pe.leg.br/media/sapl/public/materialegislativa/2021/1071/projeto_de_lei_029.2021_de_iniciativa_do_excelentissimo_vereador_leonardo_henrique_de_moura_que_dispoe_sobre_a_prevencao_e_punicao_dos_atos_de_vandalismo.pdf", "ementa": "Disp\u00f5e sobre a preven\u00e7\u00e3o e puni\u00e7\u00e3o de atos de vandalismo ao patrim\u00f4nio p\u00fablico no \u00e2mbito do Munic\u00edpio de Riacho das Almas/PE, e da outras provid\u00eancias."}, {"id": "1072", "ano": "2021", "numero": "30", "tipo__sigla": "PLL", "tipo__descricao": "Projeto de Lei do Legislativo", "autoria": "Dinho da Sa\u00fade", "texto_original": "http://sapl.riachodasalmas.pe.leg.br/media/sapl/public/materialegislativa/2021/1072/projeto_de_lei_030.2021_de_iniciativa_do_excelentissimo_vereador_leonardo_henrique_de_moura_que_denomina_unidade_basica_de_saude__ubs_jose_manoel_dossantos.pdf", "ementa": "Denomina nome da Unidade B\u00e1sica de Sa\u00fade - UBS Jos\u00e9 Manoel dos Santos no Munic\u00edpio de Riacho das Almas/PE, e da outras provid\u00eancias."}, {"id": "1073", "ano": "2021", "numero": "31", "tipo__sigla": "PLL", "tipo__descricao": "Projeto de Lei do Legislativo", "autoria": "Dr. Neto", "texto_original": "http://sapl.riachodasalmas.pe.leg.br/media/sapl/public/materialegislativa/2021/1073/projeto_de_lei_031.2021_de_iniciativa_do_excelentissimo_vereador_florisvaldo_bezerra_lopes_neto_que_institui_o_programa_de_internet_segura_e_acessivel.pdf", "ementa": "Institui a Programa de Internet Segura e Acess\u00edvel no munic\u00edpio de Riacho das Almas-PE e d\u00e1 outras provid\u00eancias."}, {"id": "1074", "ano": "2021", "numero": "32", "tipo__sigla": "PLL", "tipo__descricao": "Projeto de Lei do Legislativo", "autoria": "Pastor Gustavo Lucena", "texto_original": "http://sapl.riachodasalmas.pe.leg.br/media/sapl/public/materialegislativa/2021/1074/projeto_de_lei_032.2021_vereador_gustavo_andre_de_lucena_sousa_que_institui_a_doacao_gratuita_de_absorventes_a_jovens_alunas_da_rede_municipal_de_ensino..pdf", "ementa": "Institui a doa\u00e7\u00e3o gratuita de absorventes a jovens alunas da rede municipal de ensino."}, {"id": "1075", "ano": "2021", "numero": "33", "tipo__sigla": "PLL", "tipo__descricao": "Projeto de Lei do Legislativo", "autoria": "Dinho da Sa\u00fade", "texto_original": "http://sapl.riachodasalmas.pe.leg.br/media/sapl/public/materialegislativa/2021/1075/projeto_de_lei_033.2021_de_vereador_leonardo_henrique_de_moura_que_denomina_unidade_basica_de_saude__ubs_manoel_vicente_da_fonseca_sobrinho.pdf", "ementa": "Denomina nome da Unidade B\u00e1sica de Sa\u00fade - UBS Manoel Vicente da Fons\u00eaca Sobrinho no Munic\u00edpio de Riacho das Almas/PE, e da outras provid\u00eancias."}, {"id": "1076", "ano": "2021", "numero": "34", "tipo__sigla": "PLL", "tipo__descricao": "Projeto de Lei do Legislativo", "autoria": "Dinho da Sa\u00fade", "texto_original": "http://sapl.riachodasalmas.pe.leg.br/media/sapl/public/materialegislativa/2021/1076/projeto_de_lei_034.2021_de_autoria_do_vereador_leonardo_henrique_de_moura_que_denomina_nome_da_unidade_basica_de_saude__ubs-_antonio_ferreira_de_azevedo.pdf", "ementa": "Denomina nome da Unidade B\u00e1sica de Sa\u00fade - UBS Ant\u00f4nio Ferreira de Azevedo no Munic\u00edpio de Riacho das Almas/PE, e da outras provid\u00eancias."}, {"id": "1077", "ano": "2021", "numero": "35", "tipo__sigla": "PLL", "tipo__descricao": "Projeto de Lei do Legislativo", "autoria": "Dr. Neto, Abenildo da Ramada, Dinho da Sa\u00fade, Genival da Sa\u00fade, Jos\u00e9 Welder Ferreira, Junior Miranda, Kaio Bezerra, Leandro da Sa\u00fade, Nestor do Bordado, Pastor Gustavo Lucena, Vandilson Barbeiro", "texto_original": "http://sapl.riachodasalmas.pe.leg.br/media/sapl/public/materialegislativa/2021/1077/projeto_de_lei_035.2021.pdf", "ementa": "Altera a Lei Municipal 1.186/ 2015 de 17 de julho de 2015 que disp\u00f5e sobre a Atualiza\u00e7\u00e3o do Plano Municipal do Conselho Tutelar de Riacho das Almas-P\u0415 e d\u00e1 outras provid\u00eancias."}, {"id": "1078", "ano": "2021", "numero": "36", "tipo__sigla": "PLL", "tipo__descricao": "Projeto de Lei do Legislativo", "autoria": "Genival da Sa\u00fade", "texto_original": "http://sapl.riachodasalmas.pe.leg.br/media/sapl/public/materialegislativa/2021/1078/projeto_de_lei_036.2021_de_autoria_de_todos_os__vereadores.pdf", "ementa": "Disp\u00f5e sobre a instala\u00e7\u00e3o de equipamento eliminador de ar na tubula\u00e7\u00e3o do sistema de abastecimento de \u00e1gua no munic\u00edpio de Riacho das Almas/PE."}, {"id": "1079", "ano": "2021", "numero": "37", "tipo__sigla": "PLL", "tipo__descricao": "Projeto de Lei do Legislativo", "autoria": "Dinho da Sa\u00fade", "texto_original": "http://sapl.riachodasalmas.pe.leg.br/media/sapl/public/materialegislativa/2021/1079/projeto_de_lei_037.2021_de_autoria_do_vereador_leonardo_henrique_que_veda_a_nomeacao_para_cargos_em_comissao_de_pessoas.pdf", "ementa": "Veda a nomea\u00e7\u00e3o para cargos em comiss\u00e3o de pessoas que tenham sido condenadas pela Lei Federal 11.3402006 (Lei Maria da Penha)."}, {"id": "1080", "ano": "2021", "numero": "38", "tipo__sigla": "PLL", "tipo__descricao": "Projeto de Lei do Legislativo", "autoria": "Dinho da Sa\u00fade", "texto_original": "http://sapl.riachodasalmas.pe.leg.br/media/", "ementa": "Institui o Programa Municipal de Atendimento a crian\u00e7as e adolescentes dependentes de drogas e entorpecentes e d\u00e1 outras provid\u00eancias."}, {"id": "1081", "ano": "2021", "numero": "39", "tipo__sigla": "PLL", "tipo__descricao": "Projeto de Lei do Legislativo", "autoria": "Dinho da Sa\u00fade", "texto_original": "http://sapl.riachodasalmas.pe.leg.br/media/sapl/public/materialegislativa/2021/1081/projeto_de_lei_039.2021_de_autoria_do_vereador_leonardo_henrique_que_revoga_a_lei_1.309_de_27_de_setembro_de_2021_que_denomina_nome_da_unidade_basica_de_saude.pdf", "ementa": "Revoga a Lei 1.309 de 27 de setembro de 2021 que denomina nome da Unidade B\u00e1sica de Sa\u00fade \u2013 UBS Ant\u00f4nio Ferreira de Azevedo ( Buaca) e nomeia a mesma como Gercino Barbosa de Lima, localizada na Vila Pinh\u00f5es."}, {"id": "1082", "ano": "2021", "numero": "40", "tipo__sigla": "PLL", "tipo__descricao": "Projeto de Lei do Legislativo", "autoria": "Dinho da Sa\u00fade", "texto_original": "http://sapl.riachodasalmas.pe.leg.br/media/sapl/public/materialegislativa/2021/1082/projeto_de_lei_040.2021_de_autoria_do_vereador_leonardo_henrique_que_denomina_nome_da_quadra_poliesportiva_da_escola_santos_cardoso_como_antonio_ferreira_de_azevedo_buaca.pdf", "ementa": "Denomina nome da Quadra Poliesportiva da Escola Santos Cardoso como Ant\u00f4nio Ferreira de Azevedo (Buaca), na Vila Pinh\u00f5es, munic\u00edpio de Riacho das Almas/PE."}, {"id": "1083", "ano": "2021", "numero": "41", "tipo__sigla": "PLL", "tipo__descricao": "Projeto de Lei do Legislativo", "autoria": "", "texto_original": "http://sapl.riachodasalmas.pe.leg.br/media/sapl/public/materialegislativa/2021/1083/projeto_de_lei_041.2021_de_autoria_do_vereador_leonardo_henrique_que_institui_a_exigencia_de_ficha_limpa_para_nomeacao_nos_cargos_comissionados.pdf", "ementa": "Institui a exig\u00eancia de ficha limpa para nomea\u00e7\u00e3o nos cargos comissionados existentes nos \u00f3rg\u00e3os dos poderes executivo e legislativo municipal."}, {"id": "1084", "ano": "2021", "numero": "42", "tipo__sigla": "PLL", "tipo__descricao": "Projeto de Lei do Legislativo", "autoria": "Dr. Neto", "texto_original": "http://sapl.riachodasalmas.pe.leg.br/media/sapl/public/materialegislativa/2021/1084/projeto_de_lei_042.2021_de_autoria_do_vereador_florisvaldo_bezerra_lopes_neto_que_denomina_como_margarida_pessoa_gomes_de_moura_a_rua_profo_manoelzinho.pdf", "ementa": "Denomina como Margarida Pessoa Gomes de Moura a Rua Prof. Manoelzinho conhecida \u201cRua da Lama\u201d na Vila Trapi\u00e1."}, {"id": "1085", "ano": "2021", "numero": "43", "tipo__sigla": "PLL", "tipo__descricao": "Projeto de Lei do Legislativo", "autoria": "Dr. Neto", "texto_original": "http://sapl.riachodasalmas.pe.leg.br/media/sapl/public/materialegislativa/2021/1085/projeto_de_lei_043.2021_de_autoria_do_vereador_florisvaldo_bezerra_lopes_neto_que_dispoe_sobre_a_obrigatoriedade_de_implantacao_do_processo_de_coleta_seletiva.pdf", "ementa": "Disp\u00f5e sobre a obrigatoriedade de implanta\u00e7\u00e3o do processo de coleta seletiva de materiais recicl\u00e1veis nos pr\u00e9dios p\u00fablicos do Munic\u00edpio de Riacho das Almas/PE."}, {"id": "1086", "ano": "2021", "numero": "44", "tipo__sigla": "PLL", "tipo__descricao": "Projeto de Lei do Legislativo", "autoria": "Dinho da Sa\u00fade", "texto_original": "http://sapl.riachodasalmas.pe.leg.br/media/sapl/public/materialegislativa/2021/1086/projeto_de_lei_044.2021_de_autoria_do_vereador_leonardo_henrique_de_moura_que_dispoe_sobre_imoveis_com_obras_paralisadas_ha_mais_de_45_quarenta_e_cinco_dias.pdf", "ementa": "Disp\u00f5e sobre im\u00f3veis com obras paralisadas h\u00e1 mais de 45 (quarenta e cinco dias) no Munic\u00edpio de Riacho das Almas/PE."}, {"id": "1087", "ano": "2021", "numero": "45", "tipo__sigla": "PLL", "tipo__descricao": "Projeto de Lei do Legislativo", "autoria": "Pastor Gustavo Lucena", "texto_original": "http://sapl.riachodasalmas.pe.leg.br/media/sapl/public/materialegislativa/2021/1087/projeto_de_lei_045.2021_de_autoria_do_vereador_gustavo_lucena_que_institui_no_ambito_municipal_a_camapanha_dezembro_verde.pdf", "ementa": "Institui no \u00e2mbito municipal a \u201ccampanha dezembro verde\u201d dedicada a a\u00e7\u00f5es de conscientiza\u00e7\u00e3o contra o abandono de animais no munic\u00edpio de Riacho das Almas/PE."}, {"id": "1088", "ano": "2021", "numero": "46", "tipo__sigla": "PLL", "tipo__descricao": "Projeto de Lei do Legislativo", "autoria": "Dr. Neto, Genival da Sa\u00fade, Jos\u00e9 Welder Ferreira, Leandro da Sa\u00fade, Nestor do Bordado", "texto_original": "http://sapl.riachodasalmas.pe.leg.br/media/sapl/public/materialegislativa/2021/1088/projeto_de_lei_046.2021_de_autoria_do_vereador_neto_que_dispoe_sobre_o_rateio_do_fundo_de_manutencao_e_desenvolvimento_da_educacao_basica.pdf", "ementa": "Disp\u00f5e sobre o rateio do Fundo de Manuten\u00e7\u00e3o e Desenvolvimento da Educa\u00e7\u00e3o B\u00e1sica e de Valoriza\u00e7\u00e3o dos Profissionais da Educa\u00e7\u00e3o \u2013 FUNDEB com os servidores em efetivo exerc\u00edcio no Magist\u00e9rio da Educa\u00e7\u00e3o B\u00e1sica e d\u00e1 outras provid\u00eancias."}, {"id": "1089", "ano": "2021", "numero": "47", "tipo__sigla": "PLL", "tipo__descricao": "Projeto de Lei do Legislativo", "autoria": "Kaio Bezerra", "texto_original": "http://sapl.riachodasalmas.pe.leg.br/media/sapl/public/materialegislativa/2021/1089/projeto_de_lei_047.2021_de_autoria_do_vereador_jairverton_kaio_que_institui_o_programa_de_adocao_de_pracas_publicas_parques_areas_publicas_de_carater_esportivo.pdf", "ementa": "Institui o Programa de Ado\u00e7\u00e3o de Pra\u00e7as P\u00fablicas Parques \u00c1reas P\u00fablicas de car\u00e1ter esportivo ou recreativo e \u00e1reas verdes do munic\u00edpio de Riacho das Almas/PE."}, {"id": "1090", "ano": "2021", "numero": "48", "tipo__sigla": "PLL", "tipo__descricao": "Projeto de Lei do Legislativo", "autoria": "Junior Miranda", "texto_original": "http://sapl.riachodasalmas.pe.leg.br/media/sapl/public/materialegislativa/2021/1090/projeto_de_lei_048.2021_de_autoria_do_vereador_junior_miranda_que_denomina_a_unidade_basica_de_saude_-_ubs_jose_severino_de_miranda_localizada_no_sitio_bandeira..pdf", "ementa": "Denomina a Unidade B\u00e1sica de Sa\u00fade - UBS Jos\u00e9 Severino de Miranda localizada no sitio Bandeira."}, {"id": "1091", "ano": "2021", "numero": "49", "tipo__sigla": "PLL", "tipo__descricao": "Projeto de Lei do Legislativo", "autoria": "Kaio Bezerra", "texto_original": "http://sapl.riachodasalmas.pe.leg.br/media/sapl/public/materialegislativa/2021/1091/projeto_de_lei_049.2021_de_autoria_do_vereador_jairverton_kaio_dos_santos_bezerra_que_denomina_como_edvaldo_jose_da_silva_tavares_o_campo_municipal...pdf", "ementa": "Denominar como Edvaldo Jose da Silva (Tavares) o campo municipal, conhecido como campo da salina......"}, {"id": "641", "ano": "2021", "numero": "1", "tipo__sigla": "REQ", "tipo__descricao": "Requerimento", "autoria": "Kaio Bezerra", "texto_original": "http://sapl.riachodasalmas.pe.leg.br/media/sapl/public/materialegislativa/2021/641/requerimento_001._2021.pdf", "ementa": "No sentido de realizar reformas na UBS da Vila do Vitorino."}, {"id": "642", "ano": "2021", "numero": "2", "tipo__sigla": "REQ", "tipo__descricao": "Requerimento", "autoria": "Kaio Bezerra", "texto_original": "http://sapl.riachodasalmas.pe.leg.br/media/sapl/public/materialegislativa/2021/642/requerimento_002._2021.pdf", "ementa": "No sentido de realizar Reformas na Escola Municipal Luiz Francisco da Silva da Vila do Vitorino."}, {"id": "643", "ano": "2021", "numero": "3", "tipo__sigla": "REQ", "tipo__descricao": "Requerimento", "autoria": "Kaio Bezerra", "texto_original": "http://sapl.riachodasalmas.pe.leg.br/media/sapl/public/materialegislativa/2021/643/requerimento_003._2021.pdf", "ementa": "No sentindo de que seja feita Reformas estruturais no CVT da Vila do Vitorino."}, {"id": "644", "ano": "2021", "numero": "4", "tipo__sigla": "REQ", "tipo__descricao": "Requerimento", "autoria": "Kaio Bezerra", "texto_original": "http://sapl.riachodasalmas.pe.leg.br/media/sapl/public/materialegislativa/2021/644/requerimento_004._2021.pdf", "ementa": "No sentido de construir  uma nova escola municipal na Vila do Vitorino, zona rural deste munic\u00edpio."}, {"id": "645", "ano": "2021", "numero": "5", "tipo__sigla": "REQ", "tipo__descricao": "Requerimento", "autoria": "Kaio Bezerra", "texto_original": "http://sapl.riachodasalmas.pe.leg.br/media/sapl/public/materialegislativa/2021/645/requerimento_005._2021.pdf", "ementa": "No sentido de implantar ilumina\u00e7\u00e3o p\u00fablica de LED na Vila do Vitorino."}, {"id": "646", "ano": "2021", "numero": "6", "tipo__sigla": "REQ", "tipo__descricao": "Requerimento", "autoria": "Kaio Bezerra", "texto_original": "http://sapl.riachodasalmas.pe.leg.br/media/sapl/public/materialegislativa/2021/646/requerimento_006._2021.pdf", "ementa": "No  sentido de fazer a pavimenta\u00e7\u00e3o da estrada vicinal que liga a PE-95 at\u00e9 a Vila do Vitorino."}, {"id": "647", "ano": "2021", "numero": "7", "tipo__sigla": "REQ", "tipo__descricao": "Requerimento", "autoria": "Kaio Bezerra", "texto_original": "http://sapl.riachodasalmas.pe.leg.br/media/sapl/public/materialegislativa/2021/647/requerimento_007._2021.pdf", "ementa": "No sentido de fazer aquisi\u00e7\u00e3o de ambul\u00e2ncia para a Vila do Vitorino."}, {"id": "648", "ano": "2021", "numero": "8", "tipo__sigla": "REQ", "tipo__descricao": "Requerimento", "autoria": "Kaio Bezerra", "texto_original": "http://sapl.riachodasalmas.pe.leg.br/media/sapl/public/materialegislativa/2021/648/requerimento_008._2021.pdf", "ementa": "No sentido de construir uma Creche na Vila do Vitorino, na zona rural deste munic\u00edpio."}, {"id": "649", "ano": "2021", "numero": "9", "tipo__sigla": "REQ", "tipo__descricao": "Requerimento", "autoria": "Kaio Bezerra", "texto_original": "http://sapl.riachodasalmas.pe.leg.br/media/sapl/public/materialegislativa/2021/649/requerimento_009._2021.pdf", "ementa": "No sentido de promover  uma reforma estrutural na pra\u00e7a p\u00fablica da Vila do Vitorino."}, {"id": "650", "ano": "2021", "numero": "10", "tipo__sigla": "REQ", "tipo__descricao": "Requerimento", "autoria": "Kaio Bezerra", "texto_original": "http://sapl.riachodasalmas.pe.leg.br/media/sapl/public/materialegislativa/2021/650/requerimento_010._2021.pdf", "ementa": "No  sentido de construir um p\u00f3rtico na entrada localizado as margens da PE- 95, acesso a Vila do Vitorino, na zona rural deste munic\u00edpio."}, {"id": "651", "ano": "2021", "numero": "11", "tipo__sigla": "REQ", "tipo__descricao": "Requerimento", "autoria": "Kaio Bezerra", "texto_original": "http://sapl.riachodasalmas.pe.leg.br/media/sapl/public/materialegislativa/2021/651/requerimento_011._2021.pdf", "ementa": "No sentido de que seja feita a pavimenta\u00e7\u00e3o em paralelep\u00edpedos do Povoado do Cajueiro."}, {"id": "652", "ano": "2021", "numero": "12", "tipo__sigla": "REQ", "tipo__descricao": "Requerimento", "autoria": "", "texto_original": "http://sapl.riachodasalmas.pe.leg.br/media/", "ementa": "No sentido de que seja feita a conclus\u00e3o da pavimenta\u00e7\u00e3o em paralelep\u00edpedos na Vila Atalaia."}, {"id": "653", "ano": "2021", "numero": "13", "tipo__sigla": "REQ", "tipo__descricao": "Requerimento", "autoria": "Kaio Bezerra", "texto_original": "http://sapl.riachodasalmas.pe.leg.br/media/sapl/public/materialegislativa/2021/653/requerimento_013._2021.pdf", "ementa": "No sentido de construir um ponto de \u00f4nibus as margens da PE,95 na entrada do s\u00edtio salobro(Entrada do senhor Israel) zona rural deste munic\u00edpio, bem como seja promovida reformas nos   pontos de \u00f4nibus j\u00e1 existentes as margens da PE-95."}, {"id": "654", "ano": "2021", "numero": "14", "tipo__sigla": "REQ", "tipo__descricao": "Requerimento", "autoria": "Kaio Bezerra", "texto_original": "http://sapl.riachodasalmas.pe.leg.br/media/sapl/public/materialegislativa/2021/654/requerimento_014._2021.pdf", "ementa": "No sentido de realizar reforma estrutural na UBS do Posto do povoado de Bara\u00fanas, zona rural deste munic\u00edpio."}, {"id": "655", "ano": "2021", "numero": "15", "tipo__sigla": "REQ", "tipo__descricao": "Requerimento", "autoria": "Kaio Bezerra", "texto_original": "http://sapl.riachodasalmas.pe.leg.br/media/sapl/public/materialegislativa/2021/655/requerimento_015._2021.pdf", "ementa": "No sentido de realizar  reforma estrutural na Escola Municipal Tertuliano Ferreira no Povoado de Bara\u00fanas, zona rural deste munic\u00edpio."}, {"id": "656", "ano": "2021", "numero": "16", "tipo__sigla": "REQ", "tipo__descricao": "Requerimento", "autoria": "Kaio Bezerra", "texto_original": "http://sapl.riachodasalmas.pe.leg.br/media/sapl/public/materialegislativa/2021/656/requerimento_016._2021.pdf", "ementa": "No sentido de Implanta ilumina\u00e7\u00e3o p\u00fablica de LED no Povoado de Bara\u00fanas, zona rural deste munic\u00edpio."}, {"id": "657", "ano": "2021", "numero": "17", "tipo__sigla": "REQ", "tipo__descricao": "Requerimento", "autoria": "Kaio Bezerra", "texto_original": "http://sapl.riachodasalmas.pe.leg.br/media/sapl/public/materialegislativa/2021/657/requerimento_017._2021.pdf", "ementa": "No sentido de Implanta  ilumina\u00e7\u00e3o p\u00fablica de LED na Vila de Palmat\u00f3rias."}, {"id": "658", "ano": "2021", "numero": "18", "tipo__sigla": "REQ", "tipo__descricao": "Requerimento", "autoria": "Kaio Bezerra", "texto_original": "http://sapl.riachodasalmas.pe.leg.br/media/sapl/public/materialegislativa/2021/658/requerimento_018._2021.pdf", "ementa": "No sentindo de Instalar uma Antena de Telefonia M\u00f3vel na Vila de Palmat\u00f3rias."}, {"id": "659", "ano": "2021", "numero": "19", "tipo__sigla": "REQ", "tipo__descricao": "Requerimento", "autoria": "Kaio Bezerra", "texto_original": "http://sapl.riachodasalmas.pe.leg.br/media/sapl/public/materialegislativa/2021/659/requerimento_019._2021.pdf", "ementa": "No sentido de promover a Constru\u00e7\u00e3o de uma UBS na Vila de Patos, zona rural deste munic\u00edpio."}, {"id": "660", "ano": "2021", "numero": "20", "tipo__sigla": "REQ", "tipo__descricao": "Requerimento", "autoria": "Kaio Bezerra", "texto_original": "http://sapl.riachodasalmas.pe.leg.br/media/sapl/public/materialegislativa/2021/660/requerimento_020._2021.pdf", "ementa": "No sentido de promover a Constru\u00e7\u00e3o de uma nova Escola Municipal na Vila de Patos."}, {"id": "661", "ano": "2021", "numero": "21", "tipo__sigla": "REQ", "tipo__descricao": "Requerimento", "autoria": "Kaio Bezerra", "texto_original": "http://sapl.riachodasalmas.pe.leg.br/media/sapl/public/materialegislativa/2021/661/requerimento_021._2021.pdf", "ementa": "No sentido de implantar Ilumina\u00e7\u00e3o P\u00fablica de LED na Vila de Patos."}, {"id": "662", "ano": "2021", "numero": "22", "tipo__sigla": "REQ", "tipo__descricao": "Requerimento", "autoria": "Kaio Bezerra", "texto_original": "http://sapl.riachodasalmas.pe.leg.br/media/sapl/public/materialegislativa/2021/662/requerimento_022._2021.pdf", "ementa": "No sentido de Instalar uma Antena de Telefonia M\u00f3vel na Vila de Patos."}, {"id": "663", "ano": "2021", "numero": "23", "tipo__sigla": "REQ", "tipo__descricao": "Requerimento", "autoria": "Kaio Bezerra", "texto_original": "http://sapl.riachodasalmas.pe.leg.br/media/sapl/public/materialegislativa/2021/663/requerimento_023._2021.pdf", "ementa": "No sentido de que seja feita a reforma estrutural na UBS da Vila de Trapi\u00e1."}, {"id": "664", "ano": "2021", "numero": "24", "tipo__sigla": "REQ", "tipo__descricao": "Requerimento", "autoria": "Kaio Bezerra", "texto_original": "http://sapl.riachodasalmas.pe.leg.br/media/sapl/public/materialegislativa/2021/664/requerimento_024._2021.pdf", "ementa": "No sentido de fazer uma reforma estrutural na Escola Municipal Jos\u00e9 Joaquim de Lima na Vila de Trapi\u00e1."}, {"id": "665", "ano": "2021", "numero": "25", "tipo__sigla": "REQ", "tipo__descricao": "Requerimento", "autoria": "Kaio Bezerra", "texto_original": "http://sapl.riachodasalmas.pe.leg.br/media/sapl/public/materialegislativa/2021/665/requerimento_025._2021.pdf", "ementa": "No sentido de fazer a Implanta\u00e7\u00e3o de ilumina\u00e7\u00e3o de LED na Vila de Trapi\u00e1."}, {"id": "666", "ano": "2021", "numero": "26", "tipo__sigla": "REQ", "tipo__descricao": "Requerimento", "autoria": "Kaio Bezerra", "texto_original": "http://sapl.riachodasalmas.pe.leg.br/media/sapl/public/materialegislativa/2021/666/requerimento_026._2021.pdf", "ementa": "No sentido de que seja feita a pavimenta\u00e7\u00e3o asf\u00e1ltica que liga a Cidade de Riacho das Almas at\u00e9 a Vila de Patos, passando por Rangel e Trapi\u00e1."}, {"id": "667", "ano": "2021", "numero": "27", "tipo__sigla": "REQ", "tipo__descricao": "Requerimento", "autoria": "Kaio Bezerra", "texto_original": "http://sapl.riachodasalmas.pe.leg.br/media/sapl/public/materialegislativa/2021/667/requerimento_027._2021.pdf", "ementa": "No sentido de fazer uma reforma estrutural na UBS da Vila do Rangel."}, {"id": "668", "ano": "2021", "numero": "28", "tipo__sigla": "REQ", "tipo__descricao": "Requerimento", "autoria": "Kaio Bezerra", "texto_original": "http://sapl.riachodasalmas.pe.leg.br/media/sapl/public/materialegislativa/2021/668/requerimento_028._2021.pdf", "ementa": "No sentido de que seja feita a reforma estrutural na Escola Municipal Manoel Tavares na Vila do Rangel."}, {"id": "669", "ano": "2021", "numero": "29", "tipo__sigla": "REQ", "tipo__descricao": "Requerimento", "autoria": "Kaio Bezerra", "texto_original": "http://sapl.riachodasalmas.pe.leg.br/media/sapl/public/materialegislativa/2021/669/requerimento_029._2021.pdf", "ementa": "No sentido de Implanta  ilumina\u00e7\u00e3o p\u00fablica de LED na Vila do Rangel."}, {"id": "670", "ano": "2021", "numero": "30", "tipo__sigla": "REQ", "tipo__descricao": "Requerimento", "autoria": "Kaio Bezerra", "texto_original": "http://sapl.riachodasalmas.pe.leg.br/media/sapl/public/materialegislativa/2021/670/requerimento_030._2021.pdf", "ementa": "No sentido  de fazer aquisi\u00e7\u00e3o de ambul\u00e2ncia para a Vila do Rangel."}, {"id": "671", "ano": "2021", "numero": "31", "tipo__sigla": "REQ", "tipo__descricao": "Requerimento", "autoria": "Kaio Bezerra", "texto_original": "http://sapl.riachodasalmas.pe.leg.br/media/sapl/public/materialegislativa/2021/671/requerimento_031._2021.pdf", "ementa": "No sentido de que sejam feitas reformas estruturais nos pontos de \u00f4nibus j\u00e1 existentes nas estradas da Vila do Rangel e do S\u00edtio Ramada de Trapi\u00e1."}, {"id": "672", "ano": "2021", "numero": "32", "tipo__sigla": "REQ", "tipo__descricao": "Requerimento", "autoria": "Kaio Bezerra", "texto_original": "http://sapl.riachodasalmas.pe.leg.br/media/sapl/public/materialegislativa/2021/672/requerimento_032._2021.pdf", "ementa": "No sentido de que seja feita a pavimenta\u00e7\u00e3o em paralelep\u00edpedos em frente a igreja cat\u00f3lica do S\u00edtio Lagoa de tr\u00eas irm\u00e3os."}, {"id": "673", "ano": "2021", "numero": "33", "tipo__sigla": "REQ", "tipo__descricao": "Requerimento", "autoria": "Kaio Bezerra", "texto_original": "http://sapl.riachodasalmas.pe.leg.br/media/sapl/public/materialegislativa/2021/673/requerimento_033._2021.pdf", "ementa": "No sentido de promover a constru\u00e7\u00e3o de uma UBS no S\u00edtio Lagoa de Tr\u00eas irm\u00e3os."}, {"id": "674", "ano": "2021", "numero": "34", "tipo__sigla": "REQ", "tipo__descricao": "Requerimento", "autoria": "Kaio Bezerra", "texto_original": "http://sapl.riachodasalmas.pe.leg.br/media/sapl/public/materialegislativa/2021/674/requerimento_034._2021.pdf", "ementa": "No  sentido de promover a constru\u00e7\u00e3o de uma pra\u00e7a p\u00fablica no sitio lagoa de tr\u00eas irm\u00e3os."}, {"id": "675", "ano": "2021", "numero": "35", "tipo__sigla": "REQ", "tipo__descricao": "Requerimento", "autoria": "Kaio Bezerra", "texto_original": "http://sapl.riachodasalmas.pe.leg.br/media/sapl/public/materialegislativa/2021/675/requerimento_035._2021.pdf", "ementa": "No sentido de aumentar o sal\u00e1rio dos funcion\u00e1rios efetivos."}, {"id": "676", "ano": "2021", "numero": "36", "tipo__sigla": "REQ", "tipo__descricao": "Requerimento", "autoria": "Kaio Bezerra", "texto_original": "http://sapl.riachodasalmas.pe.leg.br/media/sapl/public/materialegislativa/2021/676/requerimento_036._2021.pdf", "ementa": "No sentido de realizar reformas estruturais na UBS da Vila de Pinh\u00f5es."}, {"id": "677", "ano": "2021", "numero": "37", "tipo__sigla": "REQ", "tipo__descricao": "Requerimento", "autoria": "Kaio Bezerra", "texto_original": "http://sapl.riachodasalmas.pe.leg.br/media/sapl/public/materialegislativa/2021/677/requerimento_037._2021.pdf", "ementa": "No sentido de Implantar ilumina\u00e7\u00e3o P\u00fablica de Led na vila de Couro D\u00b4antas."}, {"id": "678", "ano": "2021", "numero": "38", "tipo__sigla": "REQ", "tipo__descricao": "Requerimento", "autoria": "Kaio Bezerra", "texto_original": "http://sapl.riachodasalmas.pe.leg.br/media/sapl/public/materialegislativa/2021/678/requerimento_038._2021.pdf", "ementa": "No sentido de realizar reformas estruturais na UBS da Vila de Couro D\u00b4antas."}, {"id": "679", "ano": "2021", "numero": "39", "tipo__sigla": "REQ", "tipo__descricao": "Requerimento", "autoria": "Kaio Bezerra", "texto_original": "http://sapl.riachodasalmas.pe.leg.br/media/sapl/public/materialegislativa/2021/679/requerimento_039._2021.pdf", "ementa": "No sentido de realizar  uma reforma estrutural na Escola Patr\u00edcia Cardoso na Vila de Couro D\u00b4antas e constru\u00e7\u00e3o do Muro da Referida escola."}, {"id": "680", "ano": "2021", "numero": "40", "tipo__sigla": "REQ", "tipo__descricao": "Requerimento", "autoria": "Kaio Bezerra", "texto_original": "http://sapl.riachodasalmas.pe.leg.br/media/sapl/public/materialegislativa/2021/680/requerimento_040._2021.pdf", "ementa": "No sentido de realizar, uma reforma estrutural no Balne\u00e1rio da Vila de Couro D\u00b4antas."}, {"id": "681", "ano": "2021", "numero": "41", "tipo__sigla": "REQ", "tipo__descricao": "Requerimento", "autoria": "Kaio Bezerra", "texto_original": "http://sapl.riachodasalmas.pe.leg.br/media/sapl/public/materialegislativa/2021/681/requerimento_041._2021.pdf", "ementa": "No sentido de realizar uma reformas estruturais na escola Mario da Mota Limeira."}, {"id": "682", "ano": "2021", "numero": "42", "tipo__sigla": "REQ", "tipo__descricao": "Requerimento", "autoria": "Kaio Bezerra", "texto_original": "http://sapl.riachodasalmas.pe.leg.br/media/sapl/public/materialegislativa/2021/682/requerimento_042._2021.pdf", "ementa": "No sentido de realizar reformas estruturais na Academia das Cidades, nesta cidade de Riacho das Almas."}, {"id": "683", "ano": "2021", "numero": "43", "tipo__sigla": "REQ", "tipo__descricao": "Requerimento", "autoria": "Kaio Bezerra", "texto_original": "http://sapl.riachodasalmas.pe.leg.br/media/sapl/public/materialegislativa/2021/683/requerimento_043._2021.pdf", "ementa": "No sentido de que seja feita reformas estruturais no Centro de Conviv\u00eancia dos Idosos- CCI, Nesta Cidade de Riacho das Almas."}, {"id": "684", "ano": "2021", "numero": "44", "tipo__sigla": "REQ", "tipo__descricao": "Requerimento", "autoria": "Kaio Bezerra", "texto_original": "http://sapl.riachodasalmas.pe.leg.br/media/sapl/public/materialegislativa/2021/684/requerimento_044._2021.pdf", "ementa": "No sentido de que seja feita reformas estruturais no A\u00e7ougue P\u00fablico Municipal, nesta cidade de Riacho das Almas."}, {"id": "685", "ano": "2021", "numero": "45", "tipo__sigla": "REQ", "tipo__descricao": "Requerimento", "autoria": "Kaio Bezerra", "texto_original": "http://sapl.riachodasalmas.pe.leg.br/media/sapl/public/materialegislativa/2021/685/requerimento_045._2021.pdf", "ementa": "No sentido de que sejam feitas reformas estruturais na pra\u00e7a P\u00fablica da Rua C\u00f4nego Ant\u00f4nio Faustino, nesta cidade de Riacho das almas."}, {"id": "686", "ano": "2021", "numero": "46", "tipo__sigla": "REQ", "tipo__descricao": "Requerimento", "autoria": "Kaio Bezerra", "texto_original": "http://sapl.riachodasalmas.pe.leg.br/media/sapl/public/materialegislativa/2021/686/requerimento_046._2021.pdf", "ementa": "No sentido de fazer a constru\u00e7\u00e3o de 2 (dois) P\u00f3rticos nas entradas de acesso a cidade de Riacho das Almas."}, {"id": "687", "ano": "2021", "numero": "47", "tipo__sigla": "REQ", "tipo__descricao": "Requerimento", "autoria": "Kaio Bezerra", "texto_original": "http://sapl.riachodasalmas.pe.leg.br/media/sapl/public/materialegislativa/2021/687/requerimento_047._2021.pdf", "ementa": "No sentido de realizar reformas estruturais e limpeza do Canal da Salina, nesta cidade de Riacho das Almas."}, {"id": "688", "ano": "2021", "numero": "48", "tipo__sigla": "REQ", "tipo__descricao": "Requerimento", "autoria": "Kaio Bezerra", "texto_original": "http://sapl.riachodasalmas.pe.leg.br/media/sapl/public/materialegislativa/2021/688/requerimento_048._2021.pdf", "ementa": "No sentido de fazer a pavimenta\u00e7\u00e3o asf\u00e1ltica nas Ruas Maria J\u00falia da Mota, Agamenon Magalh\u00e3es, Conego Ant\u00f4nio Faustino, Janin Mota e Jos\u00e9 Felismino, nesta cidade de Riacho das Almas."}, {"id": "689", "ano": "2021", "numero": "49", "tipo__sigla": "REQ", "tipo__descricao": "Requerimento", "autoria": "Kaio Bezerra", "texto_original": "http://sapl.riachodasalmas.pe.leg.br/media/sapl/public/materialegislativa/2021/689/requerimento_049._2021.pdf", "ementa": "No sentido de fazer a amplia\u00e7\u00e3o do Cemit\u00e9rio P\u00fablico Municipal C\u00f4nego Ant\u00f4nio Faustino, nesta cidade de Riacho das Almas."}, {"id": "690", "ano": "2021", "numero": "50", "tipo__sigla": "REQ", "tipo__descricao": "Requerimento", "autoria": "Kaio Bezerra", "texto_original": "http://sapl.riachodasalmas.pe.leg.br/media/sapl/public/materialegislativa/2021/690/requerimento_050._2021.pdf", "ementa": "No sentido de promover o abastecimento d`\u00e1gua nas localidades rurais no munic\u00edpio de Riacho das Almas: S\u00edtio Areias; S\u00edtio Chamb\u00e1; S\u00editio Camurim; S\u00edtio Lagoa de Pinh\u00f5es; S\u00edtio Lagoa Nova; S\u00edtio Pororoc\u00e1; S\u00edtio Bandeira; S\u00edtio Salobro; S\u00edtio Serra Verde; S\u00edtio Cajueiro e S\u00edtio Cana Brava."}, {"id": "691", "ano": "2021", "numero": "51", "tipo__sigla": "REQ", "tipo__descricao": "Requerimento", "autoria": "Abenildo da Ramada", "texto_original": "http://sapl.riachodasalmas.pe.leg.br/media/sapl/public/materialegislativa/2021/691/requerimento_051._2021.pdf", "ementa": "No sentido de obter a aquisi\u00e7\u00e3o de uma ambul\u00e2ncia para atender a Vila de Trapi\u00e1."}, {"id": "692", "ano": "2021", "numero": "52", "tipo__sigla": "REQ", "tipo__descricao": "Requerimento", "autoria": "Abenildo da Ramada", "texto_original": "http://sapl.riachodasalmas.pe.leg.br/media/sapl/public/materialegislativa/2021/692/requerimento_052._2021.pdf", "ementa": "No sentido de fazer a substitui\u00e7\u00e3o da tubula\u00e7\u00e3o de 100 (Cem) por 150 (cento e cinquenta) da rede de saneamento nas Ruas Oleg\u00e1rio Coleta e Jo\u00e3o Quirino na Vila de Trapi\u00e1."}, {"id": "693", "ano": "2021", "numero": "53", "tipo__sigla": "REQ", "tipo__descricao": "Requerimento", "autoria": "Abenildo da Ramada", "texto_original": "http://sapl.riachodasalmas.pe.leg.br/media/sapl/public/materialegislativa/2021/693/requerimento_053._2021.pdf", "ementa": "No sentido de realizar a conclus\u00e3o da pavimenta\u00e7\u00e3o em paralelep\u00edpedos no S\u00edtio Lagoa de Tr\u00eas Irm\u00e3os."}, {"id": "694", "ano": "2021", "numero": "54", "tipo__sigla": "REQ", "tipo__descricao": "Requerimento", "autoria": "Abenildo da Ramada", "texto_original": "http://sapl.riachodasalmas.pe.leg.br/media/sapl/public/materialegislativa/2021/694/requerimento_054._2021.pdf", "ementa": "No sentido de realizar a reforma do Matadouro da Vila de Trapi\u00e1."}, {"id": "695", "ano": "2021", "numero": "55", "tipo__sigla": "REQ", "tipo__descricao": "Requerimento", "autoria": "Vandilson Barbeiro", "texto_original": "http://sapl.riachodasalmas.pe.leg.br/media/sapl/public/materialegislativa/2021/695/requerimento_055._2021.pdf", "ementa": "No sentido de realizar a constru\u00e7\u00e3o de um bueiro pr\u00f3ximo a casa do senhor Jos\u00e9 Liberto, Localizado no S\u00edtio Guaritas."}, {"id": "696", "ano": "2021", "numero": "56", "tipo__sigla": "REQ", "tipo__descricao": "Requerimento", "autoria": "Vandilson Barbeiro", "texto_original": "http://sapl.riachodasalmas.pe.leg.br/media/sapl/public/materialegislativa/2021/696/requerimento_056._2021.pdf", "ementa": "No sentido de realizar a constru\u00e7\u00e3o de 2 (dois) banheiros p\u00fablicos nas imedia\u00e7\u00f5es do A\u00e7ougue P\u00fablico,\r\nnesta cidade de Riacho das Almas."}, {"id": "697", "ano": "2021", "numero": "57", "tipo__sigla": "REQ", "tipo__descricao": "Requerimento", "autoria": "Vandilson Barbeiro", "texto_original": "http://sapl.riachodasalmas.pe.leg.br/media/sapl/public/materialegislativa/2021/697/requerimento_057._2021.pdf", "ementa": "No sentido de fazer a instala\u00e7\u00e3o de lixeiras no centro desta cidade de Riacho das Almas."}, {"id": "698", "ano": "2021", "numero": "58", "tipo__sigla": "REQ", "tipo__descricao": "Requerimento", "autoria": "Vandilson Barbeiro", "texto_original": "http://sapl.riachodasalmas.pe.leg.br/media/sapl/public/materialegislativa/2021/698/requerimento_058._2021.pdf", "ementa": "No sentido de fazer uma parada de \u00f4nibus, pr\u00f3ximo a casa do senhor Arlindo da laranja, S\u00edtio Alto dos mo\u00e7os, nesta cidade de Riacho das Almas"}, {"id": "699", "ano": "2021", "numero": "59", "tipo__sigla": "REQ", "tipo__descricao": "Requerimento", "autoria": "Leandro da Sa\u00fade", "texto_original": "http://sapl.riachodasalmas.pe.leg.br/media/sapl/public/materialegislativa/2021/699/requerimento_059._2021.pdf", "ementa": "No sentido de que seja realizado liga\u00e7\u00e3o da \u00e1gua da comunidade da Atalaia."}, {"id": "700", "ano": "2021", "numero": "60", "tipo__sigla": "REQ", "tipo__descricao": "Requerimento", "autoria": "Leandro da Sa\u00fade", "texto_original": "http://sapl.riachodasalmas.pe.leg.br/media/sapl/public/materialegislativa/2021/700/requerimento_060._2021.pdf", "ementa": "No sentido de realizar a constru\u00e7\u00e3o do cal\u00e7amento do s\u00edtio Bara\u00fanas."}, {"id": "701", "ano": "2021", "numero": "61", "tipo__sigla": "REQ", "tipo__descricao": "Requerimento", "autoria": "Leandro da Sa\u00fade", "texto_original": "http://sapl.riachodasalmas.pe.leg.br/media/sapl/public/materialegislativa/2021/701/requerimento_061._2021.pdf", "ementa": "No sentido reabrir o  posto de sa\u00fade  do s\u00edtio Bara\u00fanas."}, {"id": "702", "ano": "2021", "numero": "62", "tipo__sigla": "REQ", "tipo__descricao": "Requerimento", "autoria": "Leandro da Sa\u00fade", "texto_original": "http://sapl.riachodasalmas.pe.leg.br/media/sapl/public/materialegislativa/2021/702/requerimento_062._2021.pdf", "ementa": "No sentido de seja realizado o cal\u00e7amento da Rua Vitorino, da Vila do Vitorino."}, {"id": "703", "ano": "2021", "numero": "63", "tipo__sigla": "REQ", "tipo__descricao": "Requerimento", "autoria": "Leandro da Sa\u00fade", "texto_original": "http://sapl.riachodasalmas.pe.leg.br/media/sapl/public/materialegislativa/2021/703/requerimento_063._2021.pdf", "ementa": "No sentido de que seja realizada a constru\u00e7\u00e3o de um Vel\u00f3rio na Vila do Vitorino."}, {"id": "704", "ano": "2021", "numero": "64", "tipo__sigla": "REQ", "tipo__descricao": "Requerimento", "autoria": "Leandro da Sa\u00fade", "texto_original": "http://sapl.riachodasalmas.pe.leg.br/media/sapl/public/materialegislativa/2021/704/requerimento_064._2021.pdf", "ementa": "No sentido de que seja feita a revis\u00e3o das lumin\u00e1rias em LED da Vila do Vitorino."}, {"id": "705", "ano": "2021", "numero": "65", "tipo__sigla": "REQ", "tipo__descricao": "Requerimento", "autoria": "Leandro da Sa\u00fade", "texto_original": "http://sapl.riachodasalmas.pe.leg.br/media/sapl/public/materialegislativa/2021/705/requerimento_065._2021.pdf", "ementa": "No sentido de que seja feita a realiza\u00e7\u00e3o da Terraplanagem na estrada que liga a PE-95 a Vila do Vitorino."}, {"id": "706", "ano": "2021", "numero": "66", "tipo__sigla": "REQ", "tipo__descricao": "Requerimento", "autoria": "Leandro da Sa\u00fade", "texto_original": "http://sapl.riachodasalmas.pe.leg.br/media/sapl/public/materialegislativa/2021/706/requerimento_066._2021.pdf", "ementa": "No sentido de que seja feita a constru\u00e7\u00e3o de uma UBS no s\u00edtio Cajueiro."}, {"id": "707", "ano": "2021", "numero": "67", "tipo__sigla": "REQ", "tipo__descricao": "Requerimento", "autoria": "Leandro da Sa\u00fade", "texto_original": "http://sapl.riachodasalmas.pe.leg.br/media/sapl/public/materialegislativa/2021/707/requerimento_067._2021.pdf", "ementa": "No sentido de que seja a aquisi\u00e7\u00e3o de um trator de esteira, para esse mun\u00edcipio."}, {"id": "708", "ano": "2021", "numero": "68", "tipo__sigla": "REQ", "tipo__descricao": "Requerimento", "autoria": "Leandro da Sa\u00fade", "texto_original": "http://sapl.riachodasalmas.pe.leg.br/media/sapl/public/materialegislativa/2021/708/requerimento_068._2021.pdf", "ementa": "No sentido de que seja feita a extens\u00e3o da liga\u00e7\u00e3o d`\u00e1gua para os S\u00edtios Salgado e Guaritas."}, {"id": "709", "ano": "2021", "numero": "69", "tipo__sigla": "REQ", "tipo__descricao": "Requerimento", "autoria": "Leandro da Sa\u00fade", "texto_original": "http://sapl.riachodasalmas.pe.leg.br/media/sapl/public/materialegislativa/2021/709/requerimento_069._2021.pdf", "ementa": "No sentido de que seja feita a volta do atendimento m\u00f3vel odontol\u00f3gico para todos os s\u00edtios e escola do munic\u00edpio."}, {"id": "710", "ano": "2021", "numero": "71", "tipo__sigla": "REQ", "tipo__descricao": "Requerimento", "autoria": "Dinho da Sa\u00fade", "texto_original": "http://sapl.riachodasalmas.pe.leg.br/media/sapl/public/materialegislativa/2021/710/requerimento_071._2021.pdf", "ementa": "No sentido de que seja feita a pavimenta\u00e7\u00e3o em paralelep\u00edpedos em todas as ruas de Trapi\u00e1 que ainda n\u00e3o foram pavimentadas."}, {"id": "711", "ano": "2021", "numero": "72", "tipo__sigla": "REQ", "tipo__descricao": "Requerimento", "autoria": "Dinho da Sa\u00fade", "texto_original": "http://sapl.riachodasalmas.pe.leg.br/media/sapl/public/materialegislativa/2021/711/requerimento_072._2021.pdf", "ementa": "No sentido de que seja feita a aquisi\u00e7\u00e3o de uma ambul\u00e2ncia para a Vila de Couro D` antas."}, {"id": "712", "ano": "2021", "numero": "73", "tipo__sigla": "REQ", "tipo__descricao": "Requerimento", "autoria": "Dinho da Sa\u00fade", "texto_original": "http://sapl.riachodasalmas.pe.leg.br/media/sapl/public/materialegislativa/2021/712/requerimento_073._2021.pdf", "ementa": "No sentido de que seja feita, a pavimenta\u00e7\u00e3o em paralelep\u00edpedos em todas as ruas da Vila de Patos que ainda n\u00e3o foram pavimentadas."}, {"id": "713", "ano": "2021", "numero": "74", "tipo__sigla": "REQ", "tipo__descricao": "Requerimento", "autoria": "Dinho da Sa\u00fade", "texto_original": "http://sapl.riachodasalmas.pe.leg.br/media/sapl/public/materialegislativa/2021/713/requerimento_074._2021.pdf", "ementa": "No sentido de promover perfura\u00e7\u00e3o de po\u00e7o artesiano na Vila de patos."}, {"id": "714", "ano": "2021", "numero": "75", "tipo__sigla": "REQ", "tipo__descricao": "Requerimento", "autoria": "Dinho da Sa\u00fade", "texto_original": "http://sapl.riachodasalmas.pe.leg.br/media/sapl/public/materialegislativa/2021/714/requerimento_075._2021.pdf", "ementa": "No sentido de que seja feita a amplia\u00e7\u00e3o de rede de saneamento b\u00e1sico na Vila de Patos."}, {"id": "715", "ano": "2021", "numero": "77", "tipo__sigla": "REQ", "tipo__descricao": "Requerimento", "autoria": "Dinho da Sa\u00fade", "texto_original": "http://sapl.riachodasalmas.pe.leg.br/media/sapl/public/materialegislativa/2021/715/requerimento_077._2021.pdf", "ementa": "No sentido de promover reformas estruturais na Escola Municipal Santos Cardoso na Vila de Pinh\u00f5es."}, {"id": "716", "ano": "2021", "numero": "78", "tipo__sigla": "REQ", "tipo__descricao": "Requerimento", "autoria": "Dinho da Sa\u00fade", "texto_original": "http://sapl.riachodasalmas.pe.leg.br/media/sapl/public/materialegislativa/2021/716/requerimento_078._2021.pdf", "ementa": "No sentido de promover a revitaliza\u00e7\u00e3o da pra\u00e7a p\u00fablica da Vila de Pinh\u00f5es."}, {"id": "717", "ano": "2021", "numero": "79", "tipo__sigla": "REQ", "tipo__descricao": "Requerimento", "autoria": "Dinho da Sa\u00fade", "texto_original": "http://sapl.riachodasalmas.pe.leg.br/media/sapl/public/materialegislativa/2021/717/requerimento_079._2021.pdf", "ementa": "No sentido de realizar reformas estruturais no matadouro p\u00fablico municipal da Vila de Pinh\u00f5es."}, {"id": "718", "ano": "2021", "numero": "80", "tipo__sigla": "REQ", "tipo__descricao": "Requerimento", "autoria": "Dinho da Sa\u00fade", "texto_original": "http://sapl.riachodasalmas.pe.leg.br/media/sapl/public/materialegislativa/2021/718/requerimento_080._2021.pdf", "ementa": "No sentido de realizar a pavimenta\u00e7\u00e3o em paralelep\u00edpedos nas ruas: Severino Tim\u00f3teo da Silva; Severino Latino Pontes; Severino Luiz silvestre e Rildo Pereira da Silva, localizados no loteamento Severino Lula, nesta cidade de Riacho das Almas."}, {"id": "719", "ano": "2021", "numero": "81", "tipo__sigla": "REQ", "tipo__descricao": "Requerimento", "autoria": "Dinho da Sa\u00fade", "texto_original": "http://sapl.riachodasalmas.pe.leg.br/media/sapl/public/materialegislativa/2021/719/requerimento_081._2021.pdf", "ementa": "No sentido de implantar ilumina\u00e7\u00e3o p\u00fablica de LED na vila de Pinh\u00f5es."}, {"id": "720", "ano": "2021", "numero": "82", "tipo__sigla": "REQ", "tipo__descricao": "Requerimento", "autoria": "Dinho da Sa\u00fade", "texto_original": "http://sapl.riachodasalmas.pe.leg.br/media/sapl/public/materialegislativa/2021/720/requerimento_082._2021.pdf", "ementa": "No sentido de fazer reformas estruturais no PAM, situado na Rua Janin Mota."}, {"id": "721", "ano": "2021", "numero": "83", "tipo__sigla": "REQ", "tipo__descricao": "Requerimento", "autoria": "Dinho da Sa\u00fade", "texto_original": "http://sapl.riachodasalmas.pe.leg.br/media/sapl/public/materialegislativa/2021/721/requerimento_083._2021.pdf", "ementa": "No sentido de promover reformas estruturais na Escola Municipal Severino Brasil na Vila de Palmat\u00f3ria."}, {"id": "722", "ano": "2021", "numero": "84", "tipo__sigla": "REQ", "tipo__descricao": "Requerimento", "autoria": "Dinho da Sa\u00fade", "texto_original": "http://sapl.riachodasalmas.pe.leg.br/media/sapl/public/materialegislativa/2021/722/requerimento_084._2021.pdf", "ementa": "No sentido de realizar aquisi\u00e7\u00e3o de ambul\u00e2ncia para a Vila de Pinh\u00f5es."}, {"id": "723", "ano": "2021", "numero": "85", "tipo__sigla": "REQ", "tipo__descricao": "Requerimento", "autoria": "Dinho da Sa\u00fade", "texto_original": "http://sapl.riachodasalmas.pe.leg.br/media/sapl/public/materialegislativa/2021/723/requerimento_085._2021.pdf", "ementa": "No sentido de realizar reformas estruturais no A\u00e7ougue P\u00fablico Municipal da Vila de Pinh\u00f5es."}, {"id": "724", "ano": "2021", "numero": "86", "tipo__sigla": "REQ", "tipo__descricao": "Requerimento", "autoria": "Dinho da Sa\u00fade, Junior Miranda", "texto_original": "http://sapl.riachodasalmas.pe.leg.br/media/", "ementa": "No sentido de fazer uma passagem molhada no S\u00edtio bandeira, pr\u00f3ximo a luiz de z\u00e9 de Chico, neste munic\u00edpio."}, {"id": "725", "ano": "2021", "numero": "87", "tipo__sigla": "REQ", "tipo__descricao": "Requerimento", "autoria": "Pastor Gustavo Lucena", "texto_original": "http://sapl.riachodasalmas.pe.leg.br/media/sapl/public/materialegislativa/2021/725/requerimento_087._2021.pdf", "ementa": "No sentido de realizar a pavimenta\u00e7\u00e3o em paralelep\u00edpedos da Rua Odilon, localizada na Vila do Rangel."}, {"id": "726", "ano": "2021", "numero": "88", "tipo__sigla": "REQ", "tipo__descricao": "Requerimento", "autoria": "Pastor Gustavo Lucena", "texto_original": "http://sapl.riachodasalmas.pe.leg.br/media/sapl/public/materialegislativa/2021/726/requerimento_088._2021.pdf", "ementa": "No sentido de construir uma Escola municipal na Vila do Rangel."}, {"id": "727", "ano": "2021", "numero": "89", "tipo__sigla": "REQ", "tipo__descricao": "Requerimento", "autoria": "Pastor Gustavo Lucena", "texto_original": "http://sapl.riachodasalmas.pe.leg.br/media/sapl/public/materialegislativa/2021/727/requerimento_089._2021.pdf", "ementa": "No sentido de fazer a pavimenta\u00e7\u00e3o em paralelep\u00edpedos na rua Manoel Ferreira, localizado na Vila do Rangel pr\u00f3ximo a casa de Chieba at\u00e9 a UBS."}, {"id": "728", "ano": "2021", "numero": "90", "tipo__sigla": "REQ", "tipo__descricao": "Requerimento", "autoria": "Pastor Gustavo Lucena", "texto_original": "http://sapl.riachodasalmas.pe.leg.br/media/sapl/public/materialegislativa/2021/728/requerimento_090._2021.pdf", "ementa": "No sentido de fazer a pavimenta\u00e7\u00e3o em paralelep\u00edpedos na Rua Jos\u00e9 Bezerra na Vila do Rangel."}, {"id": "729", "ano": "2021", "numero": "91", "tipo__sigla": "REQ", "tipo__descricao": "Requerimento", "autoria": "Pastor Gustavo Lucena", "texto_original": "http://sapl.riachodasalmas.pe.leg.br/media/sapl/public/materialegislativa/2021/729/requerimento_091._2021.pdf", "ementa": "No sentido de fazer o asfalto da PE -121, que liga a cidade de Riacho das Almas a Vila de Trapi\u00e1."}, {"id": "730", "ano": "2021", "numero": "92", "tipo__sigla": "REQ", "tipo__descricao": "Requerimento", "autoria": "Pastor Gustavo Lucena", "texto_original": "http://sapl.riachodasalmas.pe.leg.br/media/sapl/public/materialegislativa/2021/730/requerimento_092._2021.pdf", "ementa": "No sentido de reformar o ponto de \u00f4nibus da entrada da Vila do Rangel."}, {"id": "731", "ano": "2021", "numero": "93", "tipo__sigla": "REQ", "tipo__descricao": "Requerimento", "autoria": "Pastor Gustavo Lucena", "texto_original": "http://sapl.riachodasalmas.pe.leg.br/media/sapl/public/materialegislativa/2021/731/requerimento_093._2021.pdf", "ementa": "No sentido de realizar a reposi\u00e7\u00e3o de l\u00e2mpadas e lumin\u00e1rias da Vila do Rangel."}, {"id": "732", "ano": "2021", "numero": "94", "tipo__sigla": "REQ", "tipo__descricao": "Requerimento", "autoria": "Junior Miranda", "texto_original": "http://sapl.riachodasalmas.pe.leg.br/media/sapl/public/materialegislativa/2021/732/requerimento_094._2021.pdf", "ementa": "No sentido da  reativa\u00e7\u00e3o do servi\u00e7o odontol\u00f3gico no posto de sa\u00fade do s\u00edtio Bandeira."}, {"id": "733", "ano": "2021", "numero": "95", "tipo__sigla": "REQ", "tipo__descricao": "Requerimento", "autoria": "Junior Miranda", "texto_original": "http://sapl.riachodasalmas.pe.leg.br/media/sapl/public/materialegislativa/2021/733/requerimento_095._2021.pdf", "ementa": "No sentido de realizar a Ilumina\u00e7\u00e3o do campo de Luiz de z\u00e9 de Chico S\u00edtio Bandeira."}, {"id": "734", "ano": "2021", "numero": "96", "tipo__sigla": "REQ", "tipo__descricao": "Requerimento", "autoria": "Junior Miranda", "texto_original": "http://sapl.riachodasalmas.pe.leg.br/media/sapl/public/materialegislativa/2021/734/requerimento_096._2021.pdf", "ementa": "No sentido de levar atendimento odontol\u00f3gico ao posto de Sa\u00fade da Atalaia."}, {"id": "735", "ano": "2021", "numero": "97", "tipo__sigla": "REQ", "tipo__descricao": "Requerimento", "autoria": "Junior Miranda", "texto_original": "http://sapl.riachodasalmas.pe.leg.br/media/sapl/public/materialegislativa/2021/735/requerimento_097._2021.pdf", "ementa": "No sentido de realizar o concerto da bomba d`\u00e1gua do s\u00edtio cacimba de V\u00e1rzea, neste munic\u00edpio."}, {"id": "736", "ano": "2021", "numero": "98", "tipo__sigla": "REQ", "tipo__descricao": "Requerimento", "autoria": "Dr. Neto", "texto_original": "http://sapl.riachodasalmas.pe.leg.br/media/sapl/public/materialegislativa/2021/736/requerimento_098._2021.pdf", "ementa": "No sentido de ampliar o quadro de profissionais do Centro de Reabilita\u00e7\u00e3o de Riacho das Almas (fisioterapeutas e fonoaudi\u00f3logos)."}, {"id": "737", "ano": "2021", "numero": "99", "tipo__sigla": "REQ", "tipo__descricao": "Requerimento", "autoria": "Dr. Neto", "texto_original": "http://sapl.riachodasalmas.pe.leg.br/media/sapl/public/materialegislativa/2021/737/requerimento_099._2021.pdf", "ementa": "No sentido de ampliar o quadro de profissionais do centro de Reabilita\u00e7\u00e3o de Riacho das Almas (fisioterapeutas e fonoaudi\u00f3logos)."}, {"id": "738", "ano": "2021", "numero": "100", "tipo__sigla": "REQ", "tipo__descricao": "Requerimento", "autoria": "Dr. Neto", "texto_original": "http://sapl.riachodasalmas.pe.leg.br/media/sapl/public/materialegislativa/2021/738/requerimento_100._2021.pdf", "ementa": "No sentido de requalificar e reestruturar a ponte que liga os bairros Centro e Jiquiri."}, {"id": "739", "ano": "2021", "numero": "101", "tipo__sigla": "REQ", "tipo__descricao": "Requerimento", "autoria": "Dr. Neto", "texto_original": "http://sapl.riachodasalmas.pe.leg.br/media/sapl/public/materialegislativa/2021/739/requerimento_101._2021.pdf", "ementa": "No sentido de construir uma pra\u00e7a de divers\u00e3o na Vila de Patos."}, {"id": "740", "ano": "2021", "numero": "102", "tipo__sigla": "REQ", "tipo__descricao": "Requerimento", "autoria": "Dr. Neto", "texto_original": "http://sapl.riachodasalmas.pe.leg.br/media/sapl/public/materialegislativa/2021/740/requerimento_102._2021.pdf", "ementa": "No sentido de construir uma pra\u00e7a no Bairro do Jiquiri no terreno localizado as margens da PE95, com equipamentos de divers\u00e3o infantil, e equipamentos de socializa\u00e7\u00e3o, e entretenimento para a comunidade, desta cidade."}, {"id": "741", "ano": "2021", "numero": "103", "tipo__sigla": "REQ", "tipo__descricao": "Requerimento", "autoria": "Dr. Neto", "texto_original": "http://sapl.riachodasalmas.pe.leg.br/media/sapl/public/materialegislativa/2021/741/requerimento_103._2021.pdf", "ementa": "No sentido de requalificar a Escola Jo\u00e3o Brasil na comunidade de Palmat\u00f3ria."}, {"id": "742", "ano": "2021", "numero": "104", "tipo__sigla": "REQ", "tipo__descricao": "Requerimento", "autoria": "Dr. Neto", "texto_original": "http://sapl.riachodasalmas.pe.leg.br/media/sapl/public/materialegislativa/2021/742/requerimento_104._2021.pdf", "ementa": "No sentido de pavimentar a estrada que liga a Vila do Ju\u00e1 a Patos, numa log\u00edstica de otimiza\u00e7\u00e3o da malha vi\u00e1ria local."}, {"id": "743", "ano": "2021", "numero": "105", "tipo__sigla": "REQ", "tipo__descricao": "Requerimento", "autoria": "Dr. Neto", "texto_original": "http://sapl.riachodasalmas.pe.leg.br/media/sapl/public/materialegislativa/2021/743/requerimento_105._2021.pdf", "ementa": "No sentido de otimizar a estrutura de toda a rede municipal de ensino afim de receber as demandas de ber\u00e7\u00e1rio."}, {"id": "744", "ano": "2021", "numero": "106", "tipo__sigla": "REQ", "tipo__descricao": "Requerimento", "autoria": "Dr. Neto", "texto_original": "http://sapl.riachodasalmas.pe.leg.br/media/sapl/public/materialegislativa/2021/744/requerimento_106.2021.pdf", "ementa": "No sentido de que seja inclu\u00eddo ovo \"in natura\" no card\u00e1pio da merenda escolar."}, {"id": "745", "ano": "2021", "numero": "107", "tipo__sigla": "REQ", "tipo__descricao": "Requerimento", "autoria": "Dr. Neto", "texto_original": "http://sapl.riachodasalmas.pe.leg.br/media/sapl/public/materialegislativa/2021/745/requerimento_107.2021.pdf", "ementa": "No sentido de aumentar  a bolsa de estudos dos alunos universit\u00e1rios deste mun\u00edcipio."}, {"id": "746", "ano": "2021", "numero": "108", "tipo__sigla": "REQ", "tipo__descricao": "Requerimento", "autoria": "Pastor Gustavo Lucena", "texto_original": "http://sapl.riachodasalmas.pe.leg.br/media/sapl/public/materialegislativa/2021/746/requerimento_108._2021.pdf", "ementa": "No sentido de fazer a pavimenta\u00e7\u00e3o em paralelep\u00edpedos na Rua Aroldo Batista localizada no Bairro Santa Terezinha, nesta cidade."}, {"id": "747", "ano": "2021", "numero": "109", "tipo__sigla": "REQ", "tipo__descricao": "Requerimento", "autoria": "Leandro da Sa\u00fade", "texto_original": "http://sapl.riachodasalmas.pe.leg.br/media/sapl/public/materialegislativa/2021/747/requerimento_109.2021.pdf", "ementa": "No sentido de fazer a pavimenta\u00e7\u00e3o em paralelep\u00edpedos na Rua Aroldo Batista localizada no Bairro Santa Terezinha, nesta cidade."}, {"id": "748", "ano": "2021", "numero": "110", "tipo__sigla": "REQ", "tipo__descricao": "Requerimento", "autoria": "Pastor Gustavo Lucena", "texto_original": "http://sapl.riachodasalmas.pe.leg.br/media/sapl/public/materialegislativa/2021/748/requerimento_110.2021.pdf", "ementa": "No sentido de criar a Bolsa Atleta, nesta cidade."}, {"id": "749", "ano": "2021", "numero": "111", "tipo__sigla": "REQ", "tipo__descricao": "Requerimento", "autoria": "Jos\u00e9 Welder Ferreira", "texto_original": "http://sapl.riachodasalmas.pe.leg.br/media/sapl/public/materialegislativa/2021/749/requerimento_111.2021.pdf", "ementa": "No sentido de realizar o cal\u00e7amento da Rua da Ladeira, na Vila de Patos, otimizando assim, o fluxo de transportes e pedestres no local."}, {"id": "750", "ano": "2021", "numero": "112", "tipo__sigla": "REQ", "tipo__descricao": "Requerimento", "autoria": "Jos\u00e9 Welder Ferreira", "texto_original": "http://sapl.riachodasalmas.pe.leg.br/media/sapl/public/materialegislativa/2021/750/requerimento_112.2021.pdf", "ementa": "No sentido de recuperar e adaptar o espa\u00e7o onde esta desativado o laborat\u00f3rio de Fitoterapia para acomodar um Centro de Cuidado a Acolhimento, afim de receber animais em situa\u00e7\u00e3o de rua, em especial, os c\u00e3es e gatos do nosso munic\u00edpio."}, {"id": "751", "ano": "2021", "numero": "113", "tipo__sigla": "REQ", "tipo__descricao": "Requerimento", "autoria": "Jos\u00e9 Welder Ferreira", "texto_original": "http://sapl.riachodasalmas.pe.leg.br/media/sapl/public/materialegislativa/2021/751/requerimento_113.2021.pdf", "ementa": "No sentido de implantar um poste de ilumina\u00e7\u00e3o p\u00fablica, nas proximidades do canteiro central de fronte \u00e0 Casa Real Recep\u00e7\u00f5es, entre a Rua da Saudade e a Rua Jos\u00e9 Felismino."}, {"id": "752", "ano": "2021", "numero": "114", "tipo__sigla": "REQ", "tipo__descricao": "Requerimento", "autoria": "Jos\u00e9 Welder Ferreira", "texto_original": "http://sapl.riachodasalmas.pe.leg.br/media/sapl/public/materialegislativa/2021/752/requerimento_114.2021.pdf", "ementa": "No sentido de reparar a lombada na Rua Floro Alves, nas media\u00e7\u00f5es da casa do Sr. Valter do Gesso, afim de melhorar a seguran\u00e7a dos pedestres naquela regi\u00e3o."}, {"id": "753", "ano": "2021", "numero": "115", "tipo__sigla": "REQ", "tipo__descricao": "Requerimento", "autoria": "Abenildo da Ramada", "texto_original": "http://sapl.riachodasalmas.pe.leg.br/media/sapl/public/materialegislativa/2021/753/requerimento_115.2021.pdf", "ementa": "No sentido dos mesmos providenciarem a reforma da pra\u00e7a Nossa Senhora do Livramento da Vila de Trapi\u00e1."}, {"id": "754", "ano": "2021", "numero": "116", "tipo__sigla": "REQ", "tipo__descricao": "Requerimento", "autoria": "Abenildo da Ramada", "texto_original": "http://sapl.riachodasalmas.pe.leg.br/media/sapl/public/materialegislativa/2021/754/requerimento_116.2021.pdf", "ementa": "No sentido dos mesmos providenciarem a reforma das Escolas dos S\u00edtios: Dois Riachos, Lagoa de Tr\u00eas Irm\u00e3os, Ramada de Trapi\u00e1 e Bento."}, {"id": "755", "ano": "2021", "numero": "117", "tipo__sigla": "REQ", "tipo__descricao": "Requerimento", "autoria": "Abenildo da Ramada", "texto_original": "http://sapl.riachodasalmas.pe.leg.br/media/sapl/public/materialegislativa/2021/755/requerimento_117.2021.pdf", "ementa": "No sentido dos mesmos providenciarem a constru\u00e7\u00e3o de uma CRECHEESCOLA na Vila de Trapi\u00e1."}, {"id": "756", "ano": "2021", "numero": "118", "tipo__sigla": "REQ", "tipo__descricao": "Requerimento", "autoria": "Abenildo da Ramada", "texto_original": "http://sapl.riachodasalmas.pe.leg.br/media/sapl/public/materialegislativa/2021/756/requerimento_118.2021.pdf", "ementa": "No sentido dos mesmos providenciarem a substitui\u00e7\u00e3o das l\u00e2mpadas queimadas da Vila de Trapi\u00e1."}, {"id": "757", "ano": "2021", "numero": "120", "tipo__sigla": "REQ", "tipo__descricao": "Requerimento", "autoria": "Abenildo da Ramada", "texto_original": "http://sapl.riachodasalmas.pe.leg.br/media/sapl/public/materialegislativa/2021/757/requerimento_120.2021.pdf", "ementa": "No sentido dos providenciarem a pavimenta\u00e7\u00e3o em paralelep\u00edpedo em frente \u00e0 Igreja da Ramada de Trapi\u00e1."}, {"id": "758", "ano": "2021", "numero": "121", "tipo__sigla": "REQ", "tipo__descricao": "Requerimento", "autoria": "", "texto_original": "http://sapl.riachodasalmas.pe.leg.br/media/sapl/public/materialegislativa/2021/758/requerimento_121.2021.pdf", "ementa": "No sentido de que seja constru\u00edda a pavimenta\u00e7\u00e3o de paralelep\u00edpedos gran\u00edticos na rua projetada na Vila de Trapi\u00e1. (ponto de refer\u00eancia. Rua atr\u00e1s da resid\u00eancia do Senhor Hermes)."}, {"id": "759", "ano": "2021", "numero": "122", "tipo__sigla": "REQ", "tipo__descricao": "Requerimento", "autoria": "Genival da Sa\u00fade", "texto_original": "http://sapl.riachodasalmas.pe.leg.br/media/sapl/public/materialegislativa/2021/759/requerimento_122.2021.pdf", "ementa": "No sentido de que seja constru\u00edda a pavimenta\u00e7\u00e3o de paralelep\u00edpedos gran\u00edticos na rua que liga a sa\u00edda da Vila at\u00e9 a rua Oleg\u00e1rio Coleta na Vila de Trapi\u00e1, e que seja colocado pontos de ilumina\u00e7\u00e3o de \"LED\"."}, {"id": "760", "ano": "2021", "numero": "123", "tipo__sigla": "REQ", "tipo__descricao": "Requerimento", "autoria": "Genival da Sa\u00fade", "texto_original": "http://sapl.riachodasalmas.pe.leg.br/media/sapl/public/materialegislativa/2021/760/requerimento_123.2021.pdf", "ementa": "No sentido de que seja solucionada a falta de abastecimento de \u00e1gua na Vila Trapi\u00e1, e nos s\u00edtios Ramada de Trapi\u00e1 e Lagoa de Tr\u00eas Irm\u00e3os."}, {"id": "761", "ano": "2021", "numero": "124", "tipo__sigla": "REQ", "tipo__descricao": "Requerimento", "autoria": "Genival da Sa\u00fade", "texto_original": "http://sapl.riachodasalmas.pe.leg.br/media/sapl/public/materialegislativa/2021/761/requerimento_124.2021.pdf", "ementa": "No sentido de autorizar a constru\u00e7\u00e00 de uma cerca de prote\u00e7\u00e3o. a base de estacas de madeira e revestida com arame farpado, no entorno do A\u00e7ude Estadual situado no Sitio Ramada de Trapi\u00e1, Zona Rural deste Munic\u00edpio de Riacho das Almas."}, {"id": "762", "ano": "2021", "numero": "125", "tipo__sigla": "REQ", "tipo__descricao": "Requerimento", "autoria": "Genival da Sa\u00fade", "texto_original": "http://sapl.riachodasalmas.pe.leg.br/media/sapl/public/materialegislativa/2021/762/requerimento_125.2021.pdf", "ementa": "No sentido de autorizar a constru\u00e7\u00e0o de uma cerca de prote\u00e7\u00e3o. a base de estacas de madeira e revestida com arame farpado, no entorno do A\u00e7ude Estadual situado no Sitio Ramada de Trapi\u00e1, Zona Rural deste Munic\u00edpio de Riacho das Almas."}, {"id": "763", "ano": "2021", "numero": "126", "tipo__sigla": "REQ", "tipo__descricao": "Requerimento", "autoria": "Genival da Sa\u00fade", "texto_original": "http://sapl.riachodasalmas.pe.leg.br/media/sapl/public/materialegislativa/2021/763/requerimento_126.2021.pdf", "ementa": "No sentido de que seja adquirido locado, uma casa na Cidade de Recife para servir de apoio aos usu\u00e1rios da rede estadual de sa\u00fade."}, {"id": "764", "ano": "2021", "numero": "127", "tipo__sigla": "REQ", "tipo__descricao": "Requerimento", "autoria": "Leandro da Sa\u00fade", "texto_original": "http://sapl.riachodasalmas.pe.leg.br/media/sapl/public/materialegislativa/2021/764/requerimento_127.2021.pdf", "ementa": "No sentido de que seja instalada uma UTI na Unidade Mista Joao Soares da Fonseca, neste munic\u00edpio."}, {"id": "765", "ano": "2021", "numero": "128", "tipo__sigla": "REQ", "tipo__descricao": "Requerimento", "autoria": "Abenildo da Ramada", "texto_original": "http://sapl.riachodasalmas.pe.leg.br/media/sapl/public/materialegislativa/2021/765/requerimento_128.2021.pdf", "ementa": "No sentido dos mesmos providenciarem a instala\u00e7\u00e3o de c\u00e2meras de monitoramento na pra\u00e7a Nossa do Livramento na Vila Trapi\u00e1."}, {"id": "766", "ano": "2021", "numero": "129", "tipo__sigla": "REQ", "tipo__descricao": "Requerimento", "autoria": "Abenildo da Ramada", "texto_original": "http://sapl.riachodasalmas.pe.leg.br/media/sapl/public/materialegislativa/2021/766/requerimento_129.2021.pdf", "ementa": "No sentido dos mesmos providenciarem a pavimenta\u00e7\u00e3o em paralelep\u00edpedo na Rua Projetada por tr\u00e1s do cemit\u00e9rio Frei Dami\u00e3o na Vila Trapi\u00e1"}, {"id": "767", "ano": "2021", "numero": "130", "tipo__sigla": "REQ", "tipo__descricao": "Requerimento", "autoria": "Abenildo da Ramada", "texto_original": "http://sapl.riachodasalmas.pe.leg.br/media/sapl/public/materialegislativa/2021/767/requerimento_130.2021.pdf", "ementa": "No sentido dos mesmos providenciarem a reforma da marquise do cemit\u00e9rio Frei Dami\u00e3o da Vila Trapi\u00e1."}, {"id": "768", "ano": "2021", "numero": "131", "tipo__sigla": "REQ", "tipo__descricao": "Requerimento", "autoria": "Abenildo da Ramada", "texto_original": "http://sapl.riachodasalmas.pe.leg.br/media/sapl/public/materialegislativa/2021/768/requerimento_131.2021.pdf", "ementa": "No sentido dos mesmos providenciarem a constru\u00e7\u00e3o de uma passagem molhada no Sitio Bento pr\u00f3ximo \u00e0 casa de Kika."}, {"id": "769", "ano": "2021", "numero": "132", "tipo__sigla": "REQ", "tipo__descricao": "Requerimento", "autoria": "Abenildo da Ramada", "texto_original": "http://sapl.riachodasalmas.pe.leg.br/media/sapl/public/materialegislativa/2021/769/requerimento_133.2021.pdf", "ementa": "No sentido dos mesmos providenciarem a constru\u00e7\u00e3o de uma passagem molhada no S\u00edtio Tanquinhos pr\u00f3ximo \u00e0 casa de Z\u00e9 Silvestre."}, {"id": "770", "ano": "2021", "numero": "133", "tipo__sigla": "REQ", "tipo__descricao": "Requerimento", "autoria": "Abenildo da Ramada", "texto_original": "http://sapl.riachodasalmas.pe.leg.br/media/sapl/public/materialegislativa/2021/770/requerimento_133.2021.pdf", "ementa": "No sentido dos mesmos providenciarem a constru\u00e7\u00e3o de uma passagem molhada no S\u00edtio Dois Riachos."}, {"id": "771", "ano": "2021", "numero": "134", "tipo__sigla": "REQ", "tipo__descricao": "Requerimento", "autoria": "Abenildo da Ramada", "texto_original": "http://sapl.riachodasalmas.pe.leg.br/media/sapl/public/materialegislativa/2021/771/requerimento_134.2021.pdf", "ementa": "No sentido do mesmo providenciar a volta da feira livre da Vila Trapi\u00e1, a serem realizadas as sextas-feiras."}, {"id": "772", "ano": "2021", "numero": "135", "tipo__sigla": "REQ", "tipo__descricao": "Requerimento", "autoria": "Abenildo da Ramada", "texto_original": "http://sapl.riachodasalmas.pe.leg.br/media/sapl/public/materialegislativa/2021/772/requerimento_135.2021.pdf", "ementa": "No sentido dos mesmos providenciarem a constru\u00e7\u00e3o de uma passagem molhada no S\u00edtio Carapot\u00f5es pr\u00f3ximo a fazenda de Lequinho de Joao de L\u00f3."}, {"id": "773", "ano": "2021", "numero": "136", "tipo__sigla": "REQ", "tipo__descricao": "Requerimento", "autoria": "Abenildo da Ramada", "texto_original": "http://sapl.riachodasalmas.pe.leg.br/media/sapl/public/materialegislativa/2021/773/requerimento_136.2021.pdf", "ementa": "No sentido dos mesmos providenciarem a reforma dos vesti\u00e1rios e o concerto dos refletores do campo da Vila Trapi\u00e1."}, {"id": "774", "ano": "2021", "numero": "137", "tipo__sigla": "REQ", "tipo__descricao": "Requerimento", "autoria": "Nestor do Bordado", "texto_original": "http://sapl.riachodasalmas.pe.leg.br/media/sapl/public/materialegislativa/2021/774/requerimento_137.2021.pdf", "ementa": "No sentido de reformar os vesti\u00e1rios e concertar a ilumina\u00e7\u00e3o no Campo municipal, neste munic\u00edpio."}, {"id": "775", "ano": "2021", "numero": "140", "tipo__sigla": "REQ", "tipo__descricao": "Requerimento", "autoria": "Junior Miranda", "texto_original": "http://sapl.riachodasalmas.pe.leg.br/media/sapl/public/materialegislativa/2021/775/requerimento_140.2021.pdf", "ementa": "No sentido de fazer a arboriza\u00e7\u00e3o do campo municipal, neste munic\u00edpio."}, {"id": "776", "ano": "2021", "numero": "141", "tipo__sigla": "REQ", "tipo__descricao": "Requerimento", "autoria": "Junior Miranda", "texto_original": "http://sapl.riachodasalmas.pe.leg.br/media/sapl/public/materialegislativa/2021/776/requerimento_141.2021.pdf", "ementa": "No sentido de construir uma ponte no bairro Jo\u00e3o Lula no Alto do Jiquiri, neste munic\u00edpio."}, {"id": "777", "ano": "2021", "numero": "142", "tipo__sigla": "REQ", "tipo__descricao": "Requerimento", "autoria": "Junior Miranda", "texto_original": "http://sapl.riachodasalmas.pe.leg.br/media/sapl/public/materialegislativa/2021/777/requerimento_142.2021.pdf", "ementa": "No sentido de fazer a pavimenta\u00e7\u00e3o em paralelep\u00edpedos e saneamento das ruas Am\u00e9lia Francisca da Silva e In\u00e1cio Alves Monteiro Filho nas proximidades do matadouro municipal, neste munic\u00edpio."}, {"id": "778", "ano": "2021", "numero": "143", "tipo__sigla": "REQ", "tipo__descricao": "Requerimento", "autoria": "Junior Miranda", "texto_original": "http://sapl.riachodasalmas.pe.leg.br/media/sapl/public/materialegislativa/2021/778/requerimento_143.2021.pdf", "ementa": "No sentido de fazer a pavimenta\u00e7\u00e3o em paralelep\u00edpedos e saneamento da travessa localizada na Av. Jo\u00e3o Soares da Fonseca pr\u00f3ximo a oficina de Ivan, neste munic\u00edpio."}, {"id": "779", "ano": "2021", "numero": "144", "tipo__sigla": "REQ", "tipo__descricao": "Requerimento", "autoria": "Junior Miranda", "texto_original": "http://sapl.riachodasalmas.pe.leg.br/media/sapl/public/materialegislativa/2021/779/requerimento_144.2021.pdf", "ementa": "No sentido de fazer a reforma estrutural da passagem molhada do S\u00edtio Bandeira Nas proximidades da casa do Sr. Jo\u00e3o Belo, neste munic\u00edpio."}, {"id": "780", "ano": "2021", "numero": "145", "tipo__sigla": "REQ", "tipo__descricao": "Requerimento", "autoria": "Junior Miranda", "texto_original": "http://sapl.riachodasalmas.pe.leg.br/media/sapl/public/materialegislativa/2021/780/requerimento_145.2021.pdf", "ementa": "No sentido de fazer reformar a escola."}, {"id": "781", "ano": "2021", "numero": "146", "tipo__sigla": "REQ", "tipo__descricao": "Requerimento", "autoria": "Junior Miranda", "texto_original": "http://sapl.riachodasalmas.pe.leg.br/media/sapl/public/materialegislativa/2021/781/requerimento_146.2021.pdf", "ementa": "No sentido de fazer a limpeza do A\u00e7ougue do Sitio Cacimba da V\u00e1rzea, neste munic\u00edpio."}, {"id": "782", "ano": "2021", "numero": "147", "tipo__sigla": "REQ", "tipo__descricao": "Requerimento", "autoria": "Junior Miranda", "texto_original": "http://sapl.riachodasalmas.pe.leg.br/media/sapl/public/materialegislativa/2021/782/requerimento_147.2021.pdf", "ementa": "No sentido de fazer a loca\u00e7\u00e3o de tratores para ara\u00e7\u00e3o de terra dos agricultores dos S\u00edtios Bandeira, Lagoa Nova, Ch\u00e3 do Bandeira, Pororocar Serra\r\nVerde, Atalaia e Salobro, neste munic\u00edpio."}, {"id": "783", "ano": "2021", "numero": "148", "tipo__sigla": "REQ", "tipo__descricao": "Requerimento", "autoria": "Junior Miranda", "texto_original": "http://sapl.riachodasalmas.pe.leg.br/media/sapl/public/materialegislativa/2021/783/requerimento_148.2021.pdf", "ementa": "No sentido de fazer a constru\u00e7\u00e3o de uma UBS no S\u00edtio Ch\u00e3 do Bandeira, neste munic\u00edpio."}, {"id": "784", "ano": "2021", "numero": "149", "tipo__sigla": "REQ", "tipo__descricao": "Requerimento", "autoria": "Junior Miranda", "texto_original": "http://sapl.riachodasalmas.pe.leg.br/media/sapl/public/materialegislativa/2021/784/requerimento_149.2021.pdf", "ementa": "No sentido de trazer um agr\u00f4nomo para auxiliar os agricultores das localidades dos S\u00edtios Bandeira, Lagoa Nova, Ch\u00e3 do Bandeira, Pororoca, Serra\r\nVerde, Atalaia e Salobro , neste munic\u00edpio."}, {"id": "785", "ano": "2021", "numero": "150", "tipo__sigla": "REQ", "tipo__descricao": "Requerimento", "autoria": "Junior Miranda", "texto_original": "http://sapl.riachodasalmas.pe.leg.br/media/sapl/public/materialegislativa/2021/785/requerimento_150.2021.pdf", "ementa": "No sentido de trazer uma escavadeira PC para auxiliar na limpeza de a\u00e7udes da regi\u00e3o, neste munic\u00edpio."}, {"id": "786", "ano": "2021", "numero": "151", "tipo__sigla": "REQ", "tipo__descricao": "Requerimento", "autoria": "Dr. Neto", "texto_original": "http://sapl.riachodasalmas.pe.leg.br/media/sapl/public/materialegislativa/2021/786/requerimento_151.2021.pdf", "ementa": "No sentido de readaptar o espa\u00e7o do antigo Tele centro afim de acomodar vagas de ber\u00e7\u00e1rio e atividades da Educa\u00e7\u00e3o Infantil para\r\natender a demanda educacional e social das fam\u00edlias desta Vila e comunidades circunvizinhas."}, {"id": "787", "ano": "2021", "numero": "152", "tipo__sigla": "REQ", "tipo__descricao": "Requerimento", "autoria": "Vandilson Barbeiro", "texto_original": "http://sapl.riachodasalmas.pe.leg.br/media/sapl/public/materialegislativa/2021/787/requerimento_152.2021.pdf", "ementa": "No sentido da constru\u00e7\u00e3o de uma UBS no S\u00edtio Salgado, neste munic\u00edpio."}, {"id": "788", "ano": "2021", "numero": "153", "tipo__sigla": "REQ", "tipo__descricao": "Requerimento", "autoria": "Vandilson Barbeiro", "texto_original": "http://sapl.riachodasalmas.pe.leg.br/media/sapl/public/materialegislativa/2021/788/requerimento_153.2021.pdf", "ementa": "No sentido da finaliza\u00e7\u00e3o do vesti\u00e1rio do campo do sitio guaritas, com cisterna, caixa d'\u00e1gua e 4 postes com refletores, neste mun\u00edcipio."}, {"id": "789", "ano": "2021", "numero": "154", "tipo__sigla": "REQ", "tipo__descricao": "Requerimento", "autoria": "Vandilson Barbeiro", "texto_original": "http://sapl.riachodasalmas.pe.leg.br/media/sapl/public/materialegislativa/2021/789/requerimento_154.2021.pdf", "ementa": "No sentido de reforma para a implanta\u00e7\u00e3o de uma nova sala de lazer no grupo escolar do sitio guaritas, neste munic\u00edpio."}, {"id": "790", "ano": "2021", "numero": "155", "tipo__sigla": "REQ", "tipo__descricao": "Requerimento", "autoria": "Vandilson Barbeiro", "texto_original": "http://sapl.riachodasalmas.pe.leg.br/media/sapl/public/materialegislativa/2021/790/requerimento_155.2021.pdf", "ementa": "No sentido da instala\u00e7\u00e3o de uma mureta de prote\u00e7\u00e3o na passagem molhada do S\u00edtio Atalaia, neste munic\u00edpio."}, {"id": "791", "ano": "2021", "numero": "156", "tipo__sigla": "REQ", "tipo__descricao": "Requerimento", "autoria": "Vandilson Barbeiro", "texto_original": "http://sapl.riachodasalmas.pe.leg.br/media/sapl/public/materialegislativa/2021/791/requerimento_156.2021.pdf", "ementa": "No sentido de empi\u00e7arrar \u00e1 estrada que liga a sa\u00edda de riacho das almas at\u00e9 o s\u00edtio gavi\u00e3o divisa entre Riacho das Almas e o munic\u00edpio de Cumaru, neste munic\u00edpio."}, {"id": "792", "ano": "2021", "numero": "157", "tipo__sigla": "REQ", "tipo__descricao": "Requerimento", "autoria": "Vandilson Barbeiro", "texto_original": "http://sapl.riachodasalmas.pe.leg.br/media/sapl/public/materialegislativa/2021/792/requerimento_157.2021.pdf", "ementa": "No sentido de pedir as autoridades competentes para a sinaliza\u00e7\u00e3o da PE\u202295 que faz parte do munic\u00edpio de Riacho das Almas, neste munic\u00edpio."}, {"id": "793", "ano": "2021", "numero": "158", "tipo__sigla": "REQ", "tipo__descricao": "Requerimento", "autoria": "Vandilson Barbeiro", "texto_original": "http://sapl.riachodasalmas.pe.leg.br/media/sapl/public/materialegislativa/2021/793/requerimento_158.2021.pdf", "ementa": "No sentido de empi\u00e7arrar as estradas que ligam o s\u00edtio guaritas at\u00e9 a vila do Vitorino, neste munic\u00edpio."}, {"id": "794", "ano": "2021", "numero": "159", "tipo__sigla": "REQ", "tipo__descricao": "Requerimento", "autoria": "Vandilson Barbeiro", "texto_original": "http://sapl.riachodasalmas.pe.leg.br/media/sapl/public/materialegislativa/2021/794/requerimento_159.2021.pdf", "ementa": "No sentido da constru\u00e7\u00e3o de uma passagem molhada que d\u00e1 acesso a rua Justo Fernandes da Mota at\u00e9 o bairro do Alto do Jiquiri, neste munic\u00edpio."}, {"id": "795", "ano": "2021", "numero": "160", "tipo__sigla": "REQ", "tipo__descricao": "Requerimento", "autoria": "Genival da Sa\u00fade", "texto_original": "http://sapl.riachodasalmas.pe.leg.br/media/sapl/public/materialegislativa/2021/795/requerimento_160.2021.pdf", "ementa": "No sentido que seja constru\u00edda 2 (duas) passagens molhada no Sitio Dois Riachos. uma localizadas pr\u00f3ximo a casa do Sr. Oliveira e a outra pr\u00f3ximo a casa do Sr. Z\u00e9 de Nezinho."}, {"id": "796", "ano": "2021", "numero": "161", "tipo__sigla": "REQ", "tipo__descricao": "Requerimento", "autoria": "Genival da Sa\u00fade", "texto_original": "http://sapl.riachodasalmas.pe.leg.br/media/sapl/public/materialegislativa/2021/796/requerimento_161.2021.pdf", "ementa": "No sentido que sejam realizadas melhorias e instala\u00e7\u00e3o de postes com refletores o campo localizado no Sitio Dois Riachos."}, {"id": "797", "ano": "2021", "numero": "162", "tipo__sigla": "REQ", "tipo__descricao": "Requerimento", "autoria": "Genival da Sa\u00fade", "texto_original": "http://sapl.riachodasalmas.pe.leg.br/media/sapl/public/materialegislativa/2021/797/requerimento_162.2021.pdf", "ementa": "No sentido que sejam reformados os pontos de \u00f4nibus do Sitio Bento e do Sitio Ramada de Trapi\u00e1, al\u00e9m de construir mas 02 (dois) novos pontos, 01 (um) pr\u00f3ximo a resid\u00eancia do Sr. Manoel Caboco e o outro na entrada do Sitio Trapi\u00e1."}, {"id": "798", "ano": "2021", "numero": "163", "tipo__sigla": "REQ", "tipo__descricao": "Requerimento", "autoria": "Genival da Sa\u00fade", "texto_original": "http://sapl.riachodasalmas.pe.leg.br/media/sapl/public/materialegislativa/2021/798/requerimento_163.2021.pdf", "ementa": "No sentido de que sejam colocados Agentes Comunit\u00e1rios de Sa\u00fade nas comunidades do S\u00edtio Bento e Sitio Lagoa de Tr\u00eas Irm\u00e3os."}, {"id": "799", "ano": "2021", "numero": "164", "tipo__sigla": "REQ", "tipo__descricao": "Requerimento", "autoria": "Genival da Sa\u00fade", "texto_original": "http://sapl.riachodasalmas.pe.leg.br/media/sapl/public/materialegislativa/2021/799/requerimento_164.2021.pdf", "ementa": "No sentido de que seja colocado um Agentes Comunit\u00e1rios de Sa\u00fade no Loteamento Golden Park. sede deste Munic\u00edpio."}, {"id": "800", "ano": "2021", "numero": "165", "tipo__sigla": "REQ", "tipo__descricao": "Requerimento", "autoria": "Genival da Sa\u00fade", "texto_original": "http://sapl.riachodasalmas.pe.leg.br/media/sapl/public/materialegislativa/2021/800/requerimento_165.2021.pdf", "ementa": "No sentido que seja feita a complementa\u00e7\u00e3o da pavimenta\u00e7\u00e3o de paralelep\u00edpedos gran\u00edticos da Av. Ant\u00f4nio Rosendo de Lima na entrada da Vila Trapi\u00e1 que fca (da entrada do matadouro p\u00fablico at\u00e9 Escola Jos\u00e9 Joaquim de Lima at\u00e9 a)."}, {"id": "801", "ano": "2021", "numero": "166", "tipo__sigla": "REQ", "tipo__descricao": "Requerimento", "autoria": "Genival da Sa\u00fade", "texto_original": "http://sapl.riachodasalmas.pe.leg.br/media/sapl/public/materialegislativa/2021/801/requerimento_166.2021.pdf", "ementa": "No sentido de que seja constru\u00edda a pavimenta\u00e7\u00e3o de paralelep\u00edpedos gran\u00edticos na Rua Maria Jos\u00e9 Gomes da Silva, sede deste munic\u00edpio localizada no Bairro Nova Esperan\u00e7a."}, {"id": "802", "ano": "2021", "numero": "167", "tipo__sigla": "REQ", "tipo__descricao": "Requerimento", "autoria": "Pastor Gustavo Lucena", "texto_original": "http://sapl.riachodasalmas.pe.leg.br/media/sapl/public/materialegislativa/2021/802/requerimento_167.2021.pdf", "ementa": "No sentido de pedir uma manilha para o Sitio Camurim na divisa entre os terrenos de Djalma e Cicero de Jos\u00e9 santos."}, {"id": "803", "ano": "2021", "numero": "168", "tipo__sigla": "REQ", "tipo__descricao": "Requerimento", "autoria": "Pastor Gustavo Lucena", "texto_original": "http://sapl.riachodasalmas.pe.leg.br/media/sapl/public/materialegislativa/2021/803/requerimento_168.2021.pdf", "ementa": "No sentido de reformar a quadra de esportes da Vila do Rangel e introduzir equipamentos esportivos."}, {"id": "804", "ano": "2021", "numero": "169", "tipo__sigla": "REQ", "tipo__descricao": "Requerimento", "autoria": "Pastor Gustavo Lucena", "texto_original": "http://sapl.riachodasalmas.pe.leg.br/media/sapl/public/materialegislativa/2021/804/requerimento_169.2021.pdf", "ementa": "No sentido de promover a reforma dos vesti\u00e1rios do campo municipal da Vila do Rangel."}, {"id": "805", "ano": "2021", "numero": "170", "tipo__sigla": "REQ", "tipo__descricao": "Requerimento", "autoria": "Pastor Gustavo Lucena", "texto_original": "http://sapl.riachodasalmas.pe.leg.br/media/sapl/public/materialegislativa/2021/805/requerimento_170.2021.pdf", "ementa": "No sentido de promover a pavimenta\u00e7\u00e3o em paralelep\u00edpedos da rua Severino Latino."}, {"id": "806", "ano": "2021", "numero": "171", "tipo__sigla": "REQ", "tipo__descricao": "Requerimento", "autoria": "Pastor Gustavo Lucena", "texto_original": "http://sapl.riachodasalmas.pe.leg.br/media/sapl/public/materialegislativa/2021/806/requerimento_171.2021.pdf", "ementa": "No sentido de religar a \u00e1gua na Vila de Z\u00e9 de Cicero."}, {"id": "807", "ano": "2021", "numero": "172", "tipo__sigla": "REQ", "tipo__descricao": "Requerimento", "autoria": "Dr. Neto", "texto_original": "http://sapl.riachodasalmas.pe.leg.br/media/sapl/public/materialegislativa/2021/807/requerimento_172.2021.pdf", "ementa": "No sentido de construir uma Quadra Poliesportiva na Vila de Patos."}, {"id": "808", "ano": "2021", "numero": "173", "tipo__sigla": "REQ", "tipo__descricao": "Requerimento", "autoria": "Dr. Neto", "texto_original": "http://sapl.riachodasalmas.pe.leg.br/media/sapl/public/materialegislativa/2021/808/requerimento_173.2021.pdf", "ementa": "No sentido de requalificar a Municipal Janu\u00e1rio Ferreira, Comunidade da Pend\u00eancia."}, {"id": "809", "ano": "2021", "numero": "175", "tipo__sigla": "REQ", "tipo__descricao": "Requerimento", "autoria": "Jos\u00e9 Welder Ferreira", "texto_original": "http://sapl.riachodasalmas.pe.leg.br/media/sapl/public/materialegislativa/2021/809/requerimento_175.2021.pdf", "ementa": "No sentido de implantar um coletor de na Travessa Jos\u00e9 Ferreira."}, {"id": "810", "ano": "2021", "numero": "176", "tipo__sigla": "REQ", "tipo__descricao": "Requerimento", "autoria": "Jos\u00e9 Welder Ferreira", "texto_original": "http://sapl.riachodasalmas.pe.leg.br/media/sapl/public/materialegislativa/2021/810/requerimento_176.2021.pdf", "ementa": "No sentido de realizar a pavimenta\u00e7\u00e3o em paralelep\u00edpedos na Rua Padre Edson, por tr\u00e1s da COMPESA."}, {"id": "811", "ano": "2021", "numero": "177", "tipo__sigla": "REQ", "tipo__descricao": "Requerimento", "autoria": "Dinho da Sa\u00fade", "texto_original": "http://sapl.riachodasalmas.pe.leg.br/media/sapl/public/materialegislativa/2021/811/requerimento_177.2021.pdf", "ementa": "No sentido de fazer a reposi\u00e7\u00e3o de l\u00e2mpadas existentes, por l\u00e2mpadas de Led nos 'Fostes\" que ficam em frente a Cadeia P\u00fablica, nesta cidade."}, {"id": "812", "ano": "2021", "numero": "178", "tipo__sigla": "REQ", "tipo__descricao": "Requerimento", "autoria": "Abenildo da Ramada", "texto_original": "http://sapl.riachodasalmas.pe.leg.br/media/sapl/public/materialegislativa/2021/812/requerimento_178.2021.pdf", "ementa": "No sentido dos mesmos providenciarem a instala\u00e7\u00e3o de quatro refletores em torno da quadra de areia pr\u00f3ximo a igrejinha de Santa Luzia, na vila de Trap\u00eda."}, {"id": "813", "ano": "2021", "numero": "179", "tipo__sigla": "REQ", "tipo__descricao": "Requerimento", "autoria": "Abenildo da Ramada", "texto_original": "http://sapl.riachodasalmas.pe.leg.br/media/sapl/public/materialegislativa/2021/813/requerimento_179.2021.pdf", "ementa": "No sentido de providenciar a coloca\u00e7\u00e3o de 5 (cinco) caixas d'\u00e1gua de 10 mil litros na Vila de Trapi\u00e1, as mesmas seriam abastecidas por carros pipas."}, {"id": "814", "ano": "2021", "numero": "180", "tipo__sigla": "REQ", "tipo__descricao": "Requerimento", "autoria": "Junior Miranda", "texto_original": "http://sapl.riachodasalmas.pe.leg.br/media/sapl/public/materialegislativa/2021/814/requerimento_180.2021.pdf", "ementa": "No sentido de implantar a guarda municipal civil na cidade de Riacho das Almas, neste munic\u00edpio."}, {"id": "815", "ano": "2021", "numero": "181", "tipo__sigla": "REQ", "tipo__descricao": "Requerimento", "autoria": "Junior Miranda", "texto_original": "http://sapl.riachodasalmas.pe.leg.br/media/sapl/public/materialegislativa/2021/815/requerimento_181.2021.pdf", "ementa": "No sentido de executar a perfura\u00e7\u00e3o de 20 (vinte) po\u00e7os artesianos distribu\u00eddos nas localidades dos S\u00edtios: Pororoca; Lagoa Nova; Torr\u00f5es; Atalaia; Alto dos Mo\u00e7os e Cacimba de V\u00e1rzea; Tambor; serra Verde; Salobro; Bandeira; Alto do Bandeira; Ch\u00e1 do Bandeira e Sitio Pepeu, neste munic\u00edpio."}, {"id": "816", "ano": "2021", "numero": "182", "tipo__sigla": "REQ", "tipo__descricao": "Requerimento", "autoria": "Junior Miranda", "texto_original": "http://sapl.riachodasalmas.pe.leg.br/media/sapl/public/materialegislativa/2021/816/requerimento_182.2021.pdf", "ementa": "No sentido de construir uma Tubula\u00e7\u00e3o ao lado do grupo escolar no Sitio Tambor pr\u00f3ximo a resid\u00eancia de Alzira, neste munic\u00edpio."}, {"id": "817", "ano": "2021", "numero": "183", "tipo__sigla": "REQ", "tipo__descricao": "Requerimento", "autoria": "Junior Miranda", "texto_original": "http://sapl.riachodasalmas.pe.leg.br/media/sapl/public/materialegislativa/2021/817/requerimento_183.2021.pdf", "ementa": "No sentido de construir urna barragem no Sitio Bandeira, neste munic\u00edpio."}, {"id": "818", "ano": "2021", "numero": "184", "tipo__sigla": "REQ", "tipo__descricao": "Requerimento", "autoria": "Junior Miranda", "texto_original": "http://sapl.riachodasalmas.pe.leg.br/media/sapl/public/materialegislativa/2021/818/requerimento_184.2021.pdf", "ementa": "No sentido de reformar o grupo escolar Ant\u00f4nio Ant\u00e3o da Silva no S\u00edtio Bandeira, neste munic\u00edpio."}, {"id": "819", "ano": "2021", "numero": "185", "tipo__sigla": "REQ", "tipo__descricao": "Requerimento", "autoria": "Junior Miranda", "texto_original": "http://sapl.riachodasalmas.pe.leg.br/media/sapl/public/materialegislativa/2021/819/requerimento_185.2021.pdf", "ementa": "No sentido de executar o abastecimento da cisterna pr\u00f3xima ao grupo escolar Ant\u00f4nio Ant\u00e3o da Silva no S\u00edtio Bandeira, neste munic\u00edpio."}, {"id": "820", "ano": "2021", "numero": "186", "tipo__sigla": "REQ", "tipo__descricao": "Requerimento", "autoria": "Junior Miranda", "texto_original": "http://sapl.riachodasalmas.pe.leg.br/media/sapl/public/materialegislativa/2021/820/requerimento_186.2021.pdf", "ementa": "No sentido de executar a liga\u00e7\u00e3o de \u00e1gua da COMPESA na Vila do Rangel no loteamento Jo\u00e3o Cabral, neste munic\u00edpio."}, {"id": "821", "ano": "2021", "numero": "187", "tipo__sigla": "REQ", "tipo__descricao": "Requerimento", "autoria": "Vandilson Barbeiro", "texto_original": "http://sapl.riachodasalmas.pe.leg.br/media/sapl/public/materialegislativa/2021/821/requerimento_187.2021.pdf", "ementa": "No sentido de que seja construid0 um canal no bairro Jo\u00e3o Chico, o mesmo ligar\u00e1 ao canal da salina."}, {"id": "822", "ano": "2021", "numero": "189", "tipo__sigla": "REQ", "tipo__descricao": "Requerimento", "autoria": "Genival da Sa\u00fade", "texto_original": "http://sapl.riachodasalmas.pe.leg.br/media/sapl/public/materialegislativa/2021/822/requerimento_189.2021.pdf", "ementa": "No sentido de construir uma pra\u00e7a por tr\u00e1s da igreja de Santa Luzia na vila de Trapi\u00e1, neste munic\u00edpio."}, {"id": "823", "ano": "2021", "numero": "190", "tipo__sigla": "REQ", "tipo__descricao": "Requerimento", "autoria": "Pastor Gustavo Lucena", "texto_original": "http://sapl.riachodasalmas.pe.leg.br/media/sapl/public/materialegislativa/2021/823/requerimento_190.2021.pdf", "ementa": "No sentido de realizar a reposi\u00e7\u00e3o terraplanagem no sitio Alto dos Mo\u00e7os, pr\u00f3ximo a casa de Kiko, nesta cidade."}, {"id": "824", "ano": "2021", "numero": "191", "tipo__sigla": "REQ", "tipo__descricao": "Requerimento", "autoria": "Genival da Sa\u00fade", "texto_original": "http://sapl.riachodasalmas.pe.leg.br/media/sapl/public/materialegislativa/2021/824/requerimento_191.2021.pdf", "ementa": "No sentido que sejam instaladas placas indicativas com os nomes de todas as ruas e avenidas da Vila Trapi\u00e1."}, {"id": "825", "ano": "2021", "numero": "192", "tipo__sigla": "REQ", "tipo__descricao": "Requerimento", "autoria": "Genival da Sa\u00fade", "texto_original": "http://sapl.riachodasalmas.pe.leg.br/media/sapl/public/materialegislativa/2021/825/requerimento_192.2021.pdf", "ementa": "No sentido que instale um n\u00facleo de gratuita no Munic\u00edpio."}, {"id": "826", "ano": "2021", "numero": "193", "tipo__sigla": "REQ", "tipo__descricao": "Requerimento", "autoria": "Dinho da Sa\u00fade", "texto_original": "http://sapl.riachodasalmas.pe.leg.br/media/sapl/public/materialegislativa/2021/826/requerimento_193.2021.pdf", "ementa": "No sentido de realizar a reforma na estrutura do ponto de \u00f4nibus que fica no Sitio Alto dos Mo\u00e7os em frete a casa do Sr. Abel dos Fogos, as margens da PE-95, neste munic\u00edpio."}, {"id": "827", "ano": "2021", "numero": "194", "tipo__sigla": "REQ", "tipo__descricao": "Requerimento", "autoria": "Nestor do Bordado", "texto_original": "http://sapl.riachodasalmas.pe.leg.br/media/sapl/public/materialegislativa/2021/827/requerimento_194.2021.pdf", "ementa": "No sentido de fazer duas lombadas, uma localizada na Rua da Saudade e outra em frente ao Palace Club, Rua Jos\u00e9 Felismino, neste munic\u00edpio."}, {"id": "828", "ano": "2021", "numero": "195", "tipo__sigla": "REQ", "tipo__descricao": "Requerimento", "autoria": "Genival da Sa\u00fade", "texto_original": "http://sapl.riachodasalmas.pe.leg.br/media/sapl/public/materialegislativa/2021/828/requerimento_195.2021.pdf", "ementa": "No sentido que sejam adesiva dos de forma vis\u00edvel os ve\u00edculos T FD (Tratamento Fora de Domicilio) que transportam os pacientes da Vila de Trapi\u00e1, com a logomarca da Rede Municipal de Sa\u00fade e com o n\u00famero de contato do respons\u00e1vel pelo carro."}, {"id": "829", "ano": "2021", "numero": "196", "tipo__sigla": "REQ", "tipo__descricao": "Requerimento", "autoria": "Dr. Neto", "texto_original": "http://sapl.riachodasalmas.pe.leg.br/media/sapl/public/materialegislativa/2021/829/requerimento_196.2021.pdf", "ementa": "No sentido de incluir o grupo de PROFSSORES da Rede Municipal de Ensino na nova aquisi\u00e7\u00e3o de vacinas para o COVID-19 Sinalizadas pela assinatura de Convenio do Cons\u00f3rcio de Munic\u00edpios, afim de prevenir e proteger esse grupo t\u00e3o importante para a educa\u00e7\u00e3o populacional."}, {"id": "830", "ano": "2021", "numero": "197", "tipo__sigla": "REQ", "tipo__descricao": "Requerimento", "autoria": "Dinho da Sa\u00fade", "texto_original": "http://sapl.riachodasalmas.pe.leg.br/media/sapl/public/materialegislativa/2021/830/requerimento_197.2021.pdf", "ementa": "No sentido de implantar lixeiras fixas em pontos estrat\u00e9gicos, neste munic\u00edpio."}, {"id": "831", "ano": "2021", "numero": "198", "tipo__sigla": "REQ", "tipo__descricao": "Requerimento", "autoria": "Dinho da Sa\u00fade", "texto_original": "http://sapl.riachodasalmas.pe.leg.br/media/sapl/public/materialegislativa/2021/831/requerimento_198.2021.pdf", "ementa": "No sentido de implantar lixeiras fixas em pontos estrat\u00e9gicos nas Vilas de Rangel; Pinh\u00f5es; Couro D'Antas; Trapi\u00e1; Patos; Vitorino e nos povoados de: Palmat\u00f3ria e Atalaia, neste munic\u00edpio."}, {"id": "832", "ano": "2021", "numero": "200", "tipo__sigla": "REQ", "tipo__descricao": "Requerimento", "autoria": "Kaio Bezerra", "texto_original": "http://sapl.riachodasalmas.pe.leg.br/media/sapl/public/materialegislativa/2021/832/requerimento_200.2021.pdf", "ementa": "No sentido de promover um cadastramento, fomentar futuros incentivos financeiros e liberar os recursos financeiros disponibilizados para o munic\u00edpio atrav\u00e9s da Lei Aldir Blanc, para os artistas locais."}, {"id": "833", "ano": "2021", "numero": "201", "tipo__sigla": "REQ", "tipo__descricao": "Requerimento", "autoria": "Kaio Bezerra", "texto_original": "http://sapl.riachodasalmas.pe.leg.br/media/sapl/public/materialegislativa/2021/833/requerimento_201.2021.pdf", "ementa": "No sentido de contratar profissionais das \u00e1reas de Psicologia e Servi\u00e7o Social poro compor o quadro da Secretaria Municipal de Educa\u00e7\u00e3o, deste munic\u00edpio."}, {"id": "834", "ano": "2021", "numero": "202", "tipo__sigla": "REQ", "tipo__descricao": "Requerimento", "autoria": "Genival da Sa\u00fade", "texto_original": "http://sapl.riachodasalmas.pe.leg.br/media/sapl/public/materialegislativa/2021/834/requerimento_202.2021.pdf", "ementa": "No sentido de trazer mais seguran\u00e7a para a vila de Trapi\u00e1, neste munic\u00edpio."}, {"id": "835", "ano": "2021", "numero": "203", "tipo__sigla": "REQ", "tipo__descricao": "Requerimento", "autoria": "Pastor Gustavo Lucena", "texto_original": "http://sapl.riachodasalmas.pe.leg.br/media/sapl/public/materialegislativa/2021/835/requerimento_203.2021.pdf", "ementa": "No sentido de executar a constru\u00e7\u00e3o de um cemit\u00e9rio na Vila de Rangel, neste munic\u00edpio."}, {"id": "836", "ano": "2021", "numero": "204", "tipo__sigla": "REQ", "tipo__descricao": "Requerimento", "autoria": "Leandro da Sa\u00fade", "texto_original": "http://sapl.riachodasalmas.pe.leg.br/media/sapl/public/materialegislativa/2021/836/requerimento_204.2021.pdf", "ementa": "No sentido de promover a pavimenta\u00e7\u00e3o em paralelep\u00edpedos da Rua Nova da Vila do Vitorino."}, {"id": "837", "ano": "2021", "numero": "205", "tipo__sigla": "REQ", "tipo__descricao": "Requerimento", "autoria": "Vandilson Barbeiro", "texto_original": "http://sapl.riachodasalmas.pe.leg.br/media/sapl/public/materialegislativa/2021/837/requerimento_205.2021.pdf", "ementa": "No sentido de que seja constru\u00edda uma passagem molhada, localizada no Sitio Caldeir\u00e3o, pr\u00f3ximo \u00e0 casa do professor Z\u00e9 Carlos."}, {"id": "838", "ano": "2021", "numero": "206", "tipo__sigla": "REQ", "tipo__descricao": "Requerimento", "autoria": "Abenildo da Ramada", "texto_original": "http://sapl.riachodasalmas.pe.leg.br/media/sapl/public/materialegislativa/2021/838/requerimento_206.2021.pdf", "ementa": "No sentido dos mesmos providenciarem a constru\u00e7\u00e3o de uma passagem molhada na grota do bigod\u00e3o pr\u00f3ximo \u00e0 casa de Severino de\r\nAnt\u00f4nio Passinha no S\u00edtio Cachoeira da On\u00e7a divisa com o S\u00edtio Logradouro."}, {"id": "839", "ano": "2021", "numero": "208", "tipo__sigla": "REQ", "tipo__descricao": "Requerimento", "autoria": "Junior Miranda", "texto_original": "http://sapl.riachodasalmas.pe.leg.br/media/sapl/public/materialegislativa/2021/839/requerimento_208.2021.pdf", "ementa": "No sentido de promover a constru\u00e7\u00e3o de lombadas na Rua S\u00e3o Judas Tadeu, no bairro Salinas."}, {"id": "840", "ano": "2021", "numero": "209", "tipo__sigla": "REQ", "tipo__descricao": "Requerimento", "autoria": "Pastor Gustavo Lucena", "texto_original": "http://sapl.riachodasalmas.pe.leg.br/media/sapl/public/materialegislativa/2021/840/requerimento_209.2021.pdf", "ementa": "No sentido de organizar em sentido \u00fanico o tr\u00e2nsito de autom\u00f3veis na Travessa Walter Braz."}, {"id": "841", "ano": "2021", "numero": "210", "tipo__sigla": "REQ", "tipo__descricao": "Requerimento", "autoria": "Vandilson Barbeiro", "texto_original": "http://sapl.riachodasalmas.pe.leg.br/media/sapl/public/materialegislativa/2021/841/requerimento_210.2021.pdf", "ementa": "No sentido de que feito uma limpeza na barragem de chico leite, localizado no Sitia de Pinh\u00f5es. neste munic\u00edpio."}, {"id": "842", "ano": "2021", "numero": "211", "tipo__sigla": "REQ", "tipo__descricao": "Requerimento", "autoria": "Kaio Bezerra", "texto_original": "http://sapl.riachodasalmas.pe.leg.br/media/sapl/public/materialegislativa/2021/842/requerimento_211.2021.pdf", "ementa": "No sentido de providenciar as Obras estruturais e a libera\u00e7\u00e3o do Loteamento \"Novo Lar\" (Pr\u00f3ximo ao Bairro Celestino Ferreira), nesta cidade."}, {"id": "843", "ano": "2021", "numero": "212", "tipo__sigla": "REQ", "tipo__descricao": "Requerimento", "autoria": "Leandro da Sa\u00fade", "texto_original": "http://sapl.riachodasalmas.pe.leg.br/media/sapl/public/materialegislativa/2021/843/requerimento_212.2021.pdf", "ementa": "No sentido ampliar a estrada que liga as PE 95 at\u00e9 a Vila do Vitorino e as vicinais S\u00edtio Cajueiro, S\u00edtio Cascavel e S\u00edtio Modesto."}, {"id": "844", "ano": "2021", "numero": "213", "tipo__sigla": "REQ", "tipo__descricao": "Requerimento", "autoria": "Dinho da Sa\u00fade", "texto_original": "http://sapl.riachodasalmas.pe.leg.br/media/sapl/public/materialegislativa/2021/844/requerimento_213.2021.pdf", "ementa": "No sentido de realizar a constru\u00e7\u00e3o de uma passagem molhada no S\u00edtio Alto dos Mo\u00e7os, nas proximidades da casa de Gilvan, filho de Abel dos fogos, que d\u00e1 acesso ao Sitio Bandeira."}, {"id": "845", "ano": "2021", "numero": "214", "tipo__sigla": "REQ", "tipo__descricao": "Requerimento", "autoria": "Jos\u00e9 Welder Ferreira", "texto_original": "http://sapl.riachodasalmas.pe.leg.br/media/sapl/public/materialegislativa/2021/845/requerimento_214.2021.pdf", "ementa": "No sentido de providenciar a reativa\u00e7\u00e3o da Feira Livre na Vila de Pinh\u00f5es, zona rural do munic\u00edpio de Riacho das Almas/PE."}, {"id": "846", "ano": "2021", "numero": "215", "tipo__sigla": "REQ", "tipo__descricao": "Requerimento", "autoria": "Jos\u00e9 Welder Ferreira", "texto_original": "http://sapl.riachodasalmas.pe.leg.br/media/sapl/public/materialegislativa/2021/846/requerimento_215.2021.pdf", "ementa": "No sentido de promover a implanta\u00e7\u00e3o de grade de prote\u00e7\u00e3o, cal\u00e7adas laterais e implementa\u00e7\u00e3o do sistema de ilumina\u00e7\u00e3o, tudo pr\u00f3ximo ao cemit\u00e9rio."}, {"id": "847", "ano": "2021", "numero": "216", "tipo__sigla": "REQ", "tipo__descricao": "Requerimento", "autoria": "Jos\u00e9 Welder Ferreira", "texto_original": "http://sapl.riachodasalmas.pe.leg.br/media/sapl/public/materialegislativa/2021/847/requerimento_216.2021.pdf", "ementa": "No sentido de promover a requalifica\u00e7\u00e3o geral na Academia da Cidade, nesta cidade de Riacho das Almas/PE."}, {"id": "848", "ano": "2021", "numero": "217", "tipo__sigla": "REQ", "tipo__descricao": "Requerimento", "autoria": "Jos\u00e9 Welder Ferreira", "texto_original": "http://sapl.riachodasalmas.pe.leg.br/media/sapl/public/materialegislativa/2021/848/requerimento_217.2021.pdf", "ementa": "No sentido de fazer a pavimenta\u00e7\u00e3o asf\u00e1ltica na via principal da Vila de Pinh\u00f5es e promover a requalifica\u00e7\u00e3o do canteiro central da referida vila."}, {"id": "849", "ano": "2021", "numero": "218", "tipo__sigla": "REQ", "tipo__descricao": "Requerimento", "autoria": "Pastor Gustavo Lucena", "texto_original": "http://sapl.riachodasalmas.pe.leg.br/media/sapl/public/materialegislativa/2021/849/requerimento_218.2021.pdf", "ementa": "No sentido realiza a constru\u00e7\u00e3o de uma pra\u00e7a na Vila do Rangel, pr\u00f3ximo ao Correio, para o bem-estar da comunidade, com mesa para jogos."}, {"id": "850", "ano": "2021", "numero": "219", "tipo__sigla": "REQ", "tipo__descricao": "Requerimento", "autoria": "Leandro da Sa\u00fade", "texto_original": "http://sapl.riachodasalmas.pe.leg.br/media/sapl/public/materialegislativa/2021/850/requerimento_219.2021.pdf", "ementa": "No sentido de asfaltar da PE-95 at\u00e9 a Vila Atalaia."}, {"id": "851", "ano": "2021", "numero": "220", "tipo__sigla": "REQ", "tipo__descricao": "Requerimento", "autoria": "Vandilson Barbeiro", "texto_original": "http://sapl.riachodasalmas.pe.leg.br/media/sapl/public/materialegislativa/2021/851/requerimento_220.2021.pdf", "ementa": "No sentido de que seja conclu\u00edda a finaliza\u00e7\u00e3o da reforma da quadra coberta da Vila do Vitorino."}, {"id": "852", "ano": "2021", "numero": "221", "tipo__sigla": "REQ", "tipo__descricao": "Requerimento", "autoria": "Vandilson Barbeiro", "texto_original": "http://sapl.riachodasalmas.pe.leg.br/media/sapl/public/materialegislativa/2021/852/requerimento_221.2021.pdf", "ementa": "No sentido de que seja feita a instala\u00e7\u00e3o de refletores na quadra descoberta da Vila dg Vitorino. neste munic\u00edpio."}, {"id": "853", "ano": "2021", "numero": "222", "tipo__sigla": "REQ", "tipo__descricao": "Requerimento", "autoria": "Dr. Neto", "texto_original": "http://sapl.riachodasalmas.pe.leg.br/media/sapl/public/materialegislativa/2021/853/requerimento_222.2021.pdf", "ementa": "No sentido de elaborar um programa de cunho or\u00e7ament\u00e1rio que vise isentar da taxa de Contribui\u00e7\u00e3o de Ilumina\u00e7\u00e3o P\u00fablica (CIP), durante o m\u00eas de maio e junho- ou at\u00e9 perdurar o estado de calamidade p\u00fablica da covid-19, as fam\u00edlias de Visualizar N\u00ba Data Tipo Assunto Anexo(s) baixa renda de Riacho das Almas, que estejam inclusas no cad. \u00fanico do munic\u00edpio e apresentem consumo de at\u00e9 220kw/m\u00eas, afim de proteger e auxiliar as fam\u00edlias carentes do munic\u00edpio."}, {"id": "854", "ano": "2021", "numero": "223", "tipo__sigla": "REQ", "tipo__descricao": "Requerimento", "autoria": "Genival da Sa\u00fade", "texto_original": "http://sapl.riachodasalmas.pe.leg.br/media/sapl/public/materialegislativa/2021/854/requerimento_223._2021.pdf", "ementa": "No sentido de que sejam recolocadas as Barreiras Sanit\u00e1rias nos pontos de acesso a cidade e na sa\u00edda para a Zona Rural sentido a Vila Trapi\u00e1."}, {"id": "855", "ano": "2021", "numero": "224", "tipo__sigla": "REQ", "tipo__descricao": "Requerimento", "autoria": "Genival da Sa\u00fade", "texto_original": "http://sapl.riachodasalmas.pe.leg.br/media/sapl/public/materialegislativa/2021/855/requerimento_224._2021.pdf", "ementa": "No sentido que seja realizada a reforma do grupo escolar Ant\u00f4nio Galiva, situado no Sitio Dois Riachos."}, {"id": "856", "ano": "2021", "numero": "225", "tipo__sigla": "REQ", "tipo__descricao": "Requerimento", "autoria": "Pastor Gustavo Lucena", "texto_original": "http://sapl.riachodasalmas.pe.leg.br/media/sapl/public/materialegislativa/2021/856/requerimento_225._2021.pdf", "ementa": "No sentido de fazer o cal\u00e7amento da Rua Jos\u00e9 Felismino no bairro Celestino Ferreira, na cidade de Riacho das Almas."}, {"id": "857", "ano": "2021", "numero": "226", "tipo__sigla": "REQ", "tipo__descricao": "Requerimento", "autoria": "Pastor Gustavo Lucena", "texto_original": "http://sapl.riachodasalmas.pe.leg.br/media/sapl/public/materialegislativa/2021/857/requerimento_226._2021.pdf", "ementa": "No sentido de fazer o cal\u00e7amento da Rua Nossa Senhora das Dores, no bairro Nova Esperan\u00e7a, na cidade de Riacho das Almas."}, {"id": "858", "ano": "2021", "numero": "227", "tipo__sigla": "REQ", "tipo__descricao": "Requerimento", "autoria": "Abenildo da Ramada, Pastor Gustavo Lucena", "texto_original": "http://sapl.riachodasalmas.pe.leg.br/media/sapl/public/materialegislativa/2021/858/requerimento_227._2021.pdf", "ementa": "No sentido de executar a liga\u00e7\u00e3o de \u00e1gua da compesa nos s\u00edtios Alto Vermelho e Lagoa Comprida, entre as vilas Rangel e Pinh\u00f5es, zona rural desta cidade."}, {"id": "859", "ano": "2021", "numero": "228", "tipo__sigla": "REQ", "tipo__descricao": "Requerimento", "autoria": "Vandilson Barbeiro", "texto_original": "http://sapl.riachodasalmas.pe.leg.br/media/sapl/public/materialegislativa/2021/859/requerimento_228._2021.pdf", "ementa": "No sentido de que seja realizada a reforma das tendas dos moto taxis na pra\u00e7a do centro da cidade, neste munic\u00edpio."}, {"id": "860", "ano": "2021", "numero": "229", "tipo__sigla": "REQ", "tipo__descricao": "Requerimento", "autoria": "Vandilson Barbeiro", "texto_original": "http://sapl.riachodasalmas.pe.leg.br/media/sapl/public/materialegislativa/2021/860/requerimento_229._2021.pdf", "ementa": "No sentido de que seja feita restaura\u00e7\u00e3o com pavimenta\u00e7\u00e3o do cal\u00e7amento na Rua da Saudade. pr\u00f3ximo casa do Sr. do M\u00e1rmore, e pr\u00f3ximo ao Palace Clube. neste munic\u00edpio."}, {"id": "861", "ano": "2021", "numero": "230", "tipo__sigla": "REQ", "tipo__descricao": "Requerimento", "autoria": "Dr. Neto", "texto_original": "http://sapl.riachodasalmas.pe.leg.br/media/sapl/public/materialegislativa/2021/861/requerimento_230._2021.pdf", "ementa": "No sentido de planejar uma equipe de tratamento multidisciplinar p\u00f3s-covid, composto por fisioterapeuta, psic\u00f3logo, nutricionista e m\u00e9dico, afm de minimizar os efeitos e as sequelas desta patologia."}, {"id": "862", "ano": "2021", "numero": "231", "tipo__sigla": "REQ", "tipo__descricao": "Requerimento", "autoria": "Vandilson Barbeiro", "texto_original": "http://sapl.riachodasalmas.pe.leg.br/media/sapl/public/materialegislativa/2021/862/requerimento_231._2021.pdf", "ementa": "No sentido de que seio implantada mais uma lixeira, no  come\u00e7o da ladeira do gringo, na do Vitorino, neste munic\u00edpio."}, {"id": "863", "ano": "2021", "numero": "232", "tipo__sigla": "REQ", "tipo__descricao": "Requerimento", "autoria": "Abenildo da Ramada", "texto_original": "http://sapl.riachodasalmas.pe.leg.br/media/sapl/public/materialegislativa/2021/863/requerimento_232._2021.pdf", "ementa": "No sentido dos mesmos providenciarem a pavimenta\u00e7\u00e3o em paralelep\u00edpedos na entrada da Vila do Rangel, sendo do trevo at\u00e9 a referida Vila."}, {"id": "864", "ano": "2021", "numero": "233", "tipo__sigla": "REQ", "tipo__descricao": "Requerimento", "autoria": "Abenildo da Ramada", "texto_original": "http://sapl.riachodasalmas.pe.leg.br/media/sapl/public/materialegislativa/2021/864/requerimento_233._2021.pdf", "ementa": "No sentido do mesmo providenciar a implanta\u00e7\u00e3o da rede de \u00e1gua do S\u00edtio Trapi\u00e1, sendo da entrada do referido sitio at\u00e9 a casa do Sr. Manoel Rosendo."}, {"id": "865", "ano": "2021", "numero": "234", "tipo__sigla": "REQ", "tipo__descricao": "Requerimento", "autoria": "Abenildo da Ramada", "texto_original": "http://sapl.riachodasalmas.pe.leg.br/media/sapl/public/materialegislativa/2021/865/requerimento_234._2021.pdf", "ementa": "No sentido dos mesmos providenciarem a coloca\u00e7\u00e3o de pi\u00e7arra na estrada do Sitio Trapi\u00e1 em frente \u00e0 casa do Sr. Valdo at\u00e9 a em frente \u00e0 resid\u00eancia do Sr. Biel."}, {"id": "866", "ano": "2021", "numero": "235", "tipo__sigla": "REQ", "tipo__descricao": "Requerimento", "autoria": "Abenildo da Ramada", "texto_original": "http://sapl.riachodasalmas.pe.leg.br/media/sapl/public/materialegislativa/2021/866/requerimento_235._2021.pdf", "ementa": "No sentido dos mesmos providenciarem a coloca\u00e7\u00e3o de pi\u00e7arra na estrada da Vila do Rangel, sendo da ladeira perto do antigo lix\u00e3o at\u00e9 a entrada da\r\nreferida Vila."}, {"id": "867", "ano": "2021", "numero": "236", "tipo__sigla": "REQ", "tipo__descricao": "Requerimento", "autoria": "Abenildo da Ramada", "texto_original": "http://sapl.riachodasalmas.pe.leg.br/media/sapl/public/materialegislativa/2021/867/requerimento_236._2021.pdf", "ementa": "No sentido dos mesmos providenciarem a pavimenta\u00e7\u00e3o em paralelep\u00edpedos na rua da entrada do cemit\u00e9rio Frei Dami\u00e3o at\u00e9 a igrejinha que tem\r\ndentro do referido cemit\u00e9rio."}, {"id": "868", "ano": "2021", "numero": "237", "tipo__sigla": "REQ", "tipo__descricao": "Requerimento", "autoria": "Dinho da Sa\u00fade", "texto_original": "http://sapl.riachodasalmas.pe.leg.br/media/sapl/public/materialegislativa/2021/868/requerimento_237._2021.pdf", "ementa": "No sentido de solicitar a distribui\u00e7\u00e3o de sementes de milho, feij\u00e3o e sorgo para os agricultores do munic\u00edpio de Riacho das Almas."}, {"id": "869", "ano": "2021", "numero": "238", "tipo__sigla": "REQ", "tipo__descricao": "Requerimento", "autoria": "Jos\u00e9 Welder Ferreira", "texto_original": "http://sapl.riachodasalmas.pe.leg.br/media/sapl/public/materialegislativa/2021/869/requerimento_238._2021.pdf", "ementa": "No sentido de criar no \u00e2mbito da Secretaria Municipal de Agricultura, um cadastro para agricultores/ criadores, para que os mesmos possam solicitar atrav\u00e9s do referido cadastro todos os servi\u00e7os prestados por esta secretaria ( ara\u00e7\u00e3o de terra, limpeza de a\u00e7udes, distribui\u00e7\u00e3o de sementes, vacinas\r\npara animais e caminh\u00f5es pipa , entre outros) e que sejam atendidos conforme ordem de solicita\u00e7\u00e3o, em cumprimento aos princ\u00edpios da igualdade jur\u00eddica, que consiste em assegurar \u00e0s pessoas de situa\u00e7\u00f5es iguais os mesmos direitos, prerrogativas e vantagens, com as Obriga\u00e7\u00f5es\r\ncorrespondentes e o Princ\u00edpio da Publicidade."}, {"id": "870", "ano": "2021", "numero": "239", "tipo__sigla": "REQ", "tipo__descricao": "Requerimento", "autoria": "Jos\u00e9 Welder Ferreira", "texto_original": "http://sapl.riachodasalmas.pe.leg.br/media/sapl/public/materialegislativa/2021/870/requerimento_239._2021.pdf", "ementa": "No sentido de criar implantar um sistema de Ilumina\u00e7\u00e3o P\u00fablica, compreendendo as duas margens do Campo da Salina, no per\u00edmetro onde est\u00e3o inseridas as resid\u00eancias do bairro Salina, nesta cidade."}, {"id": "871", "ano": "2021", "numero": "240", "tipo__sigla": "REQ", "tipo__descricao": "Requerimento", "autoria": "Jos\u00e9 Welder Ferreira", "texto_original": "http://sapl.riachodasalmas.pe.leg.br/media/sapl/public/materialegislativa/2021/871/requerimento_240._2021.pdf", "ementa": "No sentido fiscalizar a circula\u00e7\u00e3o de animais semoventes (equinos, su\u00ednos, caprinos e bovinos) nas vias p\u00fablicas desta Cidade, e que sejam tomadas medidas legais cab\u00edveis."}, {"id": "872", "ano": "2021", "numero": "241", "tipo__sigla": "REQ", "tipo__descricao": "Requerimento", "autoria": "Dinho da Sa\u00fade", "texto_original": "http://sapl.riachodasalmas.pe.leg.br/media/sapl/public/materialegislativa/2021/872/requerimento_241._2021.pdf", "ementa": "No sentido que sejam feitas as substitui\u00e7\u00f5es das lumin\u00e1rias de s\u00f3dio e met\u00e1lica de 250W e 400W na PE 95 por Led de 150W ou 20CW, visto que os equipamentos s\u00e3o antigos e de alto consumo, al\u00e9m de estarem com sua vida \u00fatil no fm."}, {"id": "873", "ano": "2021", "numero": "242", "tipo__sigla": "REQ", "tipo__descricao": "Requerimento", "autoria": "Genival da Sa\u00fade", "texto_original": "http://sapl.riachodasalmas.pe.leg.br/media/sapl/public/materialegislativa/2021/873/requerimento_242._2021.pdf", "ementa": "No sentido de solicitar a ara\u00e7\u00e3o de terra nos s\u00edtios Lagos Tr\u00eas Irm\u00e3os, Carrapatos, Bento, Ramada, Bentinho, Lagoa do Felipe, Cachoeira da On\u00e7a e a Vila de Trapi\u00e1, nesta cidade."}, {"id": "874", "ano": "2021", "numero": "243", "tipo__sigla": "REQ", "tipo__descricao": "Requerimento", "autoria": "Dinho da Sa\u00fade", "texto_original": "http://sapl.riachodasalmas.pe.leg.br/media/sapl/public/materialegislativa/2021/874/requerimento_243._2021.pdf", "ementa": "No sentido de fazer a remarca\u00e7\u00e3o dos bancos da feira, deixando 01metro de cal\u00e7ada para a circula\u00e7\u00e3o de pedestres."}, {"id": "875", "ano": "2021", "numero": "244", "tipo__sigla": "REQ", "tipo__descricao": "Requerimento", "autoria": "Pastor Gustavo Lucena", "texto_original": "http://sapl.riachodasalmas.pe.leg.br/media/sapl/public/materialegislativa/2021/875/requerimento_244._2021.pdf", "ementa": "No sentido de realizar uma terraplanagem no S\u00edtio Chic\u00e3o, nas proximidades da casa do Sr. D\u00edlson. nesta cidade."}, {"id": "876", "ano": "2021", "numero": "245", "tipo__sigla": "REQ", "tipo__descricao": "Requerimento", "autoria": "Pastor Gustavo Lucena", "texto_original": "http://sapl.riachodasalmas.pe.leg.br/media/sapl/public/materialegislativa/2021/876/requerimento_245._2021.pdf", "ementa": "No sentido de realizar cal\u00e7amento na travessa Jo\u00e3o Soares, conhecida rua de Gilmar da Laje, nesta cidade."}, {"id": "877", "ano": "2021", "numero": "246", "tipo__sigla": "REQ", "tipo__descricao": "Requerimento", "autoria": "Junior Miranda", "texto_original": "http://sapl.riachodasalmas.pe.leg.br/media/sapl/public/materialegislativa/2021/877/requerimento_246._2021.pdf", "ementa": "No sentido que sejam feitas as substitui\u00e7\u00f5es das lumin\u00e1rias nos s\u00edtios Lagoa Nova, Pororoc\u00e1, Bandeira, Ch\u00e3 do Bandeira, Cacimba de V\u00e1rzea, Tambor, Serra Verde, Salobro, Alto dos Mo\u00e7os e Atalaia, nesta cidade."}, {"id": "878", "ano": "2021", "numero": "247", "tipo__sigla": "REQ", "tipo__descricao": "Requerimento", "autoria": "Junior Miranda", "texto_original": "http://sapl.riachodasalmas.pe.leg.br/media/sapl/public/materialegislativa/2021/878/requerimento_247._2021.pdf", "ementa": "No sentido que seja feita a Constru\u00e7\u00e3o de uma passagem molhada no S\u00edtio Pororoca nas proximidades da casa do Sr. Gercino, nesta cidade."}, {"id": "879", "ano": "2021", "numero": "248", "tipo__sigla": "REQ", "tipo__descricao": "Requerimento", "autoria": "Junior Miranda", "texto_original": "http://sapl.riachodasalmas.pe.leg.br/media/sapl/public/materialegislativa/2021/879/requerimento_248._2021.pdf", "ementa": "No sentido que seja colocado pi\u00e7arra de Abel dos Fogos at\u00e9 Z\u00e9 Mi\u00fado e de Dona Telinha at\u00e9 D, Rosa al\u00e9m de fazer o desassoreamento do riacho de Dona Telinha, no Sitio Bandeira."}, {"id": "880", "ano": "2021", "numero": "249", "tipo__sigla": "REQ", "tipo__descricao": "Requerimento", "autoria": "Genival da Sa\u00fade", "texto_original": "http://sapl.riachodasalmas.pe.leg.br/media/sapl/public/materialegislativa/2021/880/requerimento_249._2021.pdf", "ementa": "No sentido que seja realizada a manuten\u00e7\u00e3o da passarela que liga a Cidade a PE95 sentido Alto do Jiquiri."}, {"id": "881", "ano": "2021", "numero": "250", "tipo__sigla": "REQ", "tipo__descricao": "Requerimento", "autoria": "Kaio Bezerra", "texto_original": "http://sapl.riachodasalmas.pe.leg.br/media/sapl/public/materialegislativa/2021/881/requerimento_250._2021.pdf", "ementa": "No sentido de providenciar a instala\u00e7\u00e3o de Postes e lumin\u00e1rias no per\u00edmetro urbano que liga as Ruas Jo\u00e3o Quirino a Oleg\u00e1rio Coleta na Vila de Trapi\u00e1. Zona Rural deste munic\u00edpio."}, {"id": "882", "ano": "2021", "numero": "251", "tipo__sigla": "REQ", "tipo__descricao": "Requerimento", "autoria": "Dinho da Sa\u00fade", "texto_original": "http://sapl.riachodasalmas.pe.leg.br/media/sapl/public/materialegislativa/2021/882/requerimento_251._2021.pdf", "ementa": "No sentido que seja feita a Constru\u00e7\u00e3o de uma UBS no bairro Nova Esperan\u00e7a, nesta cidade."}, {"id": "883", "ano": "2021", "numero": "252", "tipo__sigla": "REQ", "tipo__descricao": "Requerimento", "autoria": "Jos\u00e9 Welder Ferreira", "texto_original": "http://sapl.riachodasalmas.pe.leg.br/media/sapl/public/materialegislativa/2021/883/requerimento_252._2021.pdf", "ementa": "No sentido de providenciar a manuten\u00e7\u00e3o de uma lombada em frente \u00e0 casa do senhor conhecido como Bega e a implanta\u00e7\u00e3o de\r\noutra ao lado da casa da senhora conhecida como Lulu, essas situadas na rua Agamenon Magalh\u00e3es, nesta cidade."}, {"id": "884", "ano": "2021", "numero": "253", "tipo__sigla": "REQ", "tipo__descricao": "Requerimento", "autoria": "Jos\u00e9 Welder Ferreira", "texto_original": "http://sapl.riachodasalmas.pe.leg.br/media/sapl/public/materialegislativa/2021/884/requerimento_253._2021.pdf", "ementa": "No sentido de construir um Canteiro Central as margens da PE-95, entre a Pista de rolamento e a via de acesso local da Cohab, compreende todo o per\u00edmetro urbano do referido bairro, nesta cidade de Riacho das Almas/PE."}, {"id": "885", "ano": "2021", "numero": "254", "tipo__sigla": "REQ", "tipo__descricao": "Requerimento", "autoria": "Leandro da Sa\u00fade", "texto_original": "http://sapl.riachodasalmas.pe.leg.br/media/sapl/public/materialegislativa/2021/885/requerimento_254._2021.pdf", "ementa": "No sentido de construir uma bueira no S\u00edtio Urubu, pr\u00f3ximo \u00e0 casa do Sr. Rubens."}, {"id": "886", "ano": "2021", "numero": "255", "tipo__sigla": "REQ", "tipo__descricao": "Requerimento", "autoria": "Genival da Sa\u00fade", "texto_original": "http://sapl.riachodasalmas.pe.leg.br/media/sapl/public/materialegislativa/2021/886/requerimento_255._2021.pdf", "ementa": "No sentido que seja constru\u00edda uma \u00e1rea recreativa no terreno localizado atr\u00e1s da Escola Municipal Ant\u00f4nio Severino dos Santos no Sitio Ramada de Trapi\u00e1."}, {"id": "887", "ano": "2021", "numero": "256", "tipo__sigla": "REQ", "tipo__descricao": "Requerimento", "autoria": "Leandro da Sa\u00fade", "texto_original": "http://sapl.riachodasalmas.pe.leg.br/media/sapl/public/materialegislativa/2021/887/requerimento_256._2021.pdf", "ementa": "No sentido de solicitar a liga\u00e7\u00e3o de \u00e1gua da compesa no Povoado de Bara\u00fanas e na Vila de Patos, nesta cidade."}, {"id": "888", "ano": "2021", "numero": "257", "tipo__sigla": "REQ", "tipo__descricao": "Requerimento", "autoria": "Junior Miranda", "texto_original": "http://sapl.riachodasalmas.pe.leg.br/media/sapl/public/materialegislativa/2021/888/requerimento_257._2021.pdf", "ementa": "No sentido de solicitar um carro de apoio para o sitio Bandeira."}, {"id": "889", "ano": "2021", "numero": "258", "tipo__sigla": "REQ", "tipo__descricao": "Requerimento", "autoria": "Junior Miranda", "texto_original": "http://sapl.riachodasalmas.pe.leg.br/media/sapl/public/materialegislativa/2021/889/requerimento_258._2021.pdf", "ementa": "No sentido que seja fornecido nas escolas p\u00fablicas um kit higi\u00eanico, composto por absorvente \u00edntimo e len\u00e7os umedecidos."}, {"id": "890", "ano": "2021", "numero": "259", "tipo__sigla": "REQ", "tipo__descricao": "Requerimento", "autoria": "Genival da Sa\u00fade", "texto_original": "http://sapl.riachodasalmas.pe.leg.br/media/sapl/public/materialegislativa/2021/890/requerimento_259._2021.pdf", "ementa": "No sentido que seja feita uma extens\u00e3o da pavimenta\u00e7\u00e3o de paralelep\u00edpedos gran\u00edticos na Rua Oleg\u00e1rio coleta da casa do Sr. Ant\u00f3nio de Nestor at\u00e9 a frente da casa de Sr. M\u00e1rio sentido Lagoa Tr\u00eas Irm\u00e3os."}, {"id": "891", "ano": "2021", "numero": "260", "tipo__sigla": "REQ", "tipo__descricao": "Requerimento", "autoria": "Genival da Sa\u00fade", "texto_original": "http://sapl.riachodasalmas.pe.leg.br/media/sapl/public/materialegislativa/2021/891/requerimento_260._2021.pdf", "ementa": "No sentido que seja feita uma extens\u00e3o da pavimenta\u00e7\u00e3o de paralelep\u00edpedos gran\u00edticos na Travessa Jos\u00e9 Felismino at\u00e9 a Rua Nivaldo Ferreira da Silva no Barrio Celestino Ferreira"}, {"id": "892", "ano": "2021", "numero": "261", "tipo__sigla": "REQ", "tipo__descricao": "Requerimento", "autoria": "Genival da Sa\u00fade", "texto_original": "http://sapl.riachodasalmas.pe.leg.br/media/sapl/public/materialegislativa/2021/892/requerimento_261._2021.pdf", "ementa": "No sentido que seja colocada uma lumin\u00e1ria de LED no poste na entrada da Rua Celestino Ferreira pr\u00f3ximo \u00e0 casa do Sr Nailson."}, {"id": "893", "ano": "2021", "numero": "262", "tipo__sigla": "REQ", "tipo__descricao": "Requerimento", "autoria": "Genival da Sa\u00fade", "texto_original": "http://sapl.riachodasalmas.pe.leg.br/media/sapl/public/materialegislativa/2021/893/requerimento_262._2021.pdf", "ementa": "No sentido que seja feito o Servi\u00e7o de capinagem dos Matos nos terrenos ao lado da Travessa Jos\u00e9 Felismino no Bairro Celestino Ferreira nesta cidade."}, {"id": "894", "ano": "2021", "numero": "263", "tipo__sigla": "REQ", "tipo__descricao": "Requerimento", "autoria": "Junior Miranda", "texto_original": "http://sapl.riachodasalmas.pe.leg.br/media/sapl/public/materialegislativa/2021/894/requerimento_263._2021.pdf", "ementa": "No sentindo de solicitar a loca\u00e7\u00e3o de um muck para o setor de ilumina\u00e7\u00e3o p\u00fablica deste munic\u00edpio."}, {"id": "895", "ano": "2021", "numero": "264", "tipo__sigla": "REQ", "tipo__descricao": "Requerimento", "autoria": "Junior Miranda", "texto_original": "http://sapl.riachodasalmas.pe.leg.br/media/sapl/public/materialegislativa/2021/895/requerimento_264._2021.pdf", "ementa": "No sentido de que seja avaliada a inclus\u00e3o de mais um profissional de sa\u00fade no quadro de m\u00e9dicos plantonistas na Unidade Mista Joao Soares da Fonseca."}, {"id": "896", "ano": "2021", "numero": "265", "tipo__sigla": "REQ", "tipo__descricao": "Requerimento", "autoria": "Dinho da Sa\u00fade", "texto_original": "http://sapl.riachodasalmas.pe.leg.br/media/sapl/public/materialegislativa/2021/896/requerimento_265._2021.pdf", "ementa": "No sentido que seja promovida a reativa\u00e7\u00e3o e reforma geral do po\u00e7o/ dessanilizador do sitio Riacho do Uru\u00e7u."}, {"id": "897", "ano": "2021", "numero": "266", "tipo__sigla": "REQ", "tipo__descricao": "Requerimento", "autoria": "Genival da Sa\u00fade", "texto_original": "http://sapl.riachodasalmas.pe.leg.br/media/sapl/public/materialegislativa/2021/897/requerimento_266._2021.pdf", "ementa": "No sentido que seja realizada a manuten\u00e7\u00e3o do cal\u00e7amento da Rua Jos\u00e9 Felismino."}, {"id": "898", "ano": "2021", "numero": "267", "tipo__sigla": "REQ", "tipo__descricao": "Requerimento", "autoria": "Genival da Sa\u00fade", "texto_original": "http://sapl.riachodasalmas.pe.leg.br/media/sapl/public/materialegislativa/2021/898/requerimento_267._2021.pdf", "ementa": "No sentido que seja realizada a manuten\u00e7\u00e3o da passagem molhada no Sitio Bento pr\u00f3ximo \u00e0 casa da Sra. Rita."}, {"id": "899", "ano": "2021", "numero": "268", "tipo__sigla": "REQ", "tipo__descricao": "Requerimento", "autoria": "Kaio Bezerra", "texto_original": "http://sapl.riachodasalmas.pe.leg.br/media/sapl/public/materialegislativa/2021/899/requerimento_268._2021.pdf", "ementa": "No sentido de fazer a pavimenta\u00e7\u00e3o em paralelep\u00edpedos na entrada da estrada vicinal que d\u00e1 acesso da PE-95 a Vila do Vitorino Zona Rural deste munic\u00edpio."}, {"id": "900", "ano": "2021", "numero": "269", "tipo__sigla": "REQ", "tipo__descricao": "Requerimento", "autoria": "Kaio Bezerra", "texto_original": "http://sapl.riachodasalmas.pe.leg.br/media/sapl/public/materialegislativa/2021/900/requerimento_269._2021.pdf", "ementa": "No sentido implantar junta a Secretaria Municipal de Educa\u00e7\u00e3o um cursinho pr\u00e9-vestibular e preparat\u00f3rio para o Exame Nacional de Ensino M\u00e9dio \u2014 ENEM em nossa rede municipal de ensino."}, {"id": "901", "ano": "2021", "numero": "270", "tipo__sigla": "REQ", "tipo__descricao": "Requerimento", "autoria": "Kaio Bezerra", "texto_original": "http://sapl.riachodasalmas.pe.leg.br/media/sapl/public/materialegislativa/2021/901/requerimento_270._2021.pdf", "ementa": "No sentido de promover a pavimenta\u00e7\u00e3o em paralelep\u00edpedos da rua Severino Latino Pontes desta cidade, pr\u00f3ximo onde se localizava o antigo Samu."}, {"id": "902", "ano": "2021", "numero": "271", "tipo__sigla": "REQ", "tipo__descricao": "Requerimento", "autoria": "Junior Miranda", "texto_original": "http://sapl.riachodasalmas.pe.leg.br/media/sapl/public/materialegislativa/2021/902/requerimento_271._2021.pdf", "ementa": "No sentido de religar a \u00e1gua na Vila de Z\u00e9 de Cicero."}, {"id": "903", "ano": "2021", "numero": "272", "tipo__sigla": "REQ", "tipo__descricao": "Requerimento", "autoria": "Junior Miranda", "texto_original": "http://sapl.riachodasalmas.pe.leg.br/media/sapl/public/materialegislativa/2021/903/requerimento_272._2021.pdf", "ementa": "No sentido de realizar a constru\u00e7\u00e3o de Quadra Poliesportiva na Vila de Patos."}, {"id": "920", "ano": "2021", "numero": "273", "tipo__sigla": "REQ", "tipo__descricao": "Requerimento", "autoria": "Vandilson Barbeiro", "texto_original": "http://sapl.riachodasalmas.pe.leg.br/media/sapl/public/materialegislativa/2021/920/requerimento_273._2021.pdf", "ementa": "No sentido de que seja constru\u00eddo, um vesti\u00e1rio no campo do chic\u00e3o, neste mun\u00edcipio."}, {"id": "921", "ano": "2021", "numero": "274", "tipo__sigla": "REQ", "tipo__descricao": "Requerimento", "autoria": "Vandilson Barbeiro", "texto_original": "http://sapl.riachodasalmas.pe.leg.br/media/sapl/public/materialegislativa/2021/921/requerimento_274._2021.pdf", "ementa": "No sentido de que seja realizada a pavimenta\u00e7\u00e3o em paralelep\u00edpedos da denominada rua da creche, localizada no bairro Celestino Ferreira, neste mun\u00edcipio."}, {"id": "922", "ano": "2021", "numero": "275", "tipo__sigla": "REQ", "tipo__descricao": "Requerimento", "autoria": "Abenildo da Ramada", "texto_original": "http://sapl.riachodasalmas.pe.leg.br/media/sapl/public/materialegislativa/2021/922/requerimento_275._2021.pdf", "ementa": "No sentido dos mesmos providenciarem a readequa\u00e7\u00e3o do a\u00e7olgue p\u00fablico da vila de trap\u00eda, para que possa funcionar no mesmo espa\u00e7o da feira, da referida vila."}, {"id": "923", "ano": "2021", "numero": "276", "tipo__sigla": "REQ", "tipo__descricao": "Requerimento", "autoria": "Abenildo da Ramada", "texto_original": "http://sapl.riachodasalmas.pe.leg.br/media/sapl/public/materialegislativa/2021/923/requerimento_276._2021.pdf", "ementa": "No sentido dos mesmos providenciarem a pavimenta\u00e7\u00e3o em paralelep\u00edpedos na rua projetada que tem seu in\u00edcio na oficina de Z\u00e9 Malu, e tem seu termino na casa de povinho, na vila Trapi\u00e1."}, {"id": "924", "ano": "2021", "numero": "277", "tipo__sigla": "REQ", "tipo__descricao": "Requerimento", "autoria": "Abenildo da Ramada", "texto_original": "http://sapl.riachodasalmas.pe.leg.br/media/sapl/public/materialegislativa/2021/924/requerimento_277._2021.pdf", "ementa": "No sentido dos mesmos providenciarem a constru\u00e7\u00e3o de uma passagem molhada no riacho pr\u00f3ximo a casa de Branc\u00e3o, na vila Pinh\u00f5es."}, {"id": "925", "ano": "2021", "numero": "278", "tipo__sigla": "REQ", "tipo__descricao": "Requerimento", "autoria": "Junior Miranda", "texto_original": "http://sapl.riachodasalmas.pe.leg.br/media/sapl/public/materialegislativa/2021/925/requerimento_287._2021.pdf", "ementa": "No sentido de que seja feita a limpeza do barreiro na casa do Sr. Jo\u00e3o Gomes, no s\u00edtio Bandeira."}, {"id": "926", "ano": "2021", "numero": "279", "tipo__sigla": "REQ", "tipo__descricao": "Requerimento", "autoria": "Dinho da Sa\u00fade", "texto_original": "http://sapl.riachodasalmas.pe.leg.br/media/sapl/public/materialegislativa/2021/926/requerimento_279._2021.pdf", "ementa": "No sentido de que seja colocado duas caixas de \u00e1gua de 5000 mil litros, para abastecimento na vila de Patos."}, {"id": "927", "ano": "2021", "numero": "280", "tipo__sigla": "REQ", "tipo__descricao": "Requerimento", "autoria": "Dr. Neto", "texto_original": "http://sapl.riachodasalmas.pe.leg.br/media/sapl/public/materialegislativa/2021/927/requerimento_280._2021.pdf", "ementa": "No sentido de reformar e requalificar o vel\u00f3rio municipal de Riacho das almas."}, {"id": "928", "ano": "2021", "numero": "281", "tipo__sigla": "REQ", "tipo__descricao": "Requerimento", "autoria": "Dr. Neto", "texto_original": "http://sapl.riachodasalmas.pe.leg.br/media/sapl/public/materialegislativa/2021/928/requerimento_281._2021.pdf", "ementa": "No sentido de colocar banheiros qu\u00edmicos ou fixos nas pra\u00e7as da cidade onde tem lanchonetes ou bares, afim de minimizar os danos causados entorno das casas pr\u00f3ximas."}, {"id": "929", "ano": "2021", "numero": "282", "tipo__sigla": "REQ", "tipo__descricao": "Requerimento", "autoria": "Dr. Neto", "texto_original": "http://sapl.riachodasalmas.pe.leg.br/media/sapl/public/materialegislativa/2021/929/requerimento_282._2021.pdf", "ementa": "No sentido de implantar uma piscina com acessibilidade e aquecida, no centro de conviv\u00eancia de idosos(CCI) afim de otimizar as atividades l\u00fadicas e terap\u00eauticas  para nossos idosos."}, {"id": "930", "ano": "2021", "numero": "283", "tipo__sigla": "REQ", "tipo__descricao": "Requerimento", "autoria": "Pastor Gustavo Lucena", "texto_original": "http://sapl.riachodasalmas.pe.leg.br/media/sapl/public/materialegislativa/2021/930/requerimento_283._2021.pdf", "ementa": "No sentido de realizar a implanta\u00e7\u00e3o e apoio t\u00e9cnico necess\u00e1rio para a instala\u00e7\u00e3o de diversos biodigestores para a produ\u00e7\u00e3o de biog\u00e1s nas resid\u00eancias e na escolas da zona rural do mun\u00edcipio."}, {"id": "931", "ano": "2021", "numero": "284", "tipo__sigla": "REQ", "tipo__descricao": "Requerimento", "autoria": "Pastor Gustavo Lucena", "texto_original": "http://sapl.riachodasalmas.pe.leg.br/media/sapl/public/materialegislativa/2021/931/requerimento_284._2021.pdf", "ementa": "No sentido de fazer a instala\u00e7\u00e3o de comedouros para c\u00e3es e gatos, em pontos estrat\u00e9gicos, nesta cidade de Riacho das almas."}, {"id": "932", "ano": "2021", "numero": "285", "tipo__sigla": "REQ", "tipo__descricao": "Requerimento", "autoria": "Jos\u00e9 Welder Ferreira", "texto_original": "http://sapl.riachodasalmas.pe.leg.br/media/sapl/public/materialegislativa/2021/932/requerimento_285._2021.pdf", "ementa": "No sentido de promover incentivos as academias de artes maciais em nosso mun\u00edcipio.\r\n."}, {"id": "933", "ano": "2021", "numero": "286", "tipo__sigla": "REQ", "tipo__descricao": "Requerimento", "autoria": "Jos\u00e9 Welder Ferreira", "texto_original": "http://sapl.riachodasalmas.pe.leg.br/media/sapl/public/materialegislativa/2021/933/requerimento_286._2021.pdf", "ementa": "No sentido de promover a instala\u00e7\u00e3o de uma nova rede el\u00e9trica nos tr\u00eas postes e consequentemente a ilumina\u00e7\u00e3o p\u00fablica na travessa Jo\u00e3o Soares, ao lado da escola Manoel Bacelar (pr\u00f3ximo ao antigo clube municipal)."}, {"id": "934", "ano": "2021", "numero": "287", "tipo__sigla": "REQ", "tipo__descricao": "Requerimento", "autoria": "Jos\u00e9 Welder Ferreira", "texto_original": "http://sapl.riachodasalmas.pe.leg.br/media/sapl/public/materialegislativa/2021/934/requerimento_287._2021.pdf", "ementa": "No sentido de intensificar o combate as (muri\u00e7ocas, mosquitos e pernilongos) servi\u00e7os essenciais como: coloca\u00e7\u00e3o de venenenos, capinagem, limpeza de esgotos e canteiros, al\u00e9m da utiliza\u00e7\u00e3o do carro fumasse."}, {"id": "935", "ano": "2021", "numero": "288", "tipo__sigla": "REQ", "tipo__descricao": "Requerimento", "autoria": "Pastor Gustavo Lucena", "texto_original": "http://sapl.riachodasalmas.pe.leg.br/media/sapl/public/materialegislativa/2021/935/requerimento_288._2021.pdf", "ementa": "No sentido de que seja avaliada a possibilidade de inclus\u00e3o de um curso, no espa\u00e7o oportunidade para manuten\u00e7\u00e3o de maquinas de costura, devido \u00e1 grande demanda do muncicipio."}, {"id": "936", "ano": "2021", "numero": "289", "tipo__sigla": "REQ", "tipo__descricao": "Requerimento", "autoria": "Jos\u00e9 Welder Ferreira", "texto_original": "http://sapl.riachodasalmas.pe.leg.br/media/sapl/public/materialegislativa/2021/936/requerimento_289._2021.pdf", "ementa": "No sentido de que seja feita a reposi\u00e7\u00e3o dos refletores  queimados, da quadra da creche, no munic\u00edpio de Riacho das almas."}, {"id": "937", "ano": "2021", "numero": "290", "tipo__sigla": "REQ", "tipo__descricao": "Requerimento", "autoria": "Jos\u00e9 Welder Ferreira", "texto_original": "http://sapl.riachodasalmas.pe.leg.br/media/sapl/public/materialegislativa/2021/937/requerimento_290._2021.pdf", "ementa": "No sentido de que seja criado um espa\u00e7o adequado para a pratica de skate (pista e rampa) de prefer\u00eancia na avenida Agamenon Magalh\u00e3es, paralelo ao antigo banco do Brasil."}, {"id": "938", "ano": "2021", "numero": "291", "tipo__sigla": "REQ", "tipo__descricao": "Requerimento", "autoria": "Vandilson Barbeiro", "texto_original": "http://sapl.riachodasalmas.pe.leg.br/media/sapl/public/materialegislativa/2021/938/requerimento_291._2021.pdf", "ementa": "No sentido de que seja feito a instala\u00e7\u00e3o de uma lixeira, de fronte a casa do ex-vereador Raimundo, localizada na rua Coronel Joaquim Bezerra, neste munic\u00edpio."}, {"id": "939", "ano": "2021", "numero": "292", "tipo__sigla": "REQ", "tipo__descricao": "Requerimento", "autoria": "Jos\u00e9 Welder Ferreira", "texto_original": "http://sapl.riachodasalmas.pe.leg.br/media/sapl/public/materialegislativa/2021/939/requerimento_292._2021.pdf", "ementa": "No sentido que seja retomada a coleta seletiva no munic\u00edpio de Riacho das Almas."}, {"id": "940", "ano": "2021", "numero": "293", "tipo__sigla": "REQ", "tipo__descricao": "Requerimento", "autoria": "Pastor Gustavo Lucena", "texto_original": "http://sapl.riachodasalmas.pe.leg.br/media/sapl/public/materialegislativa/2021/940/requerimento_293._2021.pdf", "ementa": "No sentido que seja realizada no dia 12 de outubro (dia das crian\u00e7as) um evento na Vila Rangel, com a distribui\u00e7\u00e3o de brinquedos, alimenta\u00e7\u00e3o e anima\u00e7\u00e3o com palha\u00e7os, parques e carro de som."}, {"id": "941", "ano": "2021", "numero": "294", "tipo__sigla": "REQ", "tipo__descricao": "Requerimento", "autoria": "Genival da Sa\u00fade", "texto_original": "http://sapl.riachodasalmas.pe.leg.br/media/sapl/public/materialegislativa/2021/941/requerimento_294._2021.pdf", "ementa": "No sentido que seja constru\u00edda uma passagem molhada, na estrada que liga Trapi\u00e1 a Placas de Frei Miguelinho pelo Rio Capibaribe."}, {"id": "942", "ano": "2021", "numero": "295", "tipo__sigla": "REQ", "tipo__descricao": "Requerimento", "autoria": "Vandilson Barbeiro", "texto_original": "http://sapl.riachodasalmas.pe.leg.br/media/sapl/public/materialegislativa/2021/942/requerimento_295._2021.pdf", "ementa": "No sentido de feita a instala\u00e7\u00e3o de uma lixeira, na esquina da segunda rua ap\u00f3s cemit\u00e9rio Municipal."}, {"id": "943", "ano": "2021", "numero": "296", "tipo__sigla": "REQ", "tipo__descricao": "Requerimento", "autoria": "Junior Miranda", "texto_original": "http://sapl.riachodasalmas.pe.leg.br/media/sapl/public/materialegislativa/2021/943/requerimento_296._2021.pdf", "ementa": "No sentido que seja feita a reforma da escola Joaquim Ferreira de Lima, no sitio tambor, pr\u00f3ximo a Alzira."}, {"id": "944", "ano": "2021", "numero": "297", "tipo__sigla": "REQ", "tipo__descricao": "Requerimento", "autoria": "Dinho da Sa\u00fade", "texto_original": "http://sapl.riachodasalmas.pe.leg.br/media/sapl/public/materialegislativa/2021/944/requerimento_297._2021.pdf", "ementa": "No sentido que seja feito dois quebra-molas na rua da creche."}, {"id": "945", "ano": "2021", "numero": "298", "tipo__sigla": "REQ", "tipo__descricao": "Requerimento", "autoria": "Junior Miranda", "texto_original": "http://sapl.riachodasalmas.pe.leg.br/media/sapl/public/materialegislativa/2021/945/requerimento_298._2021.pdf", "ementa": "No sentido que seja feita uma coberta para os carros no p\u00e1tio do matadouro."}, {"id": "946", "ano": "2021", "numero": "299", "tipo__sigla": "REQ", "tipo__descricao": "Requerimento", "autoria": "Jos\u00e9 Welder Ferreira", "texto_original": "http://sapl.riachodasalmas.pe.leg.br/media/sapl/public/materialegislativa/2021/946/requerimento_299._2021.pdf", "ementa": "No sentido que seja feita uma mureta de prote\u00e7\u00e3o com sinaliza\u00e7\u00e3o na passagem molhada pr\u00f3ximo ao ponto de \u00f4nibus da Vila Rangel."}, {"id": "947", "ano": "2021", "numero": "300", "tipo__sigla": "REQ", "tipo__descricao": "Requerimento", "autoria": "Jos\u00e9 Welder Ferreira", "texto_original": "http://sapl.riachodasalmas.pe.leg.br/media/sapl/public/materialegislativa/2021/947/requerimento_300._2021.pdf", "ementa": "No sentido que seja feita uma fossa s\u00e9ptica na Rua do Sapo, em frente \u00e0 casa de dona Deta, na Vila de Trapi\u00e1."}, {"id": "948", "ano": "2021", "numero": "301", "tipo__sigla": "REQ", "tipo__descricao": "Requerimento", "autoria": "Dr. Neto", "texto_original": "http://sapl.riachodasalmas.pe.leg.br/media/sapl/public/materialegislativa/2021/948/requerimento_301._2021.pdf", "ementa": "No sentido de formar uma parceria com a Associa\u00e7\u00e3o de pais e Amigos Excepcionais (APAE), afim de atender as necessidades terap\u00eauticas e pedag\u00f3gicas para as crian\u00e7as, jovens e adultos especiais de Riacho das Almas."}, {"id": "949", "ano": "2021", "numero": "302", "tipo__sigla": "REQ", "tipo__descricao": "Requerimento", "autoria": "Leandro da Sa\u00fade", "texto_original": "http://sapl.riachodasalmas.pe.leg.br/media/sapl/public/materialegislativa/2021/949/requerimento_302._2021.pdf", "ementa": "No sentido que seja colocado pi\u00e7arra nas estradas de acesso a Vila do Vitorino, Sitio Modesto, Cascavel, Cajueiro e Cana Brava."}, {"id": "950", "ano": "2021", "numero": "303", "tipo__sigla": "REQ", "tipo__descricao": "Requerimento", "autoria": "Dinho da Sa\u00fade", "texto_original": "http://sapl.riachodasalmas.pe.leg.br/media/sapl/public/materialegislativa/2021/950/requerimento_303._2021.pdf", "ementa": "No sentido que seja instaladas lixeiras fixas (grandes e pequenas) no Sitio Pau Ferro, pr\u00f3ximo ao Posto de Sa\u00fade."}, {"id": "951", "ano": "2021", "numero": "304", "tipo__sigla": "REQ", "tipo__descricao": "Requerimento", "autoria": "Dinho da Sa\u00fade", "texto_original": "http://sapl.riachodasalmas.pe.leg.br/media/sapl/public/materialegislativa/2021/951/requerimento_304._2021.pdf", "ementa": "No sentido que seja feita a pavimenta\u00e7\u00e3o em paralelep\u00edpedos na rua Jos\u00e9 Soares Filho, no bairro Cohab."}, {"id": "952", "ano": "2021", "numero": "305", "tipo__sigla": "REQ", "tipo__descricao": "Requerimento", "autoria": "Dinho da Sa\u00fade", "texto_original": "http://sapl.riachodasalmas.pe.leg.br/media/sapl/public/materialegislativa/2021/952/requerimento_305._2021.pdf", "ementa": "No sentido que seja feita a pavimenta\u00e7\u00e3o em paralelep\u00edpedos na rua Jos\u00e9 Carlos Gomes de Lima, no bairro Cohab."}, {"id": "953", "ano": "2021", "numero": "306", "tipo__sigla": "REQ", "tipo__descricao": "Requerimento", "autoria": "Pastor Gustavo Lucena", "texto_original": "http://sapl.riachodasalmas.pe.leg.br/media/sapl/public/materialegislativa/2021/953/requerimento_306._2021.pdf", "ementa": "No sentido de promover o pi\u00e7arra mento nas ruas da vila do Rangel que n\u00e3o possuem cal\u00e7amento."}, {"id": "954", "ano": "2021", "numero": "307", "tipo__sigla": "REQ", "tipo__descricao": "Requerimento", "autoria": "Pastor Gustavo Lucena", "texto_original": "http://sapl.riachodasalmas.pe.leg.br/media/sapl/public/materialegislativa/2021/954/requerimento_307._2021.pdf", "ementa": "No sentido de promover o pi\u00e7arra mento em determinados pontos da estrada do Sitio Ch\u00e3 do Bandeira nas proximidades das resid\u00eancias dos senhores Evandro mais conhecido como (Guega), do senhor Manoel de Guilherme e Junior Vilela."}, {"id": "955", "ano": "2021", "numero": "308", "tipo__sigla": "REQ", "tipo__descricao": "Requerimento", "autoria": "Genival da Sa\u00fade", "texto_original": "http://sapl.riachodasalmas.pe.leg.br/media/sapl/public/materialegislativa/2021/955/requerimento_308._2021.pdf", "ementa": "No sentido que seja feita a Pavimenta\u00e7\u00e3o Asf\u00e1ltica das Avenidas Ant\u00f4nio Rosendo de Lima e Artur Rosendo de Lima localizadas na Vila Trapi\u00e1."}, {"id": "956", "ano": "2021", "numero": "309", "tipo__sigla": "REQ", "tipo__descricao": "Requerimento", "autoria": "Dr. Neto", "texto_original": "http://sapl.riachodasalmas.pe.leg.br/media/sapl/public/materialegislativa/2021/956/requerimento_309._2021.pdf", "ementa": "No sentido feita pavimenta\u00e7\u00e3o em paralelep\u00edpedos na rua Jos\u00e9 de Figueroa, no bairro Santa Terezinha."}, {"id": "957", "ano": "2021", "numero": "310", "tipo__sigla": "REQ", "tipo__descricao": "Requerimento", "autoria": "Abenildo da Ramada", "texto_original": "http://sapl.riachodasalmas.pe.leg.br/media/sapl/public/materialegislativa/2021/957/requerimento_310._2021.pdf", "ementa": "No sentido de fazer a pavimenta\u00e7\u00e3o em paralelep\u00edpedos na ladeira do Sitio Barra de Carapotos, contemplando o inicio da ponte at\u00e9 a entrada da casa do morador conhecido como Velho de Z\u00e9 Bolacha, zona rural deste munic\u00edpio."}, {"id": "958", "ano": "2021", "numero": "311", "tipo__sigla": "REQ", "tipo__descricao": "Requerimento", "autoria": "Abenildo da Ramada", "texto_original": "http://sapl.riachodasalmas.pe.leg.br/media/sapl/public/materialegislativa/2021/958/requerimento_311._2021.pdf", "ementa": "No sentido de fazer a instala\u00e7\u00e3o de um letreiro tur\u00edstico na Vila de Trapi\u00e1 com os seguintes dizeres Vila de Trapi\u00e1."}, {"id": "959", "ano": "2021", "numero": "312", "tipo__sigla": "REQ", "tipo__descricao": "Requerimento", "autoria": "Abenildo da Ramada", "texto_original": "http://sapl.riachodasalmas.pe.leg.br/media/sapl/public/materialegislativa/2021/959/requerimento_312._2021.pdf", "ementa": "No sentido de fazer as melhorias necess\u00e1rias da ponte do Sitio Barra de Carapotos, zona rural deste munic\u00edpio."}, {"id": "960", "ano": "2021", "numero": "313", "tipo__sigla": "REQ", "tipo__descricao": "Requerimento", "autoria": "Vandilson Barbeiro", "texto_original": "http://sapl.riachodasalmas.pe.leg.br/media/sapl/public/materialegislativa/2021/960/requerimento_313._2021.pdf", "ementa": "No Sentido de que  seja realizado a recupera\u00e7\u00e3o do cal\u00e7amento da denominada Rua da Cohab."}, {"id": "961", "ano": "2021", "numero": "314", "tipo__sigla": "REQ", "tipo__descricao": "Requerimento", "autoria": "Dinho da Sa\u00fade", "texto_original": "http://sapl.riachodasalmas.pe.leg.br/media/sapl/public/materialegislativa/2021/961/requerimento_314._2021.pdf", "ementa": "No sentido que seja implantada uma rede de saneamento na rua onde mora o popular Sr. Nilton na Vila Patos, neste munic\u00edpio."}, {"id": "962", "ano": "2021", "numero": "315", "tipo__sigla": "REQ", "tipo__descricao": "Requerimento", "autoria": "Junior Miranda", "texto_original": "http://sapl.riachodasalmas.pe.leg.br/media/sapl/public/materialegislativa/2021/962/requerimento_315._2021.pdf", "ementa": "No sentido que seja reativado o atendimento domiciliar de agentes de sa\u00fade, m\u00e9dicos e enfermeiros para aquelas pessoas que s\u00e3o acamadas, com defici\u00eancia e gestantes."}, {"id": "963", "ano": "2021", "numero": "316", "tipo__sigla": "REQ", "tipo__descricao": "Requerimento", "autoria": "Dr. Neto", "texto_original": "http://sapl.riachodasalmas.pe.leg.br/media/sapl/public/materialegislativa/2021/963/requerimento_316._2021.pdf", "ementa": "no sentido de requalificar Terminal Rodovi\u00e1rio deste munic\u00edpio, afim de atender as necessidades urban\u00edsticas e condi\u00e7\u00f5es de transporte em Riacho das Almas."}, {"id": "964", "ano": "2021", "numero": "317", "tipo__sigla": "REQ", "tipo__descricao": "Requerimento", "autoria": "Leandro da Sa\u00fade", "texto_original": "http://sapl.riachodasalmas.pe.leg.br/media/sapl/public/materialegislativa/2021/964/requerimento_317._2021.pdf", "ementa": "No sentido que seja encana\u00e7\u00e3o de \u00e1gua da compesa para o s\u00edtio Modesto, neste munic\u00edpio."}, {"id": "965", "ano": "2021", "numero": "318", "tipo__sigla": "REQ", "tipo__descricao": "Requerimento", "autoria": "Jos\u00e9 Welder Ferreira", "texto_original": "http://sapl.riachodasalmas.pe.leg.br/media/sapl/public/materialegislativa/2021/965/requerimento_318._2021.pdf", "ementa": "No sentido que seja criada uma comiss\u00e3o especial para visitas a Barragem de Jucazinho em busca de melhorias no abastecimento da cidade de Riacho das Almas."}, {"id": "966", "ano": "2021", "numero": "319", "tipo__sigla": "REQ", "tipo__descricao": "Requerimento", "autoria": "Genival da Sa\u00fade", "texto_original": "http://sapl.riachodasalmas.pe.leg.br/media/sapl/public/materialegislativa/2021/966/requerimento_319._2021.pdf", "ementa": "No sentido que sejam colocados coletores de Lixo na Lagoa de Tr\u00eas Irm\u00e3os, nos seguintes locais: ao lado da Igreja. em frente a Marlos Ramos, Naldo, Biu da Porta e Gino."}, {"id": "967", "ano": "2021", "numero": "320", "tipo__sigla": "REQ", "tipo__descricao": "Requerimento", "autoria": "Genival da Sa\u00fade", "texto_original": "http://sapl.riachodasalmas.pe.leg.br/media/sapl/public/materialegislativa/2021/967/requerimento_320._2021.pdf", "ementa": "No sentido que seja contratado um M\u00e9dico Vascular para a Cidade de Riacho das Almas"}, {"id": "968", "ano": "2021", "numero": "321", "tipo__sigla": "REQ", "tipo__descricao": "Requerimento", "autoria": "Genival da Sa\u00fade", "texto_original": "http://sapl.riachodasalmas.pe.leg.br/media/sapl/public/materialegislativa/2021/968/requerimento_321._2021.pdf", "ementa": "No sentido que seja contratada outra T\u00e9cnica de Enfermagem para a Vila de Trapi\u00e1."}, {"id": "969", "ano": "2021", "numero": "322", "tipo__sigla": "REQ", "tipo__descricao": "Requerimento", "autoria": "Kaio Bezerra", "texto_original": "http://sapl.riachodasalmas.pe.leg.br/media/sapl/public/materialegislativa/2021/969/requerimento_322._2021.pdf", "ementa": "No sentido de disponibilizar a troca das cruzetas do modelo \"T\" para o modelo \"L\" nos postes a seguir enumerados. localizados na Vila de Trapi\u00e1, Zona Rural. munic\u00edpio de Riacho das Almas/PE"}, {"id": "970", "ano": "2021", "numero": "323", "tipo__sigla": "REQ", "tipo__descricao": "Requerimento", "autoria": "Kaio Bezerra", "texto_original": "http://sapl.riachodasalmas.pe.leg.br/media/sapl/public/materialegislativa/2021/970/requerimento_323._2021.pdf", "ementa": "No sentido de disponibilizar ou adquirir um veiculo para promover o transporte de pessoas com defici\u00eancias f\u00edsicas para fazer tratamento fisioter\u00e1pico em nosso munic\u00edpio."}, {"id": "971", "ano": "2021", "numero": "324", "tipo__sigla": "REQ", "tipo__descricao": "Requerimento", "autoria": "Dinho da Sa\u00fade", "texto_original": "http://sapl.riachodasalmas.pe.leg.br/media/sapl/public/materialegislativa/2021/971/requerimento_324._2021.pdf", "ementa": "No sentido que seja feito o pi\u00e7arra mento dos pontos que n\u00e3o foram contemplados no primeiro servi\u00e7o realizado na Ladeira da Vila de Patos."}, {"id": "972", "ano": "2021", "numero": "325", "tipo__sigla": "REQ", "tipo__descricao": "Requerimento", "autoria": "Genival da Sa\u00fade", "texto_original": "http://sapl.riachodasalmas.pe.leg.br/media/sapl/public/materialegislativa/2021/972/requerimento_325._2021.pdf", "ementa": "no sentido que seja reduzida em 50% a taxa cobrada das Vilas e Povoados do Munic\u00edpio de Riacho das almas."}, {"id": "973", "ano": "2021", "numero": "326", "tipo__sigla": "REQ", "tipo__descricao": "Requerimento", "autoria": "Jos\u00e9 Welder Ferreira", "texto_original": "http://sapl.riachodasalmas.pe.leg.br/media/sapl/public/materialegislativa/2021/973/requerimento_326._2021.pdf", "ementa": "no sentido que seja feito reparos na passagem molhada do Riacho do Lucas."}, {"id": "974", "ano": "2021", "numero": "327", "tipo__sigla": "REQ", "tipo__descricao": "Requerimento", "autoria": "Jos\u00e9 Welder Ferreira", "texto_original": "http://sapl.riachodasalmas.pe.leg.br/media/sapl/public/materialegislativa/2021/974/requerimento_327._2021.pdf", "ementa": "No sentido que seja feito o pi\u00e7arra mento pr\u00f3ximo \u00e0 casa de Raimundo de Alfredo, na Ch\u00e1 Comprida."}, {"id": "975", "ano": "2021", "numero": "328", "tipo__sigla": "REQ", "tipo__descricao": "Requerimento", "autoria": "Jos\u00e9 Welder Ferreira", "texto_original": "http://sapl.riachodasalmas.pe.leg.br/media/sapl/public/materialegislativa/2021/975/requerimento_328._2021.pdf", "ementa": "No sentido de  que seja colocado uma lixeira com dimens\u00f5es grandes para dar suporte a limpeza do cemit\u00e9rio da cidade."}, {"id": "976", "ano": "2021", "numero": "329", "tipo__sigla": "REQ", "tipo__descricao": "Requerimento", "autoria": "Jos\u00e9 Welder Ferreira", "texto_original": "http://sapl.riachodasalmas.pe.leg.br/media/sapl/public/materialegislativa/2021/976/requerimento_329._2021.pdf", "ementa": "No sentido de que seja feito reparos nas grades de ferro na quadra da Escola Santos Cardoso, na Vila Pinh\u00f5es."}, {"id": "977", "ano": "2021", "numero": "330", "tipo__sigla": "REQ", "tipo__descricao": "Requerimento", "autoria": "Jos\u00e9 Welder Ferreira", "texto_original": "http://sapl.riachodasalmas.pe.leg.br/media/sapl/public/materialegislativa/2021/977/requerimento_330._2021.pdf", "ementa": "No sentido de que seja colocado grades de ferro atr\u00e1s do gol de ambos os lados na quadra da Academia das Cidades, neste munic\u00edpio."}, {"id": "978", "ano": "2021", "numero": "331", "tipo__sigla": "REQ", "tipo__descricao": "Requerimento", "autoria": "Dinho da Sa\u00fade", "texto_original": "http://sapl.riachodasalmas.pe.leg.br/media/sapl/public/materialegislativa/2021/978/requerimento_331._2021.pdf", "ementa": "No sentido que seja feita a pavimenta\u00e7\u00e3o em paralelep\u00edpedos da rua onde mora o sr. Sandro da Lavanderia na Vila de Patos."}, {"id": "979", "ano": "2021", "numero": "332", "tipo__sigla": "REQ", "tipo__descricao": "Requerimento", "autoria": "Dinho da Sa\u00fade", "texto_original": "http://sapl.riachodasalmas.pe.leg.br/media/sapl/public/materialegislativa/2021/979/requerimento_332._2021.pdf", "ementa": "No sentido de  que seja colocado um totem de concreto com canteiro de plantas e refletores para ilumina\u00e7\u00e3o, al\u00e9m do nome \"Vila Patos\" na entrada da referida vila, neste munic\u00edpio."}, {"id": "980", "ano": "2021", "numero": "333", "tipo__sigla": "REQ", "tipo__descricao": "Requerimento", "autoria": "Jos\u00e9 Welder Ferreira", "texto_original": "http://sapl.riachodasalmas.pe.leg.br/media/sapl/public/materialegislativa/2021/980/requerimento_333._2021.pdf", "ementa": "No sentido que seja colocado um totem de concreto com canteiro de plantas e refletores para ilumina\u00e7\u00e3o, al\u00e9m do nome Vila Pinh\u00f5es \u2022 na entrada da\r\nreferida vila, neste munic\u00edpio."}, {"id": "981", "ano": "2021", "numero": "334", "tipo__sigla": "REQ", "tipo__descricao": "Requerimento", "autoria": "Nestor do Bordado", "texto_original": "http://sapl.riachodasalmas.pe.leg.br/media/sapl/public/materialegislativa/2021/981/requerimento_334._2021.pdf", "ementa": "No sentido que seja colocado um totem de concreto com canteiro de plantas e refletores para ilumina\u00e7\u00e3o, al\u00e9m do nome Vila Couro Dantas \u2022 na entrada da referida vila, neste munic\u00edpio."}, {"id": "982", "ano": "2021", "numero": "335", "tipo__sigla": "REQ", "tipo__descricao": "Requerimento", "autoria": "Kaio Bezerra", "texto_original": "http://sapl.riachodasalmas.pe.leg.br/media/sapl/public/materialegislativa/2021/982/requerimento_335._2021.pdf", "ementa": "No sentido que seja colocado um totem de concreto com canteiro de plantas e refletores para ilumina\u00e7\u00e3o, al\u00e9m do nome Vila Vitorino na entrada da referida vila, neste munic\u00edpio."}, {"id": "983", "ano": "2021", "numero": "336", "tipo__sigla": "REQ", "tipo__descricao": "Requerimento", "autoria": "Kaio Bezerra", "texto_original": "http://sapl.riachodasalmas.pe.leg.br/media/sapl/public/materialegislativa/2021/983/requerimento_336._2021.pdf", "ementa": "No sentido de que seja colocado um totem de concreto com canteiro de plantas e refletores para ilumina\u00e7\u00e3o, al\u00e9m do nome \u2022 S\u00edtio Cajueiro' no trevo de entrada do referido s\u00edtio, neste munic\u00edpio."}, {"id": "984", "ano": "2021", "numero": "337", "tipo__sigla": "REQ", "tipo__descricao": "Requerimento", "autoria": "Junior Miranda", "texto_original": "http://sapl.riachodasalmas.pe.leg.br/media/sapl/public/materialegislativa/2021/984/requerimento_337._2021.pdf", "ementa": "No sentido de que seja feito veemente apelo ao Senhor Prefeito do munic\u00edpio de Riacho das Almas, Diocl\u00e9cio Rosendo de Lima Filho, no sentido que seja locado caminh\u00f5es pipa para abastecimento da zona rural."}, {"id": "985", "ano": "2021", "numero": "338", "tipo__sigla": "REQ", "tipo__descricao": "Requerimento", "autoria": "Dinho da Sa\u00fade, Jos\u00e9 Welder Ferreira, Nestor do Bordado", "texto_original": "http://sapl.riachodasalmas.pe.leg.br/media/sapl/public/materialegislativa/2021/985/requerimento_338._2021.pdf", "ementa": "Voto de Aplausos."}, {"id": "986", "ano": "2021", "numero": "339", "tipo__sigla": "REQ", "tipo__descricao": "Requerimento", "autoria": "Dinho da Sa\u00fade", "texto_original": "http://sapl.riachodasalmas.pe.leg.br/media/sapl/public/materialegislativa/2021/986/requerimento_339._2021.pdf", "ementa": "No sentido de que sejam instaladas placas de sinaliza\u00e7\u00e3o de \u00e1rea escolar e seja feita uma faixa de pedestres em frente \u00e0 Escola Santos Cardoso, na Vila Pinh\u00f5es."}, {"id": "987", "ano": "2021", "numero": "340", "tipo__sigla": "REQ", "tipo__descricao": "Requerimento", "autoria": "Dinho da Sa\u00fade", "texto_original": "http://sapl.riachodasalmas.pe.leg.br/media/sapl/public/materialegislativa/2021/987/requerimento_340._2021.pdf", "ementa": "No sentido de que sejam instaladas placas de sinaliza\u00e7\u00e3o de \u00e1rea escolar e seja feita uma faixa de pedestres em frente \u00e0 Escola Patr\u00edcia Cardoso, na Vila Couro Dantas."}, {"id": "988", "ano": "2021", "numero": "341", "tipo__sigla": "REQ", "tipo__descricao": "Requerimento", "autoria": "Dinho da Sa\u00fade", "texto_original": "http://sapl.riachodasalmas.pe.leg.br/media/sapl/public/materialegislativa/2021/988/requerimento_341._2021.pdf", "ementa": "No sentido que sejam instaladas placas de sinaliza\u00e7\u00e3o de \u00e1rea escolar e seja feita uma faixa de pedestres em frente \u00e0 Escola Jos\u00e9 Joaquim de Lima, na Vila Trapi\u00e1."}, {"id": "989", "ano": "2021", "numero": "342", "tipo__sigla": "REQ", "tipo__descricao": "Requerimento", "autoria": "Dinho da Sa\u00fade", "texto_original": "http://sapl.riachodasalmas.pe.leg.br/media/sapl/public/materialegislativa/2021/989/requerimento_342._2021.pdf", "ementa": "No sentido que sejam instaladas placas de sinaliza\u00e7\u00e3o de \u00e1rea escolar e seja feita uma faixa de pedestres e um quebra-molas em frente \u00e0 Escola M\u00e1rio da Mota Limeira, nesta cidade."}, {"id": "990", "ano": "2021", "numero": "343", "tipo__sigla": "REQ", "tipo__descricao": "Requerimento", "autoria": "Dinho da Sa\u00fade", "texto_original": "http://sapl.riachodasalmas.pe.leg.br/media/sapl/public/materialegislativa/2021/990/requerimento_343._2021.pdf", "ementa": "No sentido de que sejam instaladas placas de sinaliza\u00e7\u00e3o de \u00e1rea escolar e seja feita uma faixa de pedestres em frente \u00e0 Escola Manoel Tavares, na Vila Rangel."}, {"id": "991", "ano": "2021", "numero": "344", "tipo__sigla": "REQ", "tipo__descricao": "Requerimento", "autoria": "Dinho da Sa\u00fade", "texto_original": "http://sapl.riachodasalmas.pe.leg.br/media/sapl/public/materialegislativa/2021/991/requerimento_344._2021.pdf", "ementa": "No sentido de que sejam instaladas placas de sinaliza\u00e7\u00e3o de \u00e1rea escolar e seja feita uma faixa de pedestres em frente \u00e0 Escola Odilon Montenegro, na Vila Patos."}, {"id": "992", "ano": "2021", "numero": "345", "tipo__sigla": "REQ", "tipo__descricao": "Requerimento", "autoria": "Dinho da Sa\u00fade", "texto_original": "http://sapl.riachodasalmas.pe.leg.br/media/sapl/public/materialegislativa/2021/992/requerimento_345._2021.pdf", "ementa": "No sentido do que seja feita a pavimenta\u00e7\u00e3o da Rua Maria Estelita da Mota, no bairro Limeira, nesta cidade."}, {"id": "993", "ano": "2021", "numero": "346", "tipo__sigla": "REQ", "tipo__descricao": "Requerimento", "autoria": "Dinho da Sa\u00fade", "texto_original": "http://sapl.riachodasalmas.pe.leg.br/media/sapl/public/materialegislativa/2021/993/requerimento_346._2021.pdf", "ementa": "No sentido de que sejam instaladas placas de sinaliza\u00e7\u00e3o de \u00e1rea escolar e seja feita uma faixa de pedestres, al\u00e9m da recupera\u00e7\u00e3o de quebra-molas em frente \u00e0 Escola Jos\u00e9 Brasil, na Vila palmat\u00f3ria."}, {"id": "994", "ano": "2021", "numero": "347", "tipo__sigla": "REQ", "tipo__descricao": "Requerimento", "autoria": "Dinho da Sa\u00fade", "texto_original": "http://sapl.riachodasalmas.pe.leg.br/media/sapl/public/materialegislativa/2021/994/requerimento_347._2021.pdf", "ementa": "No sentido que seja feita a manuten\u00e7\u00e3o das estradas vicinais que d\u00e3o acesso a Vila palmat\u00f3ria."}, {"id": "995", "ano": "2021", "numero": "348", "tipo__sigla": "REQ", "tipo__descricao": "Requerimento", "autoria": "Dinho da Sa\u00fade", "texto_original": "http://sapl.riachodasalmas.pe.leg.br/media/sapl/public/materialegislativa/2021/995/requerimento_348._2021.pdf", "ementa": "No sentido que seja feita a manuten\u00e7\u00e3o e pi\u00e7arra mento nos pontos cr\u00edticos nas estradas que d\u00e3o acesso ao sitio Olho d'\u00e1gua de\r\nPadre."}, {"id": "996", "ano": "2021", "numero": "349", "tipo__sigla": "REQ", "tipo__descricao": "Requerimento", "autoria": "Dinho da Sa\u00fade", "texto_original": "http://sapl.riachodasalmas.pe.leg.br/media/sapl/public/materialegislativa/2021/996/requerimento_349._2021.pdf", "ementa": "No sentido de que seja feita a manuten\u00e7\u00e3o e pi\u00e7arra mento nos pontos cr\u00edticos nas estradas que d\u00e3o acesso ao Sitio Pend\u00eancia."}, {"id": "997", "ano": "2021", "numero": "350", "tipo__sigla": "REQ", "tipo__descricao": "Requerimento", "autoria": "Kaio Bezerra", "texto_original": "http://sapl.riachodasalmas.pe.leg.br/media/sapl/public/materialegislativa/2021/997/requerimento_350._2021.pdf", "ementa": "No sentido de  que sejam instaladas placas de sinaliza\u00e7\u00e3o de \u00e1rea escolar e que seja feita uma faixa de pedestres em frente a Escola Luiz Francisco da Silva, na Vila Vitorino."}, {"id": "998", "ano": "2021", "numero": "351", "tipo__sigla": "REQ", "tipo__descricao": "Requerimento", "autoria": "Dr. Neto, Abenildo da Ramada, Dinho da Sa\u00fade, Genival da Sa\u00fade, Jos\u00e9 Welder Ferreira, Junior Miranda, Kaio Bezerra, Leandro da Sa\u00fade, Nestor do Bordado, Pastor Gustavo Lucena, Vandilson Barbeiro", "texto_original": "http://sapl.riachodasalmas.pe.leg.br/media/sapl/public/materialegislativa/2021/998/requerimento_351._2021.pdf", "ementa": "No sentido de que sejam instaladas caixas para abastecimento nas seguintes Vilas e S\u00edtios do munic\u00edpio."}, {"id": "999", "ano": "2021", "numero": "352", "tipo__sigla": "REQ", "tipo__descricao": "Requerimento", "autoria": "Pastor Gustavo Lucena", "texto_original": "http://sapl.riachodasalmas.pe.leg.br/media/sapl/public/materialegislativa/2021/999/requerimento_352._2021.pdf", "ementa": "no sentido  de que seja feito uma lombada com placa de sinaliza\u00e7\u00e3o pr\u00f3ximo a ch\u00e1cara de Janaina, na chegada da Vila Rangel."}, {"id": "1000", "ano": "2021", "numero": "353", "tipo__sigla": "REQ", "tipo__descricao": "Requerimento", "autoria": "Dinho da Sa\u00fade", "texto_original": "http://sapl.riachodasalmas.pe.leg.br/media/sapl/public/materialegislativa/2021/1000/requerimento_353._2021.pdf", "ementa": "No sentido de que seja feita a pavimenta\u00e7\u00e3o da Rua Ala\u00edde Ferreira da Silva, no bairro Limeira, nesta cidade."}, {"id": "1001", "ano": "2021", "numero": "354", "tipo__sigla": "REQ", "tipo__descricao": "Requerimento", "autoria": "Dinho da Sa\u00fade", "texto_original": "http://sapl.riachodasalmas.pe.leg.br/media/sapl/public/materialegislativa/2021/1001/requerimento_354._2021.pdf", "ementa": "No sentido de  que seja feita uma pra\u00e7a com bancos, canteiro de \u00e1rvores, brinquedos e ilumina\u00e7\u00e3o de Led no Povoado da Atalaia."}, {"id": "1002", "ano": "2021", "numero": "355", "tipo__sigla": "REQ", "tipo__descricao": "Requerimento", "autoria": "Genival da Sa\u00fade", "texto_original": "http://sapl.riachodasalmas.pe.leg.br/media/sapl/public/materialegislativa/2021/1002/requerimento_355._2021.pdf", "ementa": "No sentido de que seja constru\u00edda uma unidade de sa\u00fade da fam\u00edlia-UBS, no s\u00edtio Bento, zona rural desta cidade."}, {"id": "1003", "ano": "2021", "numero": "356", "tipo__sigla": "REQ", "tipo__descricao": "Requerimento", "autoria": "Leandro da Sa\u00fade", "texto_original": "http://sapl.riachodasalmas.pe.leg.br/media/sapl/public/materialegislativa/2021/1003/requerimento_356._2021.pdf", "ementa": "no sentido de que seja feita a ilumina\u00e7\u00e3o da PE 95 at\u00e9 a entrada da Vila Vitorino."}, {"id": "1004", "ano": "2021", "numero": "357", "tipo__sigla": "REQ", "tipo__descricao": "Requerimento", "autoria": "Dinho da Sa\u00fade", "texto_original": "http://sapl.riachodasalmas.pe.leg.br/media/sapl/public/materialegislativa/2021/1004/requerimento_357._2021.pdf", "ementa": "No sentido de que sejam instaladas duas lixeiras grandes no sitio Bandeira, pr\u00f3ximo \u00e0 casa do sr. Luiz de Z\u00e9 de Chico e a outra na entrada da casa de Salatiel."}, {"id": "1005", "ano": "2021", "numero": "358", "tipo__sigla": "REQ", "tipo__descricao": "Requerimento", "autoria": "Dinho da Sa\u00fade", "texto_original": "http://sapl.riachodasalmas.pe.leg.br/media/sapl/public/materialegislativa/2021/1005/requerimento_358._2021.pdf", "ementa": "No sentido que de  seja criado uma central de coleta e distribui\u00e7\u00e3o de agasalhos e cobertores vinculado \u00e0 Secretaria de Assist\u00eancia Social."}, {"id": "1006", "ano": "2021", "numero": "359", "tipo__sigla": "REQ", "tipo__descricao": "Requerimento", "autoria": "Dinho da Sa\u00fade", "texto_original": "http://sapl.riachodasalmas.pe.leg.br/media/sapl/public/materialegislativa/2021/1006/requerimento_359._2021.pdf", "ementa": "No sentido que seja elaborado um programa de cursos profissionalizantes para pessoas com defici\u00eancia."}, {"id": "1007", "ano": "2021", "numero": "360", "tipo__sigla": "REQ", "tipo__descricao": "Requerimento", "autoria": "Abenildo da Ramada", "texto_original": "http://sapl.riachodasalmas.pe.leg.br/media/sapl/public/materialegislativa/2021/1007/requerimento_360._2021.pdf", "ementa": "No sentido de fazer as devidas melhorias no cal\u00e7amento da principal rua da Vila de Patos, zona rural deste munic\u00edpio."}, {"id": "1008", "ano": "2021", "numero": "361", "tipo__sigla": "REQ", "tipo__descricao": "Requerimento", "autoria": "Abenildo da Ramada", "texto_original": "http://sapl.riachodasalmas.pe.leg.br/media/sapl/public/materialegislativa/2021/1008/requerimento_361._2021.pdf", "ementa": "No sentido de que as lombadas localizadas em frente a Escola Manoel Bacelar e Escola Jos\u00e9 Joaquin de Lima sejam refeitas no estilo de rampa, para se tornar mais confort\u00e1veis para todos que transitam pelos referidos locais."}, {"id": "1009", "ano": "2021", "numero": "362", "tipo__sigla": "REQ", "tipo__descricao": "Requerimento", "autoria": "Jos\u00e9 Welder Ferreira", "texto_original": "http://sapl.riachodasalmas.pe.leg.br/media/sapl/public/materialegislativa/2021/1009/requerimento_362._2021.pdf", "ementa": "No sentido que seja feito a rede de saneamento da Vila de Z\u00e9 de Cicero."}, {"id": "1010", "ano": "2021", "numero": "363", "tipo__sigla": "REQ", "tipo__descricao": "Requerimento", "autoria": "Leandro da Sa\u00fade", "texto_original": "http://sapl.riachodasalmas.pe.leg.br/media/sapl/public/materialegislativa/2021/1010/requerimento_363._2021.pdf", "ementa": "No sentido que seja feita a liga\u00e7\u00e3o de \u00e1gua no sitio Atalaia at\u00e9 o sitio Chamb\u00e1 1 e Chamb\u00e1 2."}, {"id": "1011", "ano": "2021", "numero": "364", "tipo__sigla": "REQ", "tipo__descricao": "Requerimento", "autoria": "Leandro da Sa\u00fade", "texto_original": "http://sapl.riachodasalmas.pe.leg.br/media/sapl/public/materialegislativa/2021/1011/requerimento_364._2021.pdf", "ementa": "No sentido de que seja feito o reparo no saneamento pr\u00f3ximo \u00e0 casa de Maria Cajueiro, na entrada da estrada que liga a PE ao Vitorino."}, {"id": "1012", "ano": "2021", "numero": "365", "tipo__sigla": "REQ", "tipo__descricao": "Requerimento", "autoria": "Pastor Gustavo Lucena", "texto_original": "http://sapl.riachodasalmas.pe.leg.br/media/sapl/public/materialegislativa/2021/1012/requerimento_365._2021.pdf", "ementa": "no sentido que seja feita a divulga\u00e7\u00e3o sobre a Endometriose; doen\u00e7a que tem afetado muitas mulheres e tem no m\u00eas de mar\u00e7o maior intensifica\u00e7\u00e3o\r\ne cuidados, al\u00e9m de que seja feita uma educa\u00e7\u00e3o preventiva nas escolas e conferencias de sa\u00fade, visando o suporte e conhecimento para a popula\u00e7\u00e3o."}, {"id": "1013", "ano": "2021", "numero": "366", "tipo__sigla": "REQ", "tipo__descricao": "Requerimento", "autoria": "Junior Miranda", "texto_original": "http://sapl.riachodasalmas.pe.leg.br/media/sapl/public/materialegislativa/2021/1013/requerimento_366._2021.pdf", "ementa": "No sentido de que seja inclu\u00eddo no cronograma de atendimento odontol\u00f3gico m\u00f3vel os s\u00edtios pororoca e alto Bandeira, pr\u00f3ximo a casa do Z\u00e9 do can\u00e1rio e Manoel de Guilherme respectivamente."}, {"id": "1014", "ano": "2021", "numero": "367", "tipo__sigla": "REQ", "tipo__descricao": "Requerimento", "autoria": "Dinho da Sa\u00fade", "texto_original": "http://sapl.riachodasalmas.pe.leg.br/media/sapl/public/materialegislativa/2021/1014/requerimento_367._2021.pdf", "ementa": "No sentido de que seja criado o incentivo em forma de homenagem com a medalha \"Aluno Nota Dez\"."}, {"id": "1015", "ano": "2021", "numero": "368", "tipo__sigla": "REQ", "tipo__descricao": "Requerimento", "autoria": "Kaio Bezerra", "texto_original": "http://sapl.riachodasalmas.pe.leg.br/media/sapl/public/materialegislativa/2021/1015/requerimento_368._2021.pdf", "ementa": "No sentido de que seja encaminhado com muita gratid\u00e3o Voto de Aplausos ao Senhor Janduir Joao dos Santos, pelo excelente trabalho que j\u00e1 vem desempenhando \u00e0 frente da Grupo De Bacamateiros (Batalh\u00e3o 56). do Munic\u00edpio De Riacho Das Almas."}, {"id": "1016", "ano": "2021", "numero": "369", "tipo__sigla": "REQ", "tipo__descricao": "Requerimento", "autoria": "Vandilson Barbeiro", "texto_original": "http://sapl.riachodasalmas.pe.leg.br/media/sapl/public/materialegislativa/2021/1016/requerimento_369._2021.pdf", "ementa": "No sentido de que seja feito o cal\u00e7amento da Travessa Agamenon Magalh\u00e3es, ao lado da casa do Senhor Corr\u00eaa, neste munic\u00edpio."}, {"id": "1017", "ano": "2021", "numero": "370", "tipo__sigla": "REQ", "tipo__descricao": "Requerimento", "autoria": "Vandilson Barbeiro", "texto_original": "http://sapl.riachodasalmas.pe.leg.br/media/sapl/public/materialegislativa/2021/1017/requerimento_370._2021.pdf", "ementa": "No sentido de que seja feito a solicita\u00e7\u00e3o a Celpe de do endere\u00e7o do sitio lagoa dos pintos zona rural de Cumaru, para sitio lagoa pinh\u00f5es, endere\u00e7o pertencente a Riacho das Almas-PE. neste munic\u00edpio."}, {"id": "1018", "ano": "2021", "numero": "371", "tipo__sigla": "REQ", "tipo__descricao": "Requerimento", "autoria": "Vandilson Barbeiro", "texto_original": "http://sapl.riachodasalmas.pe.leg.br/media/sapl/public/materialegislativa/2021/1018/requerimento_371._2021.pdf", "ementa": "No sentido de que seja feito o saneamento da rua por tr\u00e1s da casa do ex-vereador pipi marchante, localizada na avenida Jo\u00e3o Soares."}, {"id": "1019", "ano": "2021", "numero": "372", "tipo__sigla": "REQ", "tipo__descricao": "Requerimento", "autoria": "Jos\u00e9 Welder Ferreira", "texto_original": "http://sapl.riachodasalmas.pe.leg.br/media/sapl/public/materialegislativa/2021/1019/requerimento_372._2021.pdf", "ementa": "No sentido de que seja feita a convoca\u00e7\u00e3o do Secret\u00e1rio Municipal de Finan\u00e7as e Representante do setor de tributa\u00e7\u00e3o."}, {"id": "1020", "ano": "2021", "numero": "373", "tipo__sigla": "REQ", "tipo__descricao": "Requerimento", "autoria": "Pastor Gustavo Lucena", "texto_original": "http://sapl.riachodasalmas.pe.leg.br/media/sapl/public/materialegislativa/2021/1020/requerimento_373._2021.pdf", "ementa": "No sentido de que seja feito um quebra-molas em frente \u00e0 casa do sr. Adriano no bairro do Jiquiri, pr\u00f3ximo \u00e0 sede do SAMU."}, {"id": "1021", "ano": "2021", "numero": "374", "tipo__sigla": "REQ", "tipo__descricao": "Requerimento", "autoria": "Vandilson Barbeiro", "texto_original": "http://sapl.riachodasalmas.pe.leg.br/media/sapl/public/materialegislativa/2021/1021/requerimento_374._2021.pdf", "ementa": "No sentido de que seja implantado ventiladores nos quartos da Unidade Mista Jo\u00e3o Soares da Fonseca."}, {"id": "1022", "ano": "2021", "numero": "375", "tipo__sigla": "REQ", "tipo__descricao": "Requerimento", "autoria": "Jos\u00e9 Welder Ferreira", "texto_original": "http://sapl.riachodasalmas.pe.leg.br/media/sapl/public/materialegislativa/2021/1022/requerimento_375._2021.pdf", "ementa": "No sentido de que seja feita uma visita ao s\u00edtio Tot\u00f3, pr\u00f3ximo a s\u00edtio Trapi\u00e1, na casa de Nic\u00e9sar, afim de averiguar a situa\u00e7\u00e3o de apari\u00e7\u00e3o de serpentes nas casas da regi\u00e3o."}, {"id": "1023", "ano": "2021", "numero": "376", "tipo__sigla": "REQ", "tipo__descricao": "Requerimento", "autoria": "Abenildo da Ramada", "texto_original": "http://sapl.riachodasalmas.pe.leg.br/media/sapl/public/materialegislativa/2021/1023/requerimento_376._2021.pdf", "ementa": "No sentido de que seja constru\u00edda uma Unidade B\u00e1sica de Sa\u00fade - UBS no s\u00edtio Ramada de Trapi\u00e1."}, {"id": "1024", "ano": "2021", "numero": "377", "tipo__sigla": "REQ", "tipo__descricao": "Requerimento", "autoria": "Dinho da Sa\u00fade", "texto_original": "http://sapl.riachodasalmas.pe.leg.br/media/sapl/public/materialegislativa/2021/1024/requerimento_377._2021.pdf", "ementa": "No sentido de que seja disponibilizado nas UBS um espa\u00e7o para cultivo de plantas medicinais fototer\u00e1picas, tendo em vista a grande utiliza\u00e7\u00e3o em rem\u00e9dios, ch\u00e1s e lambedores."}, {"id": "1025", "ano": "2021", "numero": "378", "tipo__sigla": "REQ", "tipo__descricao": "Requerimento", "autoria": "Pastor Gustavo Lucena", "texto_original": "http://sapl.riachodasalmas.pe.leg.br/media/sapl/public/materialegislativa/2021/1025/requerimento_378._2021.pdf", "ementa": "No sentido de que seja feita a convoca\u00e7\u00e3o do Assessor de Cont\u00e1bil da Prefeitura, Ivaldeci Hip\u00f3lito de Medeiros Filho."}, {"id": "1026", "ano": "2021", "numero": "379", "tipo__sigla": "REQ", "tipo__descricao": "Requerimento", "autoria": "Dr. Neto", "texto_original": "http://sapl.riachodasalmas.pe.leg.br/media/sapl/public/materialegislativa/2021/1026/requerimento_379._2021.pdf", "ementa": "No sentido de que seja consignado em ata dessa reuni\u00e3o que seja encaminhado congratula\u00e7\u00f5es nos termos desta Mo\u00e7\u00e3o de Aplausos ao Senhor Jairo Nery da Paz."}, {"id": "1027", "ano": "2021", "numero": "380", "tipo__sigla": "REQ", "tipo__descricao": "Requerimento", "autoria": "Pastor Gustavo Lucena", "texto_original": "http://sapl.riachodasalmas.pe.leg.br/media/sapl/public/materialegislativa/2021/1027/requerimento_380._2021.pdf", "ementa": "No sentido de que seja criado um local para pr\u00e1tica de ciclismo."}, {"id": "1028", "ano": "2021", "numero": "381", "tipo__sigla": "REQ", "tipo__descricao": "Requerimento", "autoria": "Genival da Sa\u00fade", "texto_original": "http://sapl.riachodasalmas.pe.leg.br/media/sapl/public/materialegislativa/2021/1028/requerimento_381._2021.pdf", "ementa": "No sentido de que seja realizada a limpeza do A\u00e7ude da Ramada de Trapi\u00e1"}, {"id": "1029", "ano": "2021", "numero": "382", "tipo__sigla": "REQ", "tipo__descricao": "Requerimento", "autoria": "Genival da Sa\u00fade", "texto_original": "http://sapl.riachodasalmas.pe.leg.br/media/sapl/public/materialegislativa/2021/1029/requerimento_382._2021.pdf", "ementa": "No sentido de que seja prorrogada o prazo com desconto do IPTU 2021 por mais 60 dias."}, {"id": "1030", "ano": "2021", "numero": "383", "tipo__sigla": "REQ", "tipo__descricao": "Requerimento", "autoria": "Pastor Gustavo Lucena", "texto_original": "http://sapl.riachodasalmas.pe.leg.br/media/sapl/public/materialegislativa/2021/1030/requerimento_383._2021.pdf", "ementa": "No sentido de que seja intensificado o combate com exames e sejam tomadas as medidas cab\u00edveis necess\u00e1rias contra a Leishmaniose Visceral Canina."}, {"id": "1031", "ano": "2021", "numero": "384", "tipo__sigla": "REQ", "tipo__descricao": "Requerimento", "autoria": "Pastor Gustavo Lucena", "texto_original": "http://sapl.riachodasalmas.pe.leg.br/media/sapl/public/materialegislativa/2021/1031/requerimento_384._2021.pdf", "ementa": "No sentido de que seja feita a pavimenta\u00e7\u00e3o da Rua Matias Sebasti\u00e3o Ribeiro no bairro Santa Terezinha."}, {"id": "1032", "ano": "2021", "numero": "385", "tipo__sigla": "REQ", "tipo__descricao": "Requerimento", "autoria": "Abenildo da Ramada", "texto_original": "http://sapl.riachodasalmas.pe.leg.br/media/sapl/public/materialegislativa/2021/1032/requerimento_385._2021.pdf", "ementa": "No sentido de que seja feito o chafariz com bomba e caixa no s\u00edtio Lagoa de tr\u00eas irm\u00e3os."}, {"id": "1033", "ano": "2021", "numero": "386", "tipo__sigla": "REQ", "tipo__descricao": "Requerimento", "autoria": "Junior Miranda", "texto_original": "http://sapl.riachodasalmas.pe.leg.br/media/sapl/public/materialegislativa/2021/1033/requerimento_386._2021.pdf", "ementa": "No sentido de que seja perfurado um po\u00e7o e instalado um dessalinizador no S\u00edtio Salgado na casa de Dudu, pr\u00f3ximo \u00e0 casa de Biu Teodoro."}, {"id": "1034", "ano": "2021", "numero": "387", "tipo__sigla": "REQ", "tipo__descricao": "Requerimento", "autoria": "Junior Miranda", "texto_original": "http://sapl.riachodasalmas.pe.leg.br/media/sapl/public/materialegislativa/2021/1034/requerimento_387._2021.pdf", "ementa": "No sentido de que seja inclu\u00eddo na rota do caminh\u00e3o do lixo no s\u00edtio bandeira o percurso entrando na casa de Jo\u00e3o Tomaz, seguindo pela casa onde morava Gena e passar na Escola Ant\u00f4nio Ant\u00e3o."}, {"id": "1035", "ano": "2021", "numero": "388", "tipo__sigla": "REQ", "tipo__descricao": "Requerimento", "autoria": "Genival da Sa\u00fade", "texto_original": "http://sapl.riachodasalmas.pe.leg.br/media/sapl/public/materialegislativa/2021/1035/requerimento_388._2021.pdf", "ementa": "No sentido de que seja feito o Sistema de Esgoto Sanit\u00e1rio, na Rua do Curral por tr\u00e1s do A\u00e7ougue P\u00fablico na Vila de Trapi\u00e1."}, {"id": "1036", "ano": "2021", "numero": "389", "tipo__sigla": "REQ", "tipo__descricao": "Requerimento", "autoria": "Genival da Sa\u00fade", "texto_original": "http://sapl.riachodasalmas.pe.leg.br/media/sapl/public/materialegislativa/2021/1036/requerimento_389._2021.pdf", "ementa": "No sentido de que seja feito o Sistema de Esgoto Sanit\u00e1rio na Rua do Curral por tr\u00e1s do A\u00e7ougue P\u00fablico na Vila de Trapi\u00e1."}, {"id": "1037", "ano": "2021", "numero": "390", "tipo__sigla": "REQ", "tipo__descricao": "Requerimento", "autoria": "Dinho da Sa\u00fade", "texto_original": "http://sapl.riachodasalmas.pe.leg.br/media/sapl/public/materialegislativa/2021/1037/requerimento_390._2021.pdf", "ementa": "No sentido de que seja feita a pavimenta\u00e7\u00e3o e saneamento na Rua onde mora o sr. Wanderson, conhecido por Nino, no s\u00edtio Lagoa de Tr\u00eas Irm\u00e3os."}]}