{"id":853,"__str__":"Requerimento n\u00ba 222 de 2021","link_detail_backend":"/materia/853","metadata":{},"numero":222,"ano":2021,"numero_protocolo":null,"data_apresentacao":"2021-03-24","tipo_apresentacao":"E","data_publicacao":null,"numero_origem_externa":"","ano_origem_externa":null,"data_origem_externa":null,"apelido":"","dias_prazo":null,"data_fim_prazo":null,"em_tramitacao":false,"polemica":false,"objeto":"","complementar":false,"ementa":"No sentido de elaborar um programa de cunho or\u00e7ament\u00e1rio que vise isentar da taxa de Contribui\u00e7\u00e3o de Ilumina\u00e7\u00e3o P\u00fablica (CIP), durante o m\u00eas de maio e junho- ou at\u00e9 perdurar o estado de calamidade p\u00fablica da covid-19, as fam\u00edlias de Visualizar N\u00ba Data Tipo Assunto Anexo(s) baixa renda de Riacho das Almas, que estejam inclusas no cad. \u00fanico do munic\u00edpio e apresentem consumo de at\u00e9 220kw/m\u00eas, afim de proteger e auxiliar as fam\u00edlias carentes do munic\u00edpio.","indexacao":"","observacao":"","resultado":"","texto_original":"http://sapl.riachodasalmas.pe.leg.br/media/sapl/public/materialegislativa/2021/853/requerimento_222.2021.pdf","data_ultima_atualizacao":"2023-06-07T23:05:06.015367-03:00","ip":"45.4.145.54","ultima_edicao":"2023-06-07T23:02:53.717101-03:00","tipo":2,"regime_tramitacao":1,"tipo_origem_externa":null,"local_origem_externa":null,"user":5,"anexadas":[],"autores":[3]}