{"id":50,"__str__":"Requerimento n\u00ba 47 de 2023","link_detail_backend":"/materia/50","metadata":{},"numero":47,"ano":2023,"numero_protocolo":null,"data_apresentacao":"2023-02-07","tipo_apresentacao":"E","data_publicacao":null,"numero_origem_externa":"","ano_origem_externa":null,"data_origem_externa":null,"apelido":"","dias_prazo":null,"data_fim_prazo":null,"em_tramitacao":false,"polemica":false,"objeto":"","complementar":false,"ementa":"E, no sentido de que seja feita a readequa\u00e7\u00e3o do a\u00e7ougue p\u00fablico da Vila de Trapi\u00e1 para que o mesmo funcione a feira livre.","indexacao":"","observacao":"","resultado":"","texto_original":"http://sapl.riachodasalmas.pe.leg.br/media/sapl/public/materialegislativa/2023/50/requerimento_047.2023.pdf","data_ultima_atualizacao":"2023-05-11T15:25:02.422490-03:00","ip":"138.121.33.84","ultima_edicao":"2023-05-11T15:23:00.499354-03:00","tipo":2,"regime_tramitacao":1,"tipo_origem_externa":null,"local_origem_externa":null,"user":5,"anexadas":[],"autores":[1]}