{"id":308,"__str__":"Projeto de Lei do Executivo n\u00ba 31 de 2022","link_detail_backend":"/materia/308","metadata":{},"numero":31,"ano":2022,"numero_protocolo":null,"data_apresentacao":"2022-09-05","tipo_apresentacao":"E","data_publicacao":"2022-09-13","numero_origem_externa":"","ano_origem_externa":null,"data_origem_externa":null,"apelido":"","dias_prazo":null,"data_fim_prazo":"2022-09-06","em_tramitacao":false,"polemica":false,"objeto":"","complementar":false,"ementa":"Disp\u00f5e sobre a cria\u00e7\u00e3o da Banda Marcial Governador Eduardo Campos, no munic\u00edpio de Riacho das Almas/PE, e d\u00e1 outras provid\u00eancias.","indexacao":"","observacao":"","resultado":"","texto_original":"http://sapl.riachodasalmas.pe.leg.br/media/sapl/public/materialegislativa/2022/308/projeto_de_lei_031.2022_de_autoria_do_poder_executivo_que_dispoe_sobre_a_criacao_da_banda_marcial_governador_eduardo_campos_no_municipio_de_riacho_das_almas..pdf","data_ultima_atualizacao":"2023-05-16T11:31:20.340089-03:00","ip":"138.121.35.26","ultima_edicao":"2023-05-16T11:29:05.503475-03:00","tipo":3,"regime_tramitacao":1,"tipo_origem_externa":null,"local_origem_externa":null,"user":5,"anexadas":[],"autores":[12]}