{"id":28,"__str__":"Requerimento n\u00ba 25 de 2023","link_detail_backend":"/materia/28","metadata":{},"numero":25,"ano":2023,"numero_protocolo":null,"data_apresentacao":"2023-02-07","tipo_apresentacao":"E","data_publicacao":null,"numero_origem_externa":"","ano_origem_externa":null,"data_origem_externa":null,"apelido":"","dias_prazo":null,"data_fim_prazo":null,"em_tramitacao":false,"polemica":false,"objeto":"","complementar":false,"ementa":"PE, no sentido de indicar ao poder Executivo que encaminhe para a casa Jo\u00e3o Soares da Fonseca um projeto de Lei alterando o per\u00edodo de Licen\u00e7a Maternidade com base na Lei Federal 10.770, de 09 de setembro de 2008.","indexacao":"","observacao":"","resultado":"","texto_original":"http://sapl.riachodasalmas.pe.leg.br/media/sapl/public/materialegislativa/2023/28/requerimento_01202347.pdf","data_ultima_atualizacao":"2023-05-11T12:53:17.025633-03:00","ip":"138.121.35.26","ultima_edicao":"2023-05-11T12:50:28.372227-03:00","tipo":2,"regime_tramitacao":1,"tipo_origem_externa":null,"local_origem_externa":null,"user":5,"anexadas":[],"autores":[5]}