{"id":2526,"__str__":"Projeto de Lei do Legislativo n\u00ba 11 de 2026","link_detail_backend":"/materia/2526","metadata":{},"numero":11,"ano":2026,"numero_protocolo":null,"data_apresentacao":"2026-04-22","tipo_apresentacao":"E","data_publicacao":null,"numero_origem_externa":"","ano_origem_externa":null,"data_origem_externa":null,"apelido":"","dias_prazo":null,"data_fim_prazo":null,"em_tramitacao":true,"polemica":false,"objeto":"","complementar":false,"ementa":"Denomina como Creche Maria Adelino de Lucena Rosendo, a Creche situada ao lado do Campo Municipal, no S\u00edtio Lagoa Nova, zona rural deste Munic\u00edpio de Riacho das Almas/PE, e d\u00e1 outras provid\u00eancias.","indexacao":"","observacao":"","resultado":"","texto_original":null,"data_ultima_atualizacao":"2026-04-22T11:05:04.902367-03:00","ip":"138.121.34.74","ultima_edicao":"2026-04-22T11:03:58.541445-03:00","tipo":4,"regime_tramitacao":1,"tipo_origem_externa":null,"local_origem_externa":null,"user":5,"anexadas":[],"autores":[22]}