{"id":2521,"__str__":"Requerimento n\u00ba 219 de 2026","link_detail_backend":"/materia/2521","metadata":{},"numero":219,"ano":2026,"numero_protocolo":null,"data_apresentacao":"2026-04-22","tipo_apresentacao":"E","data_publicacao":null,"numero_origem_externa":"","ano_origem_externa":null,"data_origem_externa":null,"apelido":"","dias_prazo":null,"data_fim_prazo":null,"em_tramitacao":true,"polemica":false,"objeto":"","complementar":false,"ementa":"No sentindo que sejam arborizados os Campos do Jatob\u00e1 e Municipal, com \u00e1rvores que fa\u00e7am sombra para os torcedores.","indexacao":"","observacao":"","resultado":"","texto_original":null,"data_ultima_atualizacao":"2026-04-22T10:55:20.212642-03:00","ip":"138.121.34.74","ultima_edicao":"2026-04-22T10:54:33.662242-03:00","tipo":2,"regime_tramitacao":1,"tipo_origem_externa":null,"local_origem_externa":null,"user":5,"anexadas":[],"autores":[22]}