{"id":2515,"__str__":"Requerimento n\u00ba 213 de 2026","link_detail_backend":"/materia/2515","metadata":{},"numero":213,"ano":2026,"numero_protocolo":null,"data_apresentacao":"2026-04-22","tipo_apresentacao":"E","data_publicacao":null,"numero_origem_externa":"","ano_origem_externa":null,"data_origem_externa":null,"apelido":"","dias_prazo":null,"data_fim_prazo":null,"em_tramitacao":true,"polemica":false,"objeto":"","complementar":false,"ementa":"No sentido de que seja organizado um dia espec\u00edfico, de forma peri\u00f3dica, para a realiza\u00e7\u00e3o das marca\u00e7\u00f5es de consultas com especialidades m\u00e9dicas destinadas, exclusivamente, aos moradores da zona rural. Requeiro, ainda, que seja assegurada prioridade no atendimento para idosos, gestantes e pessoas portadoras de defici\u00eancia devidamente comprovada, tanto da zona urbana quanto da zona rural.","indexacao":"","observacao":"","resultado":"","texto_original":null,"data_ultima_atualizacao":"2026-04-22T10:46:35.960846-03:00","ip":"138.121.34.74","ultima_edicao":"2026-04-22T10:45:46.592680-03:00","tipo":2,"regime_tramitacao":1,"tipo_origem_externa":null,"local_origem_externa":null,"user":5,"anexadas":[],"autores":[9]}