{"id":2462,"__str__":"Requerimento n\u00ba 174 de 2026","link_detail_backend":"/materia/2462","metadata":{},"numero":174,"ano":2026,"numero_protocolo":null,"data_apresentacao":"2026-03-24","tipo_apresentacao":"E","data_publicacao":null,"numero_origem_externa":"","ano_origem_externa":null,"data_origem_externa":null,"apelido":"","dias_prazo":null,"data_fim_prazo":null,"em_tramitacao":false,"polemica":false,"objeto":"","complementar":false,"ementa":"No sentindo de que seja feita a pavimenta\u00e7\u00e3o em paralelep\u00edpedos na Rua Projetada da Vila Rangel, com in\u00edcio na casa de \u2018Vaninha\u2019 at\u00e9 a casa de \u2018F\u00e1tima\u2019. (C\u00f3digo de Logradouro: 529).","indexacao":"","observacao":"","resultado":"","texto_original":null,"data_ultima_atualizacao":"2026-03-31T14:50:04.163586-03:00","ip":"138.121.34.74","ultima_edicao":"2026-03-24T10:26:53.330681-03:00","tipo":2,"regime_tramitacao":1,"tipo_origem_externa":null,"local_origem_externa":null,"user":5,"anexadas":[],"autores":[22]}