{"id":2456,"__str__":"Requerimento n\u00ba 168 de 2026","link_detail_backend":"/materia/2456","metadata":{},"numero":168,"ano":2026,"numero_protocolo":null,"data_apresentacao":"2026-03-24","tipo_apresentacao":"E","data_publicacao":null,"numero_origem_externa":"","ano_origem_externa":null,"data_origem_externa":null,"apelido":"","dias_prazo":null,"data_fim_prazo":null,"em_tramitacao":false,"polemica":false,"objeto":"","complementar":false,"ementa":"No sentido de que seja constru\u00edda uma pra\u00e7a ao lado do cal\u00e7amento da Ramada, no centro.","indexacao":"","observacao":"","resultado":"","texto_original":null,"data_ultima_atualizacao":"2026-03-31T14:45:24.138789-03:00","ip":"138.121.34.74","ultima_edicao":"2026-03-24T10:20:36.932501-03:00","tipo":2,"regime_tramitacao":1,"tipo_origem_externa":null,"local_origem_externa":null,"user":5,"anexadas":[],"autores":[1]}