{"id":2426,"__str__":"Projeto de Lei do Legislativo n\u00ba 8 de 2026","link_detail_backend":"/materia/2426","metadata":{},"numero":8,"ano":2026,"numero_protocolo":null,"data_apresentacao":"2026-03-17","tipo_apresentacao":"E","data_publicacao":null,"numero_origem_externa":"","ano_origem_externa":null,"data_origem_externa":null,"apelido":"","dias_prazo":null,"data_fim_prazo":null,"em_tramitacao":false,"polemica":false,"objeto":"","complementar":false,"ementa":"Denomina como \u201cP\u00e1tio da Feira e Eventos Tita Sanfoneiro\u201d, o P\u00e1tio da Feira, onde tamb\u00e9m acontecem os eventos culturais do Munic\u00edpio, localizado pr\u00f3ximo ao pared\u00e3o do a\u00e7ude, no centro deste munic\u00edpio de Riacho das Almas/PE, e d\u00e1 outras provid\u00eancias.","indexacao":"","observacao":"","resultado":"","texto_original":null,"data_ultima_atualizacao":"2026-03-31T14:38:46.149005-03:00","ip":"138.121.34.74","ultima_edicao":"2026-03-17T10:27:32.242850-03:00","tipo":4,"regime_tramitacao":1,"tipo_origem_externa":null,"local_origem_externa":null,"user":5,"anexadas":[],"autores":[22]}