{"id":2421,"__str__":"Requerimento n\u00ba 143 de 2026","link_detail_backend":"/materia/2421","metadata":{},"numero":143,"ano":2026,"numero_protocolo":null,"data_apresentacao":"2026-03-10","tipo_apresentacao":"E","data_publicacao":null,"numero_origem_externa":"","ano_origem_externa":null,"data_origem_externa":null,"apelido":"","dias_prazo":null,"data_fim_prazo":null,"em_tramitacao":false,"polemica":false,"objeto":"","complementar":false,"ementa":"No sentido de que seja feito o cal\u00e7amento do complemento da Rua Manoel Ferreira de Lucena Neto, na Vila Rangel, at\u00e9 a frente da UBS. (C\u00f3digo de logradouro: 370).","indexacao":"","observacao":"","resultado":"","texto_original":null,"data_ultima_atualizacao":"2026-03-17T11:34:10.728158-03:00","ip":"138.121.34.74","ultima_edicao":"2026-03-10T13:10:25.042978-03:00","tipo":2,"regime_tramitacao":1,"tipo_origem_externa":null,"local_origem_externa":null,"user":5,"anexadas":[],"autores":[22]}