{"id":1682,"__str__":"Projeto de Lei do Executivo n\u00ba 6 de 2025","link_detail_backend":"/materia/1682","metadata":{},"numero":6,"ano":2025,"numero_protocolo":null,"data_apresentacao":"2025-01-23","tipo_apresentacao":"E","data_publicacao":null,"numero_origem_externa":"","ano_origem_externa":null,"data_origem_externa":null,"apelido":"","dias_prazo":null,"data_fim_prazo":null,"em_tramitacao":false,"polemica":false,"objeto":"","complementar":false,"ementa":"Disp\u00f5e sobre a cria\u00e7\u00e3o da Guarda Civil Municipal do Munic\u00edpio de Riacho das Almas/PE e d\u00e1 outras provid\u00eancias.","indexacao":"","observacao":"","resultado":"","texto_original":"http://sapl.riachodasalmas.pe.leg.br/media/sapl/public/materialegislativa/2025/1682/ple_2025_006.pdf","data_ultima_atualizacao":"2025-08-12T22:02:24.544551-03:00","ip":"45.228.47.194","ultima_edicao":"2025-02-04T13:07:57.385667-03:00","tipo":3,"regime_tramitacao":2,"tipo_origem_externa":null,"local_origem_externa":null,"user":3,"anexadas":[],"autores":[12]}