{"id":1068,"__str__":"Projeto de Lei do Legislativo n\u00ba 26 de 2021","link_detail_backend":"/materia/1068","metadata":{},"numero":26,"ano":2021,"numero_protocolo":null,"data_apresentacao":"2021-08-05","tipo_apresentacao":"","data_publicacao":null,"numero_origem_externa":"","ano_origem_externa":null,"data_origem_externa":null,"apelido":"","dias_prazo":null,"data_fim_prazo":null,"em_tramitacao":false,"polemica":false,"objeto":"","complementar":false,"ementa":"Disp\u00f5e sobre a cria\u00e7\u00e3o do ambiente exclusivo ao tratamento da Sa\u00fade Mental.","indexacao":"","observacao":"","resultado":"","texto_original":"http://sapl.riachodasalmas.pe.leg.br/media/sapl/public/materialegislativa/2021/1068/projeto_de_lei_026.2021_do_legislativo_de_autoria_do_vereador_gustavo_lucena_que_dispoe_sobre_a_criacao_do_ambiente_exclusivo_ao_tratamento_da_saudemental.pdf","data_ultima_atualizacao":"2025-09-10T12:46:53.700850-03:00","ip":"45.228.47.251","ultima_edicao":"2025-09-10T12:46:53.562447-03:00","tipo":4,"regime_tramitacao":1,"tipo_origem_externa":null,"local_origem_externa":null,"user":23,"anexadas":[],"autores":[5]}